{"id":21968,"date":"2022-10-29T13:06:35","date_gmt":"2022-10-29T12:06:35","guid":{"rendered":"https:\/\/ostrowskatv.pl\/?p=21968"},"modified":"2022-10-29T13:06:44","modified_gmt":"2022-10-29T12:06:44","slug":"rozbil-bmw-i-wpadl-do-rowu-kolo-galerii","status":"publish","type":"post","link":"https:\/\/ostrowskatv.pl\/?p=21968","title":{"rendered":"Rozbi\u0142 BMW i wpad\u0142 do rowu ko\u0142o galerii (zdj\u0119cia)"},"content":{"rendered":"<p><strong>O godzinie 13 na drodze krajowej 25 na wysoko\u015bci galerii Ostrovia dosz\u0142o do wypadku dw\u00f3ch aut osobowych. Dwie osoby poszkodowane zabrano do ostrowskiego szpitala. <\/strong><\/p>\n<p>Kierowca BMW jecha\u0142 lewym pasem w kierunku Kalisza. Nagle z prawego pasa zajecha\u0142 mu drog\u0119 kierowca opla zafiry. W tym momencie opel wpad\u0142 do rowu i wyl\u0105dowa\u0142 na dachu. BMW przejecha\u0142o jeszcze si\u0142\u0105 rozp\u0119du spory odcinek drogi.<\/p>\n<p>Pasa\u017cer w wieku oko\u0142o 80 lat z opla ma podejrzenie z\u0142amania r\u0119ki. Pasa\u017cer w wieku oko\u0142o 60 lat zacz\u0105\u0142 uskar\u017ca\u0107 si\u0119 na og\u00f3lne dolegliwo\u015bci b\u00f3lowe. Karetka na sygna\u0142ach odwioz\u0142a ich do szpitala.<\/p>\n<p>Dw\u00f3m m\u0119\u017cczyznom z BMW nic si\u0119 nie sta\u0142o. Na miejscu pierwszej pomocy udzielali funkcjonariusze z patrolu stra\u017cy granicznej. P\u00f3\u017aniej pojecha\u0142a stra\u017c po\u017carna, karetka i policja.<\/p>\n<p><img loading=\"lazy\" decoding=\"async\" src=\"https:\/\/ostrowskatv.pl\/wp-content\/uploads\/2022\/10\/20221029_132417-01.jpeg\" alt=\"\" width=\"1366\" height=\"582\" class=\"alignnone size-full wp-image-21969\" srcset=\"https:\/\/ostrowskatv.pl\/wp-content\/uploads\/2022\/10\/20221029_132417-01.jpeg 1366w, https:\/\/ostrowskatv.pl\/wp-content\/uploads\/2022\/10\/20221029_132417-01-300x128.jpeg 300w, https:\/\/ostrowskatv.pl\/wp-content\/uploads\/2022\/10\/20221029_132417-01-640x273.jpeg 640w\" sizes=\"auto, (max-width: 1366px) 100vw, 1366px\" \/><\/p>\n<p><img loading=\"lazy\" decoding=\"async\" src=\"https:\/\/ostrowskatv.pl\/wp-content\/uploads\/2022\/10\/20221029_132426-01.jpeg\" alt=\"\" width=\"1366\" height=\"584\" class=\"alignnone size-full wp-image-21970\" srcset=\"https:\/\/ostrowskatv.pl\/wp-content\/uploads\/2022\/10\/20221029_132426-01.jpeg 1366w, https:\/\/ostrowskatv.pl\/wp-content\/uploads\/2022\/10\/20221029_132426-01-300x128.jpeg 300w, https:\/\/ostrowskatv.pl\/wp-content\/uploads\/2022\/10\/20221029_132426-01-640x274.jpeg 640w\" sizes=\"auto, (max-width: 1366px) 100vw, 1366px\" \/><\/p>\n<p><img loading=\"lazy\" decoding=\"async\" src=\"https:\/\/ostrowskatv.pl\/wp-content\/uploads\/2022\/10\/20221029_132450-01.jpeg\" alt=\"\" width=\"1366\" height=\"769\" class=\"alignnone size-full wp-image-21971\" srcset=\"https:\/\/ostrowskatv.pl\/wp-content\/uploads\/2022\/10\/20221029_132450-01.jpeg 1366w, https:\/\/ostrowskatv.pl\/wp-content\/uploads\/2022\/10\/20221029_132450-01-300x169.jpeg 300w, https:\/\/ostrowskatv.pl\/wp-content\/uploads\/2022\/10\/20221029_132450-01-640x360.jpeg 640w\" sizes=\"auto, (max-width: 1366px) 100vw, 1366px\" \/><\/p>\n<p><img loading=\"lazy\" decoding=\"async\" src=\"https:\/\/ostrowskatv.pl\/wp-content\/uploads\/2022\/10\/20221029_132516-01.jpeg\" alt=\"\" width=\"1366\" height=\"769\" class=\"alignnone size-full wp-image-21972\" srcset=\"https:\/\/ostrowskatv.pl\/wp-content\/uploads\/2022\/10\/20221029_132516-01.jpeg 1366w, https:\/\/ostrowskatv.pl\/wp-content\/uploads\/2022\/10\/20221029_132516-01-300x169.jpeg 300w, https:\/\/ostrowskatv.pl\/wp-content\/uploads\/2022\/10\/20221029_132516-01-640x360.jpeg 640w\" sizes=\"auto, (max-width: 1366px) 100vw, 1366px\" \/><\/p>\n<p><img loading=\"lazy\" decoding=\"async\" src=\"https:\/\/ostrowskatv.pl\/wp-content\/uploads\/2022\/10\/20221029_132602-01.jpeg\" alt=\"\" width=\"1366\" height=\"769\" class=\"alignnone size-full wp-image-21973\" srcset=\"https:\/\/ostrowskatv.pl\/wp-content\/uploads\/2022\/10\/20221029_132602-01.jpeg 1366w, https:\/\/ostrowskatv.pl\/wp-content\/uploads\/2022\/10\/20221029_132602-01-300x169.jpeg 300w, https:\/\/ostrowskatv.pl\/wp-content\/uploads\/2022\/10\/20221029_132602-01-640x360.jpeg 640w\" sizes=\"auto, (max-width: 1366px) 100vw, 1366px\" \/><\/p>\n<p><img loading=\"lazy\" decoding=\"async\" src=\"https:\/\/ostrowskatv.pl\/wp-content\/uploads\/2022\/10\/20221029_133140-01.jpeg\" alt=\"\" width=\"1366\" height=\"810\" class=\"alignnone size-full wp-image-21974\" srcset=\"https:\/\/ostrowskatv.pl\/wp-content\/uploads\/2022\/10\/20221029_133140-01.jpeg 1366w, https:\/\/ostrowskatv.pl\/wp-content\/uploads\/2022\/10\/20221029_133140-01-300x178.jpeg 300w, https:\/\/ostrowskatv.pl\/wp-content\/uploads\/2022\/10\/20221029_133140-01-607x360.jpeg 607w\" sizes=\"auto, (max-width: 1366px) 100vw, 1366px\" \/><\/p>\n<p><img loading=\"lazy\" decoding=\"async\" src=\"https:\/\/ostrowskatv.pl\/wp-content\/uploads\/2022\/10\/20221029_133144-01.jpeg\" alt=\"\" width=\"1366\" height=\"769\" class=\"alignnone size-full wp-image-21975\" srcset=\"https:\/\/ostrowskatv.pl\/wp-content\/uploads\/2022\/10\/20221029_133144-01.jpeg 1366w, https:\/\/ostrowskatv.pl\/wp-content\/uploads\/2022\/10\/20221029_133144-01-300x169.jpeg 300w, https:\/\/ostrowskatv.pl\/wp-content\/uploads\/2022\/10\/20221029_133144-01-640x360.jpeg 640w\" sizes=\"auto, (max-width: 1366px) 100vw, 1366px\" \/><\/p>\n<p><img loading=\"lazy\" decoding=\"async\" src=\"https:\/\/ostrowskatv.pl\/wp-content\/uploads\/2022\/10\/20221029_133245-01.jpeg\" alt=\"\" width=\"1366\" height=\"769\" class=\"alignnone size-full wp-image-21976\" srcset=\"https:\/\/ostrowskatv.pl\/wp-content\/uploads\/2022\/10\/20221029_133245-01.jpeg 1366w, https:\/\/ostrowskatv.pl\/wp-content\/uploads\/2022\/10\/20221029_133245-01-300x169.jpeg 300w, https:\/\/ostrowskatv.pl\/wp-content\/uploads\/2022\/10\/20221029_133245-01-640x360.jpeg 640w\" sizes=\"auto, (max-width: 1366px) 100vw, 1366px\" \/><\/p>\n<p><img loading=\"lazy\" decoding=\"async\" src=\"https:\/\/ostrowskatv.pl\/wp-content\/uploads\/2022\/10\/20221029_133821-01.jpeg\" alt=\"\" width=\"769\" height=\"1366\" class=\"alignnone size-full wp-image-21977\" srcset=\"https:\/\/ostrowskatv.pl\/wp-content\/uploads\/2022\/10\/20221029_133821-01.jpeg 769w, https:\/\/ostrowskatv.pl\/wp-content\/uploads\/2022\/10\/20221029_133821-01-169x300.jpeg 169w, https:\/\/ostrowskatv.pl\/wp-content\/uploads\/2022\/10\/20221029_133821-01-203x360.jpeg 203w\" sizes=\"auto, (max-width: 769px) 100vw, 769px\" \/><\/p>\n<p><img loading=\"lazy\" decoding=\"async\" src=\"https:\/\/ostrowskatv.pl\/wp-content\/uploads\/2022\/10\/20221029_133855-01.jpeg\" alt=\"\" width=\"1366\" height=\"802\" class=\"alignnone size-full wp-image-21978\" srcset=\"https:\/\/ostrowskatv.pl\/wp-content\/uploads\/2022\/10\/20221029_133855-01.jpeg 1366w, https:\/\/ostrowskatv.pl\/wp-content\/uploads\/2022\/10\/20221029_133855-01-300x176.jpeg 300w, https:\/\/ostrowskatv.pl\/wp-content\/uploads\/2022\/10\/20221029_133855-01-613x360.jpeg 613w\" sizes=\"auto, (max-width: 1366px) 100vw, 1366px\" \/><\/p>\n<p><img loading=\"lazy\" decoding=\"async\" src=\"https:\/\/ostrowskatv.pl\/wp-content\/uploads\/2022\/10\/20221029_133910-01.jpeg\" alt=\"\" width=\"952\" height=\"1366\" class=\"alignnone size-full wp-image-21979\" srcset=\"https:\/\/ostrowskatv.pl\/wp-content\/uploads\/2022\/10\/20221029_133910-01.jpeg 952w, https:\/\/ostrowskatv.pl\/wp-content\/uploads\/2022\/10\/20221029_133910-01-209x300.jpeg 209w, https:\/\/ostrowskatv.pl\/wp-content\/uploads\/2022\/10\/20221029_133910-01-251x360.jpeg 251w\" sizes=\"auto, (max-width: 952px) 100vw, 952px\" \/><\/p>\n","protected":false},"excerpt":{"rendered":"O godzinie 13 na drodze krajowej 25 na wysoko\u015bci galerii Ostrovia dosz\u0142o do wypadku dw\u00f3ch aut osobowych. Dwie osoby poszkodowane zabrano do ostrowskiego \n<a class=\"moretag\" href=\"https:\/\/ostrowskatv.pl\/?p=21968\"> [...]<\/a>","protected":false},"author":1,"featured_media":21970,"comment_status":"open","ping_status":"closed","sticky":false,"template":"","format":"standard","meta":{"footnotes":""},"categories":[1],"tags":[11],"class_list":["post-21968","post","type-post","status-publish","format-standard","has-post-thumbnail","hentry","category-news","tag-wypadek"],"_links":{"self":[{"href":"https:\/\/ostrowskatv.pl\/index.php?rest_route=\/wp\/v2\/posts\/21968","targetHints":{"allow":["GET"]}}],"collection":[{"href":"https:\/\/ostrowskatv.pl\/index.php?rest_route=\/wp\/v2\/posts"}],"about":[{"href":"https:\/\/ostrowskatv.pl\/index.php?rest_route=\/wp\/v2\/types\/post"}],"author":[{"embeddable":true,"href":"https:\/\/ostrowskatv.pl\/index.php?rest_route=\/wp\/v2\/users\/1"}],"replies":[{"embeddable":true,"href":"https:\/\/ostrowskatv.pl\/index.php?rest_route=%2Fwp%2Fv2%2Fcomments&post=21968"}],"version-history":[{"count":0,"href":"https:\/\/ostrowskatv.pl\/index.php?rest_route=\/wp\/v2\/posts\/21968\/revisions"}],"wp:featuredmedia":[{"embeddable":true,"href":"https:\/\/ostrowskatv.pl\/index.php?rest_route=\/wp\/v2\/media\/21970"}],"wp:attachment":[{"href":"https:\/\/ostrowskatv.pl\/index.php?rest_route=%2Fwp%2Fv2%2Fmedia&parent=21968"}],"wp:term":[{"taxonomy":"category","embeddable":true,"href":"https:\/\/ostrowskatv.pl\/index.php?rest_route=%2Fwp%2Fv2%2Fcategories&post=21968"},{"taxonomy":"post_tag","embeddable":true,"href":"https:\/\/ostrowskatv.pl\/index.php?rest_route=%2Fwp%2Fv2%2Ftags&post=21968"}],"curies":[{"name":"wp","href":"https:\/\/api.w.org\/{rel}","templated":true}]}}