{"id":21963,"date":"2022-10-26T10:42:44","date_gmt":"2022-10-26T09:42:44","guid":{"rendered":"https:\/\/ostrowskatv.pl\/?p=21963"},"modified":"2022-10-26T10:42:44","modified_gmt":"2022-10-26T09:42:44","slug":"wypadek-w-chojniku-zmarl-w-szpitalu","status":"publish","type":"post","link":"https:\/\/ostrowskatv.pl\/?p=21963","title":{"rendered":"Wypadek w Chojniku. Zmar\u0142 w szpitalu"},"content":{"rendered":"<p><strong>Oko\u0142o godziny 11.45 na drodze krajowej nr 25 w miejscowo\u015bci Chojnik (trasa Antonin &#8211; Ole\u015bnica) dosz\u0142o do zderzenia dw\u00f3ch aut osobowych i wjechania w s\u0142upek.<\/strong><\/p>\n<p>68-letni m\u0119\u017cczyzna kieruj\u0105c oplem cors\u0105 z nieustalonych przyczyn zjecha\u0142 na przeciwny pas ruchu, otar\u0142 si\u0119 o jad\u0105cego z przeciwka seata ibiz\u0119, a nast\u0119pnie uderzy\u0142 w przydro\u017cny kraw\u0119dziowy. <\/p>\n<p>M\u0119\u017cczyzna po zdarzeniu by\u0142 p\u00f3\u0142przytomny. Bezpo\u015brednio ze zdarzenia zosta\u0142 zabrany przez karetk\u0119 z Ostrzeszowa i przywieziony na ostrowski SOR. <\/p>\n<p>Z uwagi na objawy urazu w jamie brzusznej zdecydowano si\u0119 na piln\u0105 operacj\u0119. Mieszkaniec powiatu ostrowskiego zmar\u0142 na oddziale intensywnej opieki medycznej.<\/p>\n","protected":false},"excerpt":{"rendered":"Oko\u0142o godziny 11.45 na drodze krajowej nr 25 w miejscowo\u015bci Chojnik (trasa Antonin &#8211; Ole\u015bnica) dosz\u0142o do zderzenia dw\u00f3ch aut osobowych i wjechania \n<a class=\"moretag\" href=\"https:\/\/ostrowskatv.pl\/?p=21963\"> [...]<\/a>","protected":false},"author":1,"featured_media":21964,"comment_status":"open","ping_status":"closed","sticky":false,"template":"","format":"standard","meta":{"footnotes":""},"categories":[1],"tags":[11],"class_list":["post-21963","post","type-post","status-publish","format-standard","has-post-thumbnail","hentry","category-news","tag-wypadek"],"_links":{"self":[{"href":"https:\/\/ostrowskatv.pl\/index.php?rest_route=\/wp\/v2\/posts\/21963","targetHints":{"allow":["GET"]}}],"collection":[{"href":"https:\/\/ostrowskatv.pl\/index.php?rest_route=\/wp\/v2\/posts"}],"about":[{"href":"https:\/\/ostrowskatv.pl\/index.php?rest_route=\/wp\/v2\/types\/post"}],"author":[{"embeddable":true,"href":"https:\/\/ostrowskatv.pl\/index.php?rest_route=\/wp\/v2\/users\/1"}],"replies":[{"embeddable":true,"href":"https:\/\/ostrowskatv.pl\/index.php?rest_route=%2Fwp%2Fv2%2Fcomments&post=21963"}],"version-history":[{"count":0,"href":"https:\/\/ostrowskatv.pl\/index.php?rest_route=\/wp\/v2\/posts\/21963\/revisions"}],"wp:featuredmedia":[{"embeddable":true,"href":"https:\/\/ostrowskatv.pl\/index.php?rest_route=\/wp\/v2\/media\/21964"}],"wp:attachment":[{"href":"https:\/\/ostrowskatv.pl\/index.php?rest_route=%2Fwp%2Fv2%2Fmedia&parent=21963"}],"wp:term":[{"taxonomy":"category","embeddable":true,"href":"https:\/\/ostrowskatv.pl\/index.php?rest_route=%2Fwp%2Fv2%2Fcategories&post=21963"},{"taxonomy":"post_tag","embeddable":true,"href":"https:\/\/ostrowskatv.pl\/index.php?rest_route=%2Fwp%2Fv2%2Ftags&post=21963"}],"curies":[{"name":"wp","href":"https:\/\/api.w.org\/{rel}","templated":true}]}}