{"id":21923,"date":"2022-10-24T17:14:37","date_gmt":"2022-10-24T16:14:37","guid":{"rendered":"https:\/\/ostrowskatv.pl\/?p=21923"},"modified":"2022-10-24T17:14:37","modified_gmt":"2022-10-24T16:14:37","slug":"rowerzysta-oszukal-przeznaczenie-na-rejtana-wideo","status":"publish","type":"post","link":"https:\/\/ostrowskatv.pl\/?p=21923","title":{"rendered":"Rowerzysta oszuka\u0142 przeznaczenie na Rejtana (wideo)"},"content":{"rendered":"<p><strong>Poniedzia\u0142ek m\u00f3g\u0142 si\u0119 zako\u0144czy\u0107 powa\u017cnymi obra\u017ceniami dla rowerzysty, kt\u00f3ry jad\u0105c Rejtana \u015bci\u0105\u0142 na skrzy\u017cowaniu i chcia\u0142 wjecha\u0107 w Traugutta.<\/strong><\/p>\n<p>Nie spodziewa\u0142 si\u0119, \u017ce pojedzie citroenem tamt\u0119dy mieszkanka Sulmierzyc, kt\u00f3ra nie dostrzeg\u0142a znaku ust\u0105p pierwsze\u0144stwa.<\/p>\n<p>Po chwili dosz\u0142o do mocnego zderzenia z peugeotem. Na miejsce wys\u0142ano stra\u017c po\u017carn\u0105, policj\u0119 oraz karetk\u0119. Ostatecznie nikt do szpitala nie pojecha\u0142.<\/p>\n<p><img loading=\"lazy\" decoding=\"async\" src=\"https:\/\/ostrowskatv.pl\/wp-content\/uploads\/2022\/10\/Rejtana2410c.jpg\" alt=\"\" width=\"1536\" height=\"2048\" class=\"alignnone size-full wp-image-21924\" srcset=\"https:\/\/ostrowskatv.pl\/wp-content\/uploads\/2022\/10\/Rejtana2410c.jpg 1536w, https:\/\/ostrowskatv.pl\/wp-content\/uploads\/2022\/10\/Rejtana2410c-225x300.jpg 225w, https:\/\/ostrowskatv.pl\/wp-content\/uploads\/2022\/10\/Rejtana2410c-270x360.jpg 270w, https:\/\/ostrowskatv.pl\/wp-content\/uploads\/2022\/10\/Rejtana2410c-1152x1536.jpg 1152w\" sizes=\"auto, (max-width: 1536px) 100vw, 1536px\" \/><\/p>\n<p><img loading=\"lazy\" decoding=\"async\" src=\"https:\/\/ostrowskatv.pl\/wp-content\/uploads\/2022\/10\/Rejtana2410d.jpg\" alt=\"\" width=\"1024\" height=\"768\" class=\"alignnone size-full wp-image-21925\" srcset=\"https:\/\/ostrowskatv.pl\/wp-content\/uploads\/2022\/10\/Rejtana2410d.jpg 1024w, https:\/\/ostrowskatv.pl\/wp-content\/uploads\/2022\/10\/Rejtana2410d-300x225.jpg 300w, https:\/\/ostrowskatv.pl\/wp-content\/uploads\/2022\/10\/Rejtana2410d-480x360.jpg 480w\" sizes=\"auto, (max-width: 1024px) 100vw, 1024px\" \/><\/p>\n<p><img loading=\"lazy\" decoding=\"async\" src=\"https:\/\/ostrowskatv.pl\/wp-content\/uploads\/2022\/10\/Rejtana2410e.jpg\" alt=\"\" width=\"1024\" height=\"768\" class=\"alignnone size-full wp-image-21926\" srcset=\"https:\/\/ostrowskatv.pl\/wp-content\/uploads\/2022\/10\/Rejtana2410e.jpg 1024w, https:\/\/ostrowskatv.pl\/wp-content\/uploads\/2022\/10\/Rejtana2410e-300x225.jpg 300w, https:\/\/ostrowskatv.pl\/wp-content\/uploads\/2022\/10\/Rejtana2410e-480x360.jpg 480w\" sizes=\"auto, (max-width: 1024px) 100vw, 1024px\" \/><\/p>\n<p><img loading=\"lazy\" decoding=\"async\" src=\"https:\/\/ostrowskatv.pl\/wp-content\/uploads\/2022\/10\/Rejtana2410g.jpg\" alt=\"\" width=\"1024\" height=\"768\" class=\"alignnone size-full wp-image-21927\" srcset=\"https:\/\/ostrowskatv.pl\/wp-content\/uploads\/2022\/10\/Rejtana2410g.jpg 1024w, https:\/\/ostrowskatv.pl\/wp-content\/uploads\/2022\/10\/Rejtana2410g-300x225.jpg 300w, https:\/\/ostrowskatv.pl\/wp-content\/uploads\/2022\/10\/Rejtana2410g-480x360.jpg 480w\" sizes=\"auto, (max-width: 1024px) 100vw, 1024px\" \/><\/p>\n<p><img loading=\"lazy\" decoding=\"async\" src=\"https:\/\/ostrowskatv.pl\/wp-content\/uploads\/2022\/10\/Rejtana2410f.jpg\" alt=\"\" width=\"1024\" height=\"768\" class=\"alignnone size-full wp-image-21928\" srcset=\"https:\/\/ostrowskatv.pl\/wp-content\/uploads\/2022\/10\/Rejtana2410f.jpg 1024w, https:\/\/ostrowskatv.pl\/wp-content\/uploads\/2022\/10\/Rejtana2410f-300x225.jpg 300w, https:\/\/ostrowskatv.pl\/wp-content\/uploads\/2022\/10\/Rejtana2410f-480x360.jpg 480w\" sizes=\"auto, (max-width: 1024px) 100vw, 1024px\" \/><\/p>\n<p><img loading=\"lazy\" decoding=\"async\" src=\"https:\/\/ostrowskatv.pl\/wp-content\/uploads\/2022\/10\/Rejtana2410a-scaled.jpg\" alt=\"\" width=\"2560\" height=\"1441\" class=\"alignnone size-full wp-image-21929\" srcset=\"https:\/\/ostrowskatv.pl\/wp-content\/uploads\/2022\/10\/Rejtana2410a-scaled.jpg 2560w, https:\/\/ostrowskatv.pl\/wp-content\/uploads\/2022\/10\/Rejtana2410a-300x169.jpg 300w, https:\/\/ostrowskatv.pl\/wp-content\/uploads\/2022\/10\/Rejtana2410a-640x360.jpg 640w, https:\/\/ostrowskatv.pl\/wp-content\/uploads\/2022\/10\/Rejtana2410a-1536x865.jpg 1536w, https:\/\/ostrowskatv.pl\/wp-content\/uploads\/2022\/10\/Rejtana2410a-2048x1153.jpg 2048w\" sizes=\"auto, (max-width: 2560px) 100vw, 2560px\" \/><\/p>\n<p><img loading=\"lazy\" decoding=\"async\" src=\"https:\/\/ostrowskatv.pl\/wp-content\/uploads\/2022\/10\/Rejtana2410b-scaled.jpg\" alt=\"\" width=\"2560\" height=\"1441\" class=\"alignnone size-full wp-image-21930\" srcset=\"https:\/\/ostrowskatv.pl\/wp-content\/uploads\/2022\/10\/Rejtana2410b-scaled.jpg 2560w, https:\/\/ostrowskatv.pl\/wp-content\/uploads\/2022\/10\/Rejtana2410b-300x169.jpg 300w, https:\/\/ostrowskatv.pl\/wp-content\/uploads\/2022\/10\/Rejtana2410b-640x360.jpg 640w, https:\/\/ostrowskatv.pl\/wp-content\/uploads\/2022\/10\/Rejtana2410b-1536x865.jpg 1536w, https:\/\/ostrowskatv.pl\/wp-content\/uploads\/2022\/10\/Rejtana2410b-2048x1153.jpg 2048w\" sizes=\"auto, (max-width: 2560px) 100vw, 2560px\" \/><\/p>\n<p><iframe loading=\"lazy\" title=\"Wypadek na Rejtana - 24.10.2022\" width=\"747\" height=\"420\" src=\"https:\/\/www.youtube.com\/embed\/vhV3deUr3JI?feature=oembed\" frameborder=\"0\" allow=\"accelerometer; autoplay; clipboard-write; encrypted-media; gyroscope; picture-in-picture; web-share\" referrerpolicy=\"strict-origin-when-cross-origin\" allowfullscreen><\/iframe><\/p>\n","protected":false},"excerpt":{"rendered":"Poniedzia\u0142ek m\u00f3g\u0142 si\u0119 zako\u0144czy\u0107 powa\u017cnymi obra\u017ceniami dla rowerzysty, kt\u00f3ry jad\u0105c Rejtana \u015bci\u0105\u0142 na skrzy\u017cowaniu i chcia\u0142 wjecha\u0107 w Traugutta. Nie spodziewa\u0142 si\u0119, \u017ce \n<a class=\"moretag\" href=\"https:\/\/ostrowskatv.pl\/?p=21923\"> [...]<\/a>","protected":false},"author":1,"featured_media":21932,"comment_status":"open","ping_status":"closed","sticky":false,"template":"","format":"standard","meta":{"footnotes":""},"categories":[1],"tags":[11],"class_list":["post-21923","post","type-post","status-publish","format-standard","has-post-thumbnail","hentry","category-news","tag-wypadek"],"_links":{"self":[{"href":"https:\/\/ostrowskatv.pl\/index.php?rest_route=\/wp\/v2\/posts\/21923","targetHints":{"allow":["GET"]}}],"collection":[{"href":"https:\/\/ostrowskatv.pl\/index.php?rest_route=\/wp\/v2\/posts"}],"about":[{"href":"https:\/\/ostrowskatv.pl\/index.php?rest_route=\/wp\/v2\/types\/post"}],"author":[{"embeddable":true,"href":"https:\/\/ostrowskatv.pl\/index.php?rest_route=\/wp\/v2\/users\/1"}],"replies":[{"embeddable":true,"href":"https:\/\/ostrowskatv.pl\/index.php?rest_route=%2Fwp%2Fv2%2Fcomments&post=21923"}],"version-history":[{"count":0,"href":"https:\/\/ostrowskatv.pl\/index.php?rest_route=\/wp\/v2\/posts\/21923\/revisions"}],"wp:featuredmedia":[{"embeddable":true,"href":"https:\/\/ostrowskatv.pl\/index.php?rest_route=\/wp\/v2\/media\/21932"}],"wp:attachment":[{"href":"https:\/\/ostrowskatv.pl\/index.php?rest_route=%2Fwp%2Fv2%2Fmedia&parent=21923"}],"wp:term":[{"taxonomy":"category","embeddable":true,"href":"https:\/\/ostrowskatv.pl\/index.php?rest_route=%2Fwp%2Fv2%2Fcategories&post=21923"},{"taxonomy":"post_tag","embeddable":true,"href":"https:\/\/ostrowskatv.pl\/index.php?rest_route=%2Fwp%2Fv2%2Ftags&post=21923"}],"curies":[{"name":"wp","href":"https:\/\/api.w.org\/{rel}","templated":true}]}}