{"id":21912,"date":"2022-10-24T05:51:49","date_gmt":"2022-10-24T04:51:49","guid":{"rendered":"https:\/\/ostrowskatv.pl\/?p=21912"},"modified":"2022-10-24T05:51:49","modified_gmt":"2022-10-24T04:51:49","slug":"wypadek-w-tarchalach-wlk","status":"publish","type":"post","link":"https:\/\/ostrowskatv.pl\/?p=21912","title":{"rendered":"Wypadek w Tarcha\u0142ach Wlk."},"content":{"rendered":"<p>W niedziel\u0119 po godzinie 20 dosz\u0142o do wypadku z udzia\u0142em dw\u00f3ch aut osobowych. Zderzy\u0142y si\u0119 pomi\u0119dzy Ostrowem Wielkopolskim a Odolanowem, na skrzy\u017cowaniu w Tarcha\u0142ach Wielkich. <\/p>\n<p>Kierowca seata wyjecha\u0142 z ulicy Szkolnej i wymuszaj\u0105c pierwsze\u0144stwo uderzy\u0142 w peugeota jad\u0105cego z kierunku Odolanowa. <\/p>\n<p>Na miejsce wys\u0142ano stra\u017c po\u017carn\u0105, karetk\u0119 pogotowia ratunkowego oraz policj\u0119. Pierwsi dojechali ochotnicy z miejscowej jednostki. Zabezpieczyli teren zdarzenia i przyst\u0105pili do udzielania pierwszej pomocy kierowcy seata.<\/p>\n<p>Ostatecznie zabra\u0142a go karetka do szpitala. Nie by\u0142o wida\u0107 by dozna\u0142 powa\u017cniejszych obra\u017ce\u0144.<\/p>\n<p><img loading=\"lazy\" decoding=\"async\" src=\"https:\/\/ostrowskatv.pl\/wp-content\/uploads\/2022\/10\/Tarch1a.jpeg\" alt=\"\" width=\"1182\" height=\"785\" class=\"alignnone size-full wp-image-21913\" srcset=\"https:\/\/ostrowskatv.pl\/wp-content\/uploads\/2022\/10\/Tarch1a.jpeg 1182w, https:\/\/ostrowskatv.pl\/wp-content\/uploads\/2022\/10\/Tarch1a-300x199.jpeg 300w, https:\/\/ostrowskatv.pl\/wp-content\/uploads\/2022\/10\/Tarch1a-542x360.jpeg 542w\" sizes=\"auto, (max-width: 1182px) 100vw, 1182px\" \/><\/p>\n<p><img loading=\"lazy\" decoding=\"async\" src=\"https:\/\/ostrowskatv.pl\/wp-content\/uploads\/2022\/10\/Tarch1b.jpeg\" alt=\"\" width=\"1024\" height=\"578\" class=\"alignnone size-full wp-image-21914\" srcset=\"https:\/\/ostrowskatv.pl\/wp-content\/uploads\/2022\/10\/Tarch1b.jpeg 1024w, https:\/\/ostrowskatv.pl\/wp-content\/uploads\/2022\/10\/Tarch1b-300x169.jpeg 300w, https:\/\/ostrowskatv.pl\/wp-content\/uploads\/2022\/10\/Tarch1b-638x360.jpeg 638w, https:\/\/ostrowskatv.pl\/wp-content\/uploads\/2022\/10\/Tarch1b-388x220.jpeg 388w\" sizes=\"auto, (max-width: 1024px) 100vw, 1024px\" \/><\/p>\n<p><img loading=\"lazy\" decoding=\"async\" src=\"https:\/\/ostrowskatv.pl\/wp-content\/uploads\/2022\/10\/Tarch1c.jpeg\" alt=\"\" width=\"1366\" height=\"1025\" class=\"alignnone size-full wp-image-21915\" srcset=\"https:\/\/ostrowskatv.pl\/wp-content\/uploads\/2022\/10\/Tarch1c.jpeg 1366w, https:\/\/ostrowskatv.pl\/wp-content\/uploads\/2022\/10\/Tarch1c-300x225.jpeg 300w, https:\/\/ostrowskatv.pl\/wp-content\/uploads\/2022\/10\/Tarch1c-480x360.jpeg 480w\" sizes=\"auto, (max-width: 1366px) 100vw, 1366px\" \/><\/p>\n<p><img loading=\"lazy\" decoding=\"async\" src=\"https:\/\/ostrowskatv.pl\/wp-content\/uploads\/2022\/10\/Tarch1d.jpeg\" alt=\"\" width=\"1366\" height=\"749\" class=\"alignnone size-full wp-image-21916\" srcset=\"https:\/\/ostrowskatv.pl\/wp-content\/uploads\/2022\/10\/Tarch1d.jpeg 1366w, https:\/\/ostrowskatv.pl\/wp-content\/uploads\/2022\/10\/Tarch1d-300x164.jpeg 300w, https:\/\/ostrowskatv.pl\/wp-content\/uploads\/2022\/10\/Tarch1d-640x351.jpeg 640w\" sizes=\"auto, (max-width: 1366px) 100vw, 1366px\" \/><\/p>\n<p><img loading=\"lazy\" decoding=\"async\" src=\"https:\/\/ostrowskatv.pl\/wp-content\/uploads\/2022\/10\/Tarch1e.jpeg\" alt=\"\" width=\"1365\" height=\"947\" class=\"alignnone size-full wp-image-21917\" srcset=\"https:\/\/ostrowskatv.pl\/wp-content\/uploads\/2022\/10\/Tarch1e.jpeg 1365w, https:\/\/ostrowskatv.pl\/wp-content\/uploads\/2022\/10\/Tarch1e-300x208.jpeg 300w, https:\/\/ostrowskatv.pl\/wp-content\/uploads\/2022\/10\/Tarch1e-519x360.jpeg 519w\" sizes=\"auto, (max-width: 1365px) 100vw, 1365px\" \/><\/p>\n<p><img loading=\"lazy\" decoding=\"async\" src=\"https:\/\/ostrowskatv.pl\/wp-content\/uploads\/2022\/10\/Tarch1f.jpeg\" alt=\"\" width=\"772\" height=\"533\" class=\"alignnone size-full wp-image-21918\" srcset=\"https:\/\/ostrowskatv.pl\/wp-content\/uploads\/2022\/10\/Tarch1f.jpeg 772w, https:\/\/ostrowskatv.pl\/wp-content\/uploads\/2022\/10\/Tarch1f-300x207.jpeg 300w, https:\/\/ostrowskatv.pl\/wp-content\/uploads\/2022\/10\/Tarch1f-521x360.jpeg 521w\" sizes=\"auto, (max-width: 772px) 100vw, 772px\" \/><\/p>\n<p><img loading=\"lazy\" decoding=\"async\" src=\"https:\/\/ostrowskatv.pl\/wp-content\/uploads\/2022\/10\/Tarch1g.jpeg\" alt=\"\" width=\"1366\" height=\"1025\" class=\"alignnone size-full wp-image-21919\" srcset=\"https:\/\/ostrowskatv.pl\/wp-content\/uploads\/2022\/10\/Tarch1g.jpeg 1366w, https:\/\/ostrowskatv.pl\/wp-content\/uploads\/2022\/10\/Tarch1g-300x225.jpeg 300w, https:\/\/ostrowskatv.pl\/wp-content\/uploads\/2022\/10\/Tarch1g-480x360.jpeg 480w\" sizes=\"auto, (max-width: 1366px) 100vw, 1366px\" \/><\/p>\n<p><img loading=\"lazy\" decoding=\"async\" src=\"https:\/\/ostrowskatv.pl\/wp-content\/uploads\/2022\/10\/Tarch1h.jpeg\" alt=\"\" width=\"1366\" height=\"890\" class=\"alignnone size-full wp-image-21920\" srcset=\"https:\/\/ostrowskatv.pl\/wp-content\/uploads\/2022\/10\/Tarch1h.jpeg 1366w, https:\/\/ostrowskatv.pl\/wp-content\/uploads\/2022\/10\/Tarch1h-300x195.jpeg 300w, https:\/\/ostrowskatv.pl\/wp-content\/uploads\/2022\/10\/Tarch1h-553x360.jpeg 553w\" sizes=\"auto, (max-width: 1366px) 100vw, 1366px\" \/><\/p>\n<p><img loading=\"lazy\" decoding=\"async\" src=\"https:\/\/ostrowskatv.pl\/wp-content\/uploads\/2022\/10\/Tarch1i.jpeg\" alt=\"\" width=\"1366\" height=\"1025\" class=\"alignnone size-full wp-image-21921\" srcset=\"https:\/\/ostrowskatv.pl\/wp-content\/uploads\/2022\/10\/Tarch1i.jpeg 1366w, https:\/\/ostrowskatv.pl\/wp-content\/uploads\/2022\/10\/Tarch1i-300x225.jpeg 300w, https:\/\/ostrowskatv.pl\/wp-content\/uploads\/2022\/10\/Tarch1i-480x360.jpeg 480w\" sizes=\"auto, (max-width: 1366px) 100vw, 1366px\" \/><\/p>\n","protected":false},"excerpt":{"rendered":"W niedziel\u0119 po godzinie 20 dosz\u0142o do wypadku z udzia\u0142em dw\u00f3ch aut osobowych. Zderzy\u0142y si\u0119 pomi\u0119dzy Ostrowem Wielkopolskim a Odolanowem, na skrzy\u017cowaniu w \n<a class=\"moretag\" href=\"https:\/\/ostrowskatv.pl\/?p=21912\"> [...]<\/a>","protected":false},"author":1,"featured_media":21920,"comment_status":"open","ping_status":"closed","sticky":false,"template":"","format":"standard","meta":{"footnotes":""},"categories":[1],"tags":[127],"class_list":["post-21912","post","type-post","status-publish","format-standard","has-post-thumbnail","hentry","category-news","tag-tarchaly-wielkie"],"_links":{"self":[{"href":"https:\/\/ostrowskatv.pl\/index.php?rest_route=\/wp\/v2\/posts\/21912","targetHints":{"allow":["GET"]}}],"collection":[{"href":"https:\/\/ostrowskatv.pl\/index.php?rest_route=\/wp\/v2\/posts"}],"about":[{"href":"https:\/\/ostrowskatv.pl\/index.php?rest_route=\/wp\/v2\/types\/post"}],"author":[{"embeddable":true,"href":"https:\/\/ostrowskatv.pl\/index.php?rest_route=\/wp\/v2\/users\/1"}],"replies":[{"embeddable":true,"href":"https:\/\/ostrowskatv.pl\/index.php?rest_route=%2Fwp%2Fv2%2Fcomments&post=21912"}],"version-history":[{"count":0,"href":"https:\/\/ostrowskatv.pl\/index.php?rest_route=\/wp\/v2\/posts\/21912\/revisions"}],"wp:featuredmedia":[{"embeddable":true,"href":"https:\/\/ostrowskatv.pl\/index.php?rest_route=\/wp\/v2\/media\/21920"}],"wp:attachment":[{"href":"https:\/\/ostrowskatv.pl\/index.php?rest_route=%2Fwp%2Fv2%2Fmedia&parent=21912"}],"wp:term":[{"taxonomy":"category","embeddable":true,"href":"https:\/\/ostrowskatv.pl\/index.php?rest_route=%2Fwp%2Fv2%2Fcategories&post=21912"},{"taxonomy":"post_tag","embeddable":true,"href":"https:\/\/ostrowskatv.pl\/index.php?rest_route=%2Fwp%2Fv2%2Ftags&post=21912"}],"curies":[{"name":"wp","href":"https:\/\/api.w.org\/{rel}","templated":true}]}}