{"id":2182,"date":"2016-09-15T09:05:43","date_gmt":"2016-09-15T08:05:43","guid":{"rendered":"http:\/\/ostrowska.tv\/?p=2182"},"modified":"2016-09-15T10:30:59","modified_gmt":"2016-09-15T09:30:59","slug":"kontrowersyjna-zachcianka-stowarzyszenia-rowerzystow","status":"publish","type":"post","link":"https:\/\/ostrowskatv.pl\/?p=2182","title":{"rendered":"Kontrowersyjna zachcianka stowarzyszenia rowerzyst\u00f3w"},"content":{"rendered":"<p><strong>Stowarzyszenie Re-ewolucja wymusi\u0142o na dyrektorze Miejskiego Zarz\u0105du Dr\u00f3g przeprowadzenie prac modernizacyjnych na \u015bcie\u017cce rowerowej wzd\u0142u\u017c ulicy Strzeleckiej w Ostrowie Wlkp. Decyzja ta wywo\u0142uje du\u017ce kontrowersje w\u015br\u00f3d okolicznych mieszka\u0144c\u00f3w, a tak\u017ce napotkanych rowerzyst\u00f3w.<\/strong><\/p>\n<p>Marcin Wieruchowski z MZD poinformowa\u0142, \u017ce na odcinku od ul. Led\u00f3chowskiego do Jankowskiego &#8222;usuwane s\u0105 bariery architektoniczne&#8221;. \u015acie\u017cka rowerowa, zgodnie z wynikami audytu przeprowadzonego przez specjalist\u0119, powinna zosta\u0107 zmodernizowana. Konkretnie chodzi o odcinki, b\u0119d\u0105ce wjazdami do posesji, kt\u00f3re s\u0105 obecnie wykonane z kostki brukowej. Ca\u0142o\u015b\u0107 b\u0119dzie wykonana z asfaltu.<\/p>\n<p>Drogowcy usuwaj\u0105 kostk\u0119, wylewaj\u0105 asfalt, a zbulwersowani mieszka\u0144cy pytaj\u0105 si\u0119 kto za to zap\u0142aci? Oczywi\u015bcie zap\u0142ac\u0105 podatnicy i trudno nie odnie\u015b\u0107 wra\u017cenia, \u017ce by\u0142a to zachcianka przedstawicieli stowarzyszenia Re-ewolucja. Kostka na tym odcinku jest g\u0142adka i nie ma \u017cadnych nier\u00f3wno\u015bci pomi\u0119dzy cz\u0119\u015bci\u0105 asfaltow\u0105, a ni\u0105.<br \/>\nMo\u017cna by w ramach wspomnianej zachcianki wprowadzi\u0107 &#8222;\u015bwiatowy&#8221; standard \u015bcie\u017cek, gdyby w Ostrowie Wlkp. nie by\u0142o ju\u017c ulic, kt\u00f3re nie s\u0105 utwardzone, a po deszczu mieszka\u0144cy brodz\u0105 w b\u0142ocie. No ale pan dyrektor MZD Marcin Wieruchowski podobno osobi\u015bcie jecha\u0142 rowerem tym odcinkiem i nie widzia\u0142 bezsensowno\u015bci w wydaniu pieni\u0119dzy na ten cel.<\/p>\n<p>Mo\u017ce jeszcze gdyby stowarzyszenie Re-ewolucja z w\u0142asnych \u015brodk\u00f3w wyremontowa\u0142o ten odcinek, mo\u017cna by przemilcze\u0107 to dzia\u0142anie. Ale publiczne \u015brodki wydane na zachciank\u0119 grupki os\u00f3b zdaje si\u0119 nie by\u0107 trafionym pomys\u0142em.<\/p>\n<p>Zosta\u0142 r\u00f3wnie\u017c zapytany o zdanie rowerzysta przeje\u017cd\u017caj\u0105cy wys\u0142u\u017conym rowerem, bez amortyzator\u00f3w. W ko\u0144cu kto jak nie on m\u00f3g\u0142by odczuwa\u0107 ewentualn\u0105 niedoskona\u0142o\u015b\u0107 dotychczasowej \u015bcie\u017cki rowerowej. M\u0119\u017cczyzna stwierdzi\u0142, \u017ce bardzo dobrze mu si\u0119 jecha\u0142o, a nawet lepiej po kostce. &#8222;Asfalt pop\u0119ka, porobi\u0105 si\u0119 wybrzuszenia od korzeni pobliskich drzew.&#8221; &#8211; doda\u0142<\/p>\n<p>Z tymi wybrzuszeniami faktycznie jest problem, widoczny m.in. wzd\u0142u\u017c ulicy Pi\u0142sudskiego na wysoko\u015bci stadionu miejskiego. Po\u0142o\u017cono tam asfalt dla rowerzyst\u00f3w i jest ju\u017c pofa\u0142dowany. Oczywi\u015bcie nie jest to inwestycja pierwszej potrzeby.<\/p>\n<p>Tak wi\u0119c zdaje si\u0119, \u017ce stowarzyszenie Re-ewolucja zatraci\u0142o si\u0119 we w\u0142asnej filozofii, \u017ce ju\u017c nawet dobre \u015bcie\u017cki chc\u0105 remontowa\u0107. Oczywi\u015bcie zachcianki mo\u017cna mie\u0107 r\u00f3\u017cnorakie. Jednak to dyrektor MZD powinien swoim do\u015bwiadczeniem i racjonalnym podej\u015bciem wybi\u0107 im ten pomys\u0142 z g\u0142owy. Okoliczny mieszkaniec stwierdzi\u0142, \u017ce na miejscu pani prezydent Klimek ju\u017c dawno by go zwolni\u0142.<\/p>\n<div id='gallery-1' class='gallery galleryid-2182 gallery-columns-3 gallery-size-thumbnail'><figure class='gallery-item'>\n\t\t\t<div class='gallery-icon landscape'>\n\t\t\t\t<a href='https:\/\/ostrowskatv.pl\/?attachment_id=2187'><img loading=\"lazy\" decoding=\"async\" width=\"150\" height=\"150\" src=\"https:\/\/ostrowskatv.pl\/wp-content\/uploads\/2016\/09\/20160915_090248-150x150.jpg\" class=\"attachment-thumbnail size-thumbnail\" alt=\"\" \/><\/a>\n\t\t\t<\/div><\/figure><figure class='gallery-item'>\n\t\t\t<div class='gallery-icon landscape'>\n\t\t\t\t<a href='https:\/\/ostrowskatv.pl\/?attachment_id=2186'><img loading=\"lazy\" decoding=\"async\" width=\"150\" height=\"150\" src=\"https:\/\/ostrowskatv.pl\/wp-content\/uploads\/2016\/09\/20160915_084354-150x150.jpg\" class=\"attachment-thumbnail size-thumbnail\" alt=\"\" \/><\/a>\n\t\t\t<\/div><\/figure><figure class='gallery-item'>\n\t\t\t<div class='gallery-icon landscape'>\n\t\t\t\t<a href='https:\/\/ostrowskatv.pl\/?attachment_id=2185'><img loading=\"lazy\" decoding=\"async\" width=\"150\" height=\"150\" src=\"https:\/\/ostrowskatv.pl\/wp-content\/uploads\/2016\/09\/20160915_084339-150x150.jpg\" class=\"attachment-thumbnail size-thumbnail\" alt=\"\" \/><\/a>\n\t\t\t<\/div><\/figure><figure class='gallery-item'>\n\t\t\t<div class='gallery-icon landscape'>\n\t\t\t\t<a href='https:\/\/ostrowskatv.pl\/?attachment_id=2184'><img loading=\"lazy\" decoding=\"async\" width=\"150\" height=\"150\" src=\"https:\/\/ostrowskatv.pl\/wp-content\/uploads\/2016\/09\/20160915_084331-150x150.jpg\" class=\"attachment-thumbnail size-thumbnail\" alt=\"\" \/><\/a>\n\t\t\t<\/div><\/figure><figure class='gallery-item'>\n\t\t\t<div class='gallery-icon landscape'>\n\t\t\t\t<a href='https:\/\/ostrowskatv.pl\/?attachment_id=2183'><img loading=\"lazy\" decoding=\"async\" width=\"150\" height=\"150\" src=\"https:\/\/ostrowskatv.pl\/wp-content\/uploads\/2016\/09\/20160915_084324-150x150.jpg\" class=\"attachment-thumbnail size-thumbnail\" alt=\"\" \/><\/a>\n\t\t\t<\/div><\/figure>\n\t\t<\/div>\n\n","protected":false},"excerpt":{"rendered":"Stowarzyszenie Re-ewolucja wymusi\u0142o na dyrektorze Miejskiego Zarz\u0105du Dr\u00f3g przeprowadzenie prac modernizacyjnych na \u015bcie\u017cce rowerowej wzd\u0142u\u017c ulicy Strzeleckiej w Ostrowie Wlkp. Decyzja ta wywo\u0142uje \n<a class=\"moretag\" href=\"https:\/\/ostrowskatv.pl\/?p=2182\"> [...]<\/a>","protected":false},"author":1,"featured_media":2183,"comment_status":"open","ping_status":"open","sticky":false,"template":"","format":"standard","meta":{"footnotes":""},"categories":[1],"tags":[2],"class_list":["post-2182","post","type-post","status-publish","format-standard","has-post-thumbnail","hentry","category-news","tag-ostrow-wielkopolski"],"_links":{"self":[{"href":"https:\/\/ostrowskatv.pl\/index.php?rest_route=\/wp\/v2\/posts\/2182","targetHints":{"allow":["GET"]}}],"collection":[{"href":"https:\/\/ostrowskatv.pl\/index.php?rest_route=\/wp\/v2\/posts"}],"about":[{"href":"https:\/\/ostrowskatv.pl\/index.php?rest_route=\/wp\/v2\/types\/post"}],"author":[{"embeddable":true,"href":"https:\/\/ostrowskatv.pl\/index.php?rest_route=\/wp\/v2\/users\/1"}],"replies":[{"embeddable":true,"href":"https:\/\/ostrowskatv.pl\/index.php?rest_route=%2Fwp%2Fv2%2Fcomments&post=2182"}],"version-history":[{"count":0,"href":"https:\/\/ostrowskatv.pl\/index.php?rest_route=\/wp\/v2\/posts\/2182\/revisions"}],"wp:featuredmedia":[{"embeddable":true,"href":"https:\/\/ostrowskatv.pl\/index.php?rest_route=\/wp\/v2\/media\/2183"}],"wp:attachment":[{"href":"https:\/\/ostrowskatv.pl\/index.php?rest_route=%2Fwp%2Fv2%2Fmedia&parent=2182"}],"wp:term":[{"taxonomy":"category","embeddable":true,"href":"https:\/\/ostrowskatv.pl\/index.php?rest_route=%2Fwp%2Fv2%2Fcategories&post=2182"},{"taxonomy":"post_tag","embeddable":true,"href":"https:\/\/ostrowskatv.pl\/index.php?rest_route=%2Fwp%2Fv2%2Ftags&post=2182"}],"curies":[{"name":"wp","href":"https:\/\/api.w.org\/{rel}","templated":true}]}}