{"id":21770,"date":"2022-10-21T16:38:33","date_gmt":"2022-10-21T15:38:33","guid":{"rendered":"https:\/\/ostrowskatv.pl\/?p=21770"},"modified":"2022-10-21T16:38:33","modified_gmt":"2022-10-21T15:38:33","slug":"znowu-zniszczono-tablice-pamieci-z-kontrowersyjnym-prezydentem","status":"publish","type":"post","link":"https:\/\/ostrowskatv.pl\/?p=21770","title":{"rendered":"Znowu zniszczono tablic\u0119 pami\u0119ci z kontrowersyjnym prezydentem"},"content":{"rendered":"<p><strong>W nocy z czwartku na pi\u0105tek dosz\u0142o do kolejnego aktu wandalizmu na budynku Centrum Aktywno\u015bci Lokalnej w Ostrowie Wielkopolskim. Ofiar\u0105 graficiarza pad\u0142a tablica upami\u0119tniaj\u0105ca zmar\u0142ego prezydenta Gda\u0144ska Paw\u0142a Adamowicza.<\/strong><\/p>\n<p>Zamalowanie tablicy sprayem oraz napisanie na elewacji napisu &#8222;Hate 100%&#8221; co oznacza w j\u0119zyku angielskim &#8222;nienawidzi\u0107 100%&#8221;. Dodatkowo pojawi\u0142 si\u0119 krzy\u017c celtycki. Obok znajduj\u0105 si\u0119 napisy na parapecie, ale nie wiadomo czy maj\u0105 zwi\u0105zek z wy\u017cej opisanym aktem wandalizmu.<\/p>\n<p>Policja b\u0119dzie sprawdza\u0107 zapisy monitoring\u00f3w i typowa\u0107 sprawc\u0119.<\/p>\n<p><img loading=\"lazy\" decoding=\"async\" src=\"https:\/\/ostrowskatv.pl\/wp-content\/uploads\/2022\/10\/20221021_135332-01.jpeg\" alt=\"\" width=\"1366\" height=\"1025\" class=\"alignnone size-full wp-image-21772\" srcset=\"https:\/\/ostrowskatv.pl\/wp-content\/uploads\/2022\/10\/20221021_135332-01.jpeg 1366w, https:\/\/ostrowskatv.pl\/wp-content\/uploads\/2022\/10\/20221021_135332-01-300x225.jpeg 300w, https:\/\/ostrowskatv.pl\/wp-content\/uploads\/2022\/10\/20221021_135332-01-480x360.jpeg 480w\" sizes=\"auto, (max-width: 1366px) 100vw, 1366px\" \/><\/p>\n<p><img loading=\"lazy\" decoding=\"async\" src=\"https:\/\/ostrowskatv.pl\/wp-content\/uploads\/2022\/10\/20221021_135329-01.jpeg\" alt=\"\" width=\"1366\" height=\"1025\" class=\"alignnone size-full wp-image-21773\" srcset=\"https:\/\/ostrowskatv.pl\/wp-content\/uploads\/2022\/10\/20221021_135329-01.jpeg 1366w, https:\/\/ostrowskatv.pl\/wp-content\/uploads\/2022\/10\/20221021_135329-01-300x225.jpeg 300w, https:\/\/ostrowskatv.pl\/wp-content\/uploads\/2022\/10\/20221021_135329-01-480x360.jpeg 480w\" sizes=\"auto, (max-width: 1366px) 100vw, 1366px\" \/><\/p>\n<p><img loading=\"lazy\" decoding=\"async\" src=\"https:\/\/ostrowskatv.pl\/wp-content\/uploads\/2022\/10\/20221021_135316-01.jpeg\" alt=\"\" width=\"1366\" height=\"661\" class=\"alignnone size-full wp-image-21774\" srcset=\"https:\/\/ostrowskatv.pl\/wp-content\/uploads\/2022\/10\/20221021_135316-01.jpeg 1366w, https:\/\/ostrowskatv.pl\/wp-content\/uploads\/2022\/10\/20221021_135316-01-300x145.jpeg 300w, https:\/\/ostrowskatv.pl\/wp-content\/uploads\/2022\/10\/20221021_135316-01-640x310.jpeg 640w\" sizes=\"auto, (max-width: 1366px) 100vw, 1366px\" \/><\/p>\n<p><img loading=\"lazy\" decoding=\"async\" src=\"https:\/\/ostrowskatv.pl\/wp-content\/uploads\/2022\/10\/20221021_135309-01.jpeg\" alt=\"\" width=\"1366\" height=\"443\" class=\"alignnone size-full wp-image-21775\" srcset=\"https:\/\/ostrowskatv.pl\/wp-content\/uploads\/2022\/10\/20221021_135309-01.jpeg 1366w, https:\/\/ostrowskatv.pl\/wp-content\/uploads\/2022\/10\/20221021_135309-01-300x97.jpeg 300w, https:\/\/ostrowskatv.pl\/wp-content\/uploads\/2022\/10\/20221021_135309-01-640x208.jpeg 640w\" sizes=\"auto, (max-width: 1366px) 100vw, 1366px\" \/><\/p>\n<p><img loading=\"lazy\" decoding=\"async\" src=\"https:\/\/ostrowskatv.pl\/wp-content\/uploads\/2022\/10\/20221021_135303-01.jpeg\" alt=\"\" width=\"1365\" height=\"694\" class=\"alignnone size-full wp-image-21776\" srcset=\"https:\/\/ostrowskatv.pl\/wp-content\/uploads\/2022\/10\/20221021_135303-01.jpeg 1365w, https:\/\/ostrowskatv.pl\/wp-content\/uploads\/2022\/10\/20221021_135303-01-300x153.jpeg 300w, https:\/\/ostrowskatv.pl\/wp-content\/uploads\/2022\/10\/20221021_135303-01-640x325.jpeg 640w\" sizes=\"auto, (max-width: 1365px) 100vw, 1365px\" \/><\/p>\n<p><img loading=\"lazy\" decoding=\"async\" src=\"https:\/\/ostrowskatv.pl\/wp-content\/uploads\/2022\/10\/20221021_131750-01.jpeg\" alt=\"\" width=\"1366\" height=\"684\" class=\"alignnone size-full wp-image-21777\" srcset=\"https:\/\/ostrowskatv.pl\/wp-content\/uploads\/2022\/10\/20221021_131750-01.jpeg 1366w, https:\/\/ostrowskatv.pl\/wp-content\/uploads\/2022\/10\/20221021_131750-01-300x150.jpeg 300w, https:\/\/ostrowskatv.pl\/wp-content\/uploads\/2022\/10\/20221021_131750-01-640x320.jpeg 640w\" sizes=\"auto, (max-width: 1366px) 100vw, 1366px\" \/><\/p>\n<p><img loading=\"lazy\" decoding=\"async\" src=\"https:\/\/ostrowskatv.pl\/wp-content\/uploads\/2022\/10\/20221021_131652-01.jpeg\" alt=\"\" width=\"1366\" height=\"989\" class=\"alignnone size-full wp-image-21778\" srcset=\"https:\/\/ostrowskatv.pl\/wp-content\/uploads\/2022\/10\/20221021_131652-01.jpeg 1366w, https:\/\/ostrowskatv.pl\/wp-content\/uploads\/2022\/10\/20221021_131652-01-300x217.jpeg 300w, https:\/\/ostrowskatv.pl\/wp-content\/uploads\/2022\/10\/20221021_131652-01-497x360.jpeg 497w\" sizes=\"auto, (max-width: 1366px) 100vw, 1366px\" \/><\/p>\n<p><img loading=\"lazy\" decoding=\"async\" src=\"https:\/\/ostrowskatv.pl\/wp-content\/uploads\/2022\/10\/20221021_131645-01.jpeg\" alt=\"\" width=\"1365\" height=\"865\" class=\"alignnone size-full wp-image-21779\" srcset=\"https:\/\/ostrowskatv.pl\/wp-content\/uploads\/2022\/10\/20221021_131645-01.jpeg 1365w, https:\/\/ostrowskatv.pl\/wp-content\/uploads\/2022\/10\/20221021_131645-01-300x190.jpeg 300w, https:\/\/ostrowskatv.pl\/wp-content\/uploads\/2022\/10\/20221021_131645-01-568x360.jpeg 568w\" sizes=\"auto, (max-width: 1365px) 100vw, 1365px\" \/><\/p>\n","protected":false},"excerpt":{"rendered":"W nocy z czwartku na pi\u0105tek dosz\u0142o do kolejnego aktu wandalizmu na budynku Centrum Aktywno\u015bci Lokalnej w Ostrowie Wielkopolskim. Ofiar\u0105 graficiarza pad\u0142a tablica \n<a class=\"moretag\" href=\"https:\/\/ostrowskatv.pl\/?p=21770\"> [...]<\/a>","protected":false},"author":1,"featured_media":21779,"comment_status":"open","ping_status":"closed","sticky":false,"template":"","format":"standard","meta":{"footnotes":""},"categories":[1],"tags":[2],"class_list":["post-21770","post","type-post","status-publish","format-standard","has-post-thumbnail","hentry","category-news","tag-ostrow-wielkopolski"],"_links":{"self":[{"href":"https:\/\/ostrowskatv.pl\/index.php?rest_route=\/wp\/v2\/posts\/21770","targetHints":{"allow":["GET"]}}],"collection":[{"href":"https:\/\/ostrowskatv.pl\/index.php?rest_route=\/wp\/v2\/posts"}],"about":[{"href":"https:\/\/ostrowskatv.pl\/index.php?rest_route=\/wp\/v2\/types\/post"}],"author":[{"embeddable":true,"href":"https:\/\/ostrowskatv.pl\/index.php?rest_route=\/wp\/v2\/users\/1"}],"replies":[{"embeddable":true,"href":"https:\/\/ostrowskatv.pl\/index.php?rest_route=%2Fwp%2Fv2%2Fcomments&post=21770"}],"version-history":[{"count":0,"href":"https:\/\/ostrowskatv.pl\/index.php?rest_route=\/wp\/v2\/posts\/21770\/revisions"}],"wp:featuredmedia":[{"embeddable":true,"href":"https:\/\/ostrowskatv.pl\/index.php?rest_route=\/wp\/v2\/media\/21779"}],"wp:attachment":[{"href":"https:\/\/ostrowskatv.pl\/index.php?rest_route=%2Fwp%2Fv2%2Fmedia&parent=21770"}],"wp:term":[{"taxonomy":"category","embeddable":true,"href":"https:\/\/ostrowskatv.pl\/index.php?rest_route=%2Fwp%2Fv2%2Fcategories&post=21770"},{"taxonomy":"post_tag","embeddable":true,"href":"https:\/\/ostrowskatv.pl\/index.php?rest_route=%2Fwp%2Fv2%2Ftags&post=21770"}],"curies":[{"name":"wp","href":"https:\/\/api.w.org\/{rel}","templated":true}]}}