{"id":21765,"date":"2022-10-20T20:38:30","date_gmt":"2022-10-20T19:38:30","guid":{"rendered":"https:\/\/ostrowskatv.pl\/?p=21765"},"modified":"2022-10-21T16:36:11","modified_gmt":"2022-10-21T15:36:11","slug":"3-letnia-dziewczynka-poparzona","status":"publish","type":"post","link":"https:\/\/ostrowskatv.pl\/?p=21765","title":{"rendered":"3-letnia dziewczynka poparzona"},"content":{"rendered":"<p><strong>O godzinie 19 do ostrowskiego szpitala trafi\u0142a 3-letnia dziewczynka z poparzeniami 2. stopnia. Lekarze ocenili, \u017ce ma poparzon\u0105 sk\u00f3r\u0119 na powierzchni 20 procent.<\/strong><\/p>\n<p>Zosta\u0142a przetransportowana \u015bmig\u0142owcem LPR z powiatu koni\u0144skiego. <\/p>\n<p><img loading=\"lazy\" decoding=\"async\" src=\"https:\/\/ostrowskatv.pl\/wp-content\/uploads\/2022\/10\/20221020_192755-01.jpeg\" alt=\"\" width=\"1366\" height=\"807\" class=\"alignnone size-full wp-image-21766\" srcset=\"https:\/\/ostrowskatv.pl\/wp-content\/uploads\/2022\/10\/20221020_192755-01.jpeg 1366w, https:\/\/ostrowskatv.pl\/wp-content\/uploads\/2022\/10\/20221020_192755-01-300x177.jpeg 300w, https:\/\/ostrowskatv.pl\/wp-content\/uploads\/2022\/10\/20221020_192755-01-609x360.jpeg 609w\" sizes=\"auto, (max-width: 1366px) 100vw, 1366px\" \/><\/p>\n<p><img loading=\"lazy\" decoding=\"async\" src=\"https:\/\/ostrowskatv.pl\/wp-content\/uploads\/2022\/10\/20221020_192821-01.jpeg\" alt=\"\" width=\"1366\" height=\"689\" class=\"alignnone size-full wp-image-21767\" srcset=\"https:\/\/ostrowskatv.pl\/wp-content\/uploads\/2022\/10\/20221020_192821-01.jpeg 1366w, https:\/\/ostrowskatv.pl\/wp-content\/uploads\/2022\/10\/20221020_192821-01-300x151.jpeg 300w, https:\/\/ostrowskatv.pl\/wp-content\/uploads\/2022\/10\/20221020_192821-01-640x323.jpeg 640w\" sizes=\"auto, (max-width: 1366px) 100vw, 1366px\" \/><\/p>\n<p><img loading=\"lazy\" decoding=\"async\" src=\"https:\/\/ostrowskatv.pl\/wp-content\/uploads\/2022\/10\/20221020_192833-01.jpeg\" alt=\"\" width=\"1366\" height=\"844\" class=\"alignnone size-full wp-image-21768\" srcset=\"https:\/\/ostrowskatv.pl\/wp-content\/uploads\/2022\/10\/20221020_192833-01.jpeg 1366w, https:\/\/ostrowskatv.pl\/wp-content\/uploads\/2022\/10\/20221020_192833-01-300x185.jpeg 300w, https:\/\/ostrowskatv.pl\/wp-content\/uploads\/2022\/10\/20221020_192833-01-583x360.jpeg 583w\" sizes=\"auto, (max-width: 1366px) 100vw, 1366px\" \/><\/p>\n","protected":false},"excerpt":{"rendered":"O godzinie 19 do ostrowskiego szpitala trafi\u0142a 3-letnia dziewczynka z poparzeniami 2. stopnia. Lekarze ocenili, \u017ce ma poparzon\u0105 sk\u00f3r\u0119 na powierzchni 20 procent. \n<a class=\"moretag\" href=\"https:\/\/ostrowskatv.pl\/?p=21765\"> [...]<\/a>","protected":false},"author":1,"featured_media":21767,"comment_status":"open","ping_status":"closed","sticky":false,"template":"","format":"standard","meta":{"footnotes":""},"categories":[1],"tags":[2],"class_list":["post-21765","post","type-post","status-publish","format-standard","has-post-thumbnail","hentry","category-news","tag-ostrow-wielkopolski"],"_links":{"self":[{"href":"https:\/\/ostrowskatv.pl\/index.php?rest_route=\/wp\/v2\/posts\/21765","targetHints":{"allow":["GET"]}}],"collection":[{"href":"https:\/\/ostrowskatv.pl\/index.php?rest_route=\/wp\/v2\/posts"}],"about":[{"href":"https:\/\/ostrowskatv.pl\/index.php?rest_route=\/wp\/v2\/types\/post"}],"author":[{"embeddable":true,"href":"https:\/\/ostrowskatv.pl\/index.php?rest_route=\/wp\/v2\/users\/1"}],"replies":[{"embeddable":true,"href":"https:\/\/ostrowskatv.pl\/index.php?rest_route=%2Fwp%2Fv2%2Fcomments&post=21765"}],"version-history":[{"count":0,"href":"https:\/\/ostrowskatv.pl\/index.php?rest_route=\/wp\/v2\/posts\/21765\/revisions"}],"wp:featuredmedia":[{"embeddable":true,"href":"https:\/\/ostrowskatv.pl\/index.php?rest_route=\/wp\/v2\/media\/21767"}],"wp:attachment":[{"href":"https:\/\/ostrowskatv.pl\/index.php?rest_route=%2Fwp%2Fv2%2Fmedia&parent=21765"}],"wp:term":[{"taxonomy":"category","embeddable":true,"href":"https:\/\/ostrowskatv.pl\/index.php?rest_route=%2Fwp%2Fv2%2Fcategories&post=21765"},{"taxonomy":"post_tag","embeddable":true,"href":"https:\/\/ostrowskatv.pl\/index.php?rest_route=%2Fwp%2Fv2%2Ftags&post=21765"}],"curies":[{"name":"wp","href":"https:\/\/api.w.org\/{rel}","templated":true}]}}