{"id":2175,"date":"2016-09-13T11:43:28","date_gmt":"2016-09-13T10:43:28","guid":{"rendered":"http:\/\/ostrowska.tv\/?p=2175"},"modified":"2016-09-13T11:43:28","modified_gmt":"2016-09-13T10:43:28","slug":"woz-strazacki-kupiony-z-budzetu-obywatelskiego","status":"publish","type":"post","link":"https:\/\/ostrowskatv.pl\/?p=2175","title":{"rendered":"W\u00f3z stra\u017cacki kupiony z bud\u017cetu obywatelskiego"},"content":{"rendered":"<p><strong>Ochotnicza Stra\u017c Po\u017carna z Ostrowa Wielkopolskiego dzisiejszy dzie\u0144 odnotuje na kartach swojej historii jako wa\u017cne wydarzenie. Ot\u00f3\u017c dzi\u015b uroczy\u015bcie przekazano w\u00f3z ratowniczo-ga\u015bniczy. Jego zakup by\u0142 mo\u017cliwy dzi\u0119ki pieni\u0105dzom z pierwszej edycji Ostrowskiego Bud\u017cetu Obywatelskiego. OSP Ostr\u00f3w zdobywaj\u0105c ponad 1400 g\u0142os\u00f3w uplasowali si\u0119 na trzecim miejscu.<\/strong><\/p>\n<p>Nowy w\u00f3z dla jednostki OSP Ostr\u00f3w Wlkp. to kupiony z zagranicy Renault Manager G270 z o<span class=\"text_exposed_show\">ryginaln\u0105 zabudow\u0105 po\u017carnicza marki Camivia<\/span>. Posiada zbiornik wodny o pojemno\u015bci 3000 litr\u00f3w, co sprawa, \u017ce b\u0119dzie g\u0142\u00f3wnie wykorzystywany do dzia\u0142a\u0144 ga\u015bniczych.<\/p>\n<p><span class=\"text_exposed_show\">Samoch\u00f3d posiada lini\u0119 szybkiego natarcia o d\u0142ugo\u015bci 40 metr\u00f3w na zwijadle elektrycznym, a na pok\u0142ad zabiera 8 stra\u017cak\u00f3w. B\u0119dzie to trzeci w\u00f3z na wyposa\u017ceniu tej jednostki. Stra\u017cacy ochotnicy nie maj\u0105c wozu typowo ga\u015bniczego w zesz\u0142ym roku wyjechali do raptem 16 zdarze\u0144. W latach minionych by\u0142o ich jeszcze mniej. Teraz wierz\u0105, \u017ce statystyka wyjazd\u00f3w si\u0119 zwi\u0119kszy.<br \/>\n<\/span><\/p>\n<p>Przed nimi jeszcze d\u0142uga droga do wpisania do tzw. Krajowego Systemu Ratownictwa Ga\u015bniczego musz\u0105 mie\u0107 aparaty ochrony dr\u00f3g oddechowych (4 sztuki) oraz sprz\u0119t hydrauliczny. Ochotnicy w tegorocznym bud\u017cecie prosz\u0105 mieszka\u0144c\u00f3w o g\u0142osy na zakup w\/w aparat\u00f3w oddechowych.<\/p>\n<div id='gallery-1' class='gallery galleryid-2175 gallery-columns-3 gallery-size-thumbnail'><figure class='gallery-item'>\n\t\t\t<div class='gallery-icon landscape'>\n\t\t\t\t<a href='https:\/\/ostrowskatv.pl\/?attachment_id=2176'><img loading=\"lazy\" decoding=\"async\" width=\"150\" height=\"150\" src=\"https:\/\/ostrowskatv.pl\/wp-content\/uploads\/2016\/09\/20160913_101130-150x150.jpg\" class=\"attachment-thumbnail size-thumbnail\" alt=\"\" \/><\/a>\n\t\t\t<\/div><\/figure><figure class='gallery-item'>\n\t\t\t<div class='gallery-icon landscape'>\n\t\t\t\t<a href='https:\/\/ostrowskatv.pl\/?attachment_id=2177'><img loading=\"lazy\" decoding=\"async\" width=\"150\" height=\"150\" src=\"https:\/\/ostrowskatv.pl\/wp-content\/uploads\/2016\/09\/20160913_101147-150x150.jpg\" class=\"attachment-thumbnail size-thumbnail\" alt=\"\" \/><\/a>\n\t\t\t<\/div><\/figure><figure class='gallery-item'>\n\t\t\t<div class='gallery-icon landscape'>\n\t\t\t\t<a href='https:\/\/ostrowskatv.pl\/?attachment_id=2178'><img loading=\"lazy\" decoding=\"async\" width=\"150\" height=\"150\" src=\"https:\/\/ostrowskatv.pl\/wp-content\/uploads\/2016\/09\/20160913_103838-150x150.jpg\" class=\"attachment-thumbnail size-thumbnail\" alt=\"\" \/><\/a>\n\t\t\t<\/div><\/figure>\n\t\t<\/div>\n\n<div style=\"width: 640px;\" class=\"wp-video\"><video class=\"wp-video-shortcode\" id=\"video-2175-1\" width=\"640\" height=\"360\" preload=\"metadata\" controls=\"controls\"><source type=\"video\/mp4\" src=\"http:\/\/ostrowska.tv\/wp-content\/uploads\/2016\/09\/straz-pozarna-ostrow.mp4?_=1\" \/><a href=\"http:\/\/ostrowska.tv\/wp-content\/uploads\/2016\/09\/straz-pozarna-ostrow.mp4\">http:\/\/ostrowska.tv\/wp-content\/uploads\/2016\/09\/straz-pozarna-ostrow.mp4<\/a><\/video><\/div>\n","protected":false},"excerpt":{"rendered":"Ochotnicza Stra\u017c Po\u017carna z Ostrowa Wielkopolskiego dzisiejszy dzie\u0144 odnotuje na kartach swojej historii jako wa\u017cne wydarzenie. Ot\u00f3\u017c dzi\u015b uroczy\u015bcie przekazano w\u00f3z ratowniczo-ga\u015bniczy. Jego \n<a class=\"moretag\" href=\"https:\/\/ostrowskatv.pl\/?p=2175\"> [...]<\/a>","protected":false},"author":1,"featured_media":2177,"comment_status":"open","ping_status":"open","sticky":false,"template":"","format":"standard","meta":{"footnotes":""},"categories":[1],"tags":[2],"class_list":["post-2175","post","type-post","status-publish","format-standard","has-post-thumbnail","hentry","category-news","tag-ostrow-wielkopolski"],"_links":{"self":[{"href":"https:\/\/ostrowskatv.pl\/index.php?rest_route=\/wp\/v2\/posts\/2175","targetHints":{"allow":["GET"]}}],"collection":[{"href":"https:\/\/ostrowskatv.pl\/index.php?rest_route=\/wp\/v2\/posts"}],"about":[{"href":"https:\/\/ostrowskatv.pl\/index.php?rest_route=\/wp\/v2\/types\/post"}],"author":[{"embeddable":true,"href":"https:\/\/ostrowskatv.pl\/index.php?rest_route=\/wp\/v2\/users\/1"}],"replies":[{"embeddable":true,"href":"https:\/\/ostrowskatv.pl\/index.php?rest_route=%2Fwp%2Fv2%2Fcomments&post=2175"}],"version-history":[{"count":0,"href":"https:\/\/ostrowskatv.pl\/index.php?rest_route=\/wp\/v2\/posts\/2175\/revisions"}],"wp:featuredmedia":[{"embeddable":true,"href":"https:\/\/ostrowskatv.pl\/index.php?rest_route=\/wp\/v2\/media\/2177"}],"wp:attachment":[{"href":"https:\/\/ostrowskatv.pl\/index.php?rest_route=%2Fwp%2Fv2%2Fmedia&parent=2175"}],"wp:term":[{"taxonomy":"category","embeddable":true,"href":"https:\/\/ostrowskatv.pl\/index.php?rest_route=%2Fwp%2Fv2%2Fcategories&post=2175"},{"taxonomy":"post_tag","embeddable":true,"href":"https:\/\/ostrowskatv.pl\/index.php?rest_route=%2Fwp%2Fv2%2Ftags&post=2175"}],"curies":[{"name":"wp","href":"https:\/\/api.w.org\/{rel}","templated":true}]}}