{"id":21694,"date":"2022-10-17T13:14:30","date_gmt":"2022-10-17T12:14:30","guid":{"rendered":"https:\/\/ostrowskatv.pl\/?p=21694"},"modified":"2022-10-17T13:31:08","modified_gmt":"2022-10-17T12:31:08","slug":"splonely-2-osoby","status":"publish","type":"post","link":"https:\/\/ostrowskatv.pl\/?p=21694","title":{"rendered":"Po po\u017carze nie \u017cyj\u0105 dwie osoby"},"content":{"rendered":"<p><strong>O godzinie 12 stra\u017c po\u017carna z Jarocina zosta\u0142a powiadomiona o po\u017carze w domu jednorodzinnym w Witaszycach ko\u0142o Jarocina. Kiedy stra\u017cacy przybyli na miejsce ogie\u0144 by\u0142 zlokalizowany punktowo ko\u0142o pieca.<\/strong><\/p>\n<p>Z budynku wyci\u0105gni\u0119to dwie osoby, 57-letni\u0105 kobiet\u0119 oraz 70-letniego m\u0119\u017cczyzn\u0119. Medycy z uwagi na widoczne plamy opadowe odst\u0105pili od ratowania os\u00f3b. Prawdopodobnie byli nie\u017cywi od oko\u0142o 10 godzin, a \u015bmier\u0107 nast\u0105pi\u0142a najpewniej z powodu zatrucia tlenkiem w\u0119gla.<\/p>\n<p><img loading=\"lazy\" decoding=\"async\" src=\"https:\/\/ostrowskatv.pl\/wp-content\/uploads\/2022\/10\/20221017_134600-01.jpeg\" alt=\"\" width=\"1366\" height=\"832\" class=\"alignnone size-full wp-image-21695\" srcset=\"https:\/\/ostrowskatv.pl\/wp-content\/uploads\/2022\/10\/20221017_134600-01.jpeg 1366w, https:\/\/ostrowskatv.pl\/wp-content\/uploads\/2022\/10\/20221017_134600-01-300x183.jpeg 300w, https:\/\/ostrowskatv.pl\/wp-content\/uploads\/2022\/10\/20221017_134600-01-591x360.jpeg 591w\" sizes=\"auto, (max-width: 1366px) 100vw, 1366px\" \/><\/p>\n<p><img loading=\"lazy\" decoding=\"async\" src=\"https:\/\/ostrowskatv.pl\/wp-content\/uploads\/2022\/10\/20221017_135057-01.jpeg\" alt=\"\" width=\"1366\" height=\"811\" class=\"alignnone size-full wp-image-21696\" srcset=\"https:\/\/ostrowskatv.pl\/wp-content\/uploads\/2022\/10\/20221017_135057-01.jpeg 1366w, https:\/\/ostrowskatv.pl\/wp-content\/uploads\/2022\/10\/20221017_135057-01-300x178.jpeg 300w, https:\/\/ostrowskatv.pl\/wp-content\/uploads\/2022\/10\/20221017_135057-01-606x360.jpeg 606w\" sizes=\"auto, (max-width: 1366px) 100vw, 1366px\" \/><\/p>\n<p><img loading=\"lazy\" decoding=\"async\" src=\"https:\/\/ostrowskatv.pl\/wp-content\/uploads\/2022\/10\/20221017_135609-01.jpeg\" alt=\"\" width=\"1366\" height=\"647\" class=\"alignnone size-full wp-image-21697\" srcset=\"https:\/\/ostrowskatv.pl\/wp-content\/uploads\/2022\/10\/20221017_135609-01.jpeg 1366w, https:\/\/ostrowskatv.pl\/wp-content\/uploads\/2022\/10\/20221017_135609-01-300x142.jpeg 300w, https:\/\/ostrowskatv.pl\/wp-content\/uploads\/2022\/10\/20221017_135609-01-640x303.jpeg 640w\" sizes=\"auto, (max-width: 1366px) 100vw, 1366px\" \/><\/p>\n<p><img loading=\"lazy\" decoding=\"async\" src=\"https:\/\/ostrowskatv.pl\/wp-content\/uploads\/2022\/10\/20221017_135635-01.jpeg\" alt=\"\" width=\"1366\" height=\"784\" class=\"alignnone size-full wp-image-21698\" srcset=\"https:\/\/ostrowskatv.pl\/wp-content\/uploads\/2022\/10\/20221017_135635-01.jpeg 1366w, https:\/\/ostrowskatv.pl\/wp-content\/uploads\/2022\/10\/20221017_135635-01-300x172.jpeg 300w, https:\/\/ostrowskatv.pl\/wp-content\/uploads\/2022\/10\/20221017_135635-01-627x360.jpeg 627w\" sizes=\"auto, (max-width: 1366px) 100vw, 1366px\" \/><\/p>\n<p><img loading=\"lazy\" decoding=\"async\" src=\"https:\/\/ostrowskatv.pl\/wp-content\/uploads\/2022\/10\/20221017_135639-01.jpeg\" alt=\"\" width=\"1366\" height=\"1025\" class=\"alignnone size-full wp-image-21699\" srcset=\"https:\/\/ostrowskatv.pl\/wp-content\/uploads\/2022\/10\/20221017_135639-01.jpeg 1366w, https:\/\/ostrowskatv.pl\/wp-content\/uploads\/2022\/10\/20221017_135639-01-300x225.jpeg 300w, https:\/\/ostrowskatv.pl\/wp-content\/uploads\/2022\/10\/20221017_135639-01-480x360.jpeg 480w\" sizes=\"auto, (max-width: 1366px) 100vw, 1366px\" \/><\/p>\n","protected":false},"excerpt":{"rendered":"O godzinie 12 stra\u017c po\u017carna z Jarocina zosta\u0142a powiadomiona o po\u017carze w domu jednorodzinnym w Witaszycach ko\u0142o Jarocina. Kiedy stra\u017cacy przybyli na miejsce \n<a class=\"moretag\" href=\"https:\/\/ostrowskatv.pl\/?p=21694\"> [...]<\/a>","protected":false},"author":1,"featured_media":21699,"comment_status":"open","ping_status":"closed","sticky":false,"template":"","format":"standard","meta":{"footnotes":""},"categories":[1],"tags":[7],"class_list":["post-21694","post","type-post","status-publish","format-standard","has-post-thumbnail","hentry","category-news","tag-pozar"],"_links":{"self":[{"href":"https:\/\/ostrowskatv.pl\/index.php?rest_route=\/wp\/v2\/posts\/21694","targetHints":{"allow":["GET"]}}],"collection":[{"href":"https:\/\/ostrowskatv.pl\/index.php?rest_route=\/wp\/v2\/posts"}],"about":[{"href":"https:\/\/ostrowskatv.pl\/index.php?rest_route=\/wp\/v2\/types\/post"}],"author":[{"embeddable":true,"href":"https:\/\/ostrowskatv.pl\/index.php?rest_route=\/wp\/v2\/users\/1"}],"replies":[{"embeddable":true,"href":"https:\/\/ostrowskatv.pl\/index.php?rest_route=%2Fwp%2Fv2%2Fcomments&post=21694"}],"version-history":[{"count":0,"href":"https:\/\/ostrowskatv.pl\/index.php?rest_route=\/wp\/v2\/posts\/21694\/revisions"}],"wp:featuredmedia":[{"embeddable":true,"href":"https:\/\/ostrowskatv.pl\/index.php?rest_route=\/wp\/v2\/media\/21699"}],"wp:attachment":[{"href":"https:\/\/ostrowskatv.pl\/index.php?rest_route=%2Fwp%2Fv2%2Fmedia&parent=21694"}],"wp:term":[{"taxonomy":"category","embeddable":true,"href":"https:\/\/ostrowskatv.pl\/index.php?rest_route=%2Fwp%2Fv2%2Fcategories&post=21694"},{"taxonomy":"post_tag","embeddable":true,"href":"https:\/\/ostrowskatv.pl\/index.php?rest_route=%2Fwp%2Fv2%2Ftags&post=21694"}],"curies":[{"name":"wp","href":"https:\/\/api.w.org\/{rel}","templated":true}]}}