{"id":21690,"date":"2022-10-17T11:25:32","date_gmt":"2022-10-17T10:25:32","guid":{"rendered":"https:\/\/ostrowskatv.pl\/?p=21690"},"modified":"2022-10-17T11:25:32","modified_gmt":"2022-10-17T10:25:32","slug":"zderzenie-motocyklisty-i-auta-w-antoninie","status":"publish","type":"post","link":"https:\/\/ostrowskatv.pl\/?p=21690","title":{"rendered":"Zderzenie motocyklisty i auta w Antoninie"},"content":{"rendered":"<p>W niedziel\u0119 kilka minut przed godzin\u0105 18 dosz\u0142o do wypadku w Antoninie z udzia\u0142em motocyklisty i samochodu osobowego. <\/p>\n<p>Wed\u0142ug wst\u0119pnych ustale\u0144 policji kieruj\u0105cy pojazdem marki Honda Rebel z nieustalonych przyczyn zjecha\u0142 na przeciwleg\u0142y pas ruchu i uderzy\u0142 w pojazd marki Ford Focus. <\/p>\n<p>48-letni motocyklista z obra\u017ceniami trafi\u0142 do szpitala. Kieruj\u0105ca samochodem 23-latka by\u0142a trze\u017awa. Od 48-latka pobrano krew do bada\u0144. Zatrzymano mu prawo jazdy.<\/p>\n<p>Do zdarzenia wys\u0142ano stra\u017cak\u00f3w z Antonina, Ostrowa Wielkopolskiego, a nawet Ostrzeszowa. <\/p>\n","protected":false},"excerpt":{"rendered":"W niedziel\u0119 kilka minut przed godzin\u0105 18 dosz\u0142o do wypadku w Antoninie z udzia\u0142em motocyklisty i samochodu osobowego. Wed\u0142ug wst\u0119pnych ustale\u0144 policji kieruj\u0105cy \n<a class=\"moretag\" href=\"https:\/\/ostrowskatv.pl\/?p=21690\"> [...]<\/a>","protected":false},"author":1,"featured_media":21692,"comment_status":"open","ping_status":"closed","sticky":false,"template":"","format":"standard","meta":{"footnotes":""},"categories":[1],"tags":[82],"class_list":["post-21690","post","type-post","status-publish","format-standard","has-post-thumbnail","hentry","category-news","tag-antonin"],"_links":{"self":[{"href":"https:\/\/ostrowskatv.pl\/index.php?rest_route=\/wp\/v2\/posts\/21690","targetHints":{"allow":["GET"]}}],"collection":[{"href":"https:\/\/ostrowskatv.pl\/index.php?rest_route=\/wp\/v2\/posts"}],"about":[{"href":"https:\/\/ostrowskatv.pl\/index.php?rest_route=\/wp\/v2\/types\/post"}],"author":[{"embeddable":true,"href":"https:\/\/ostrowskatv.pl\/index.php?rest_route=\/wp\/v2\/users\/1"}],"replies":[{"embeddable":true,"href":"https:\/\/ostrowskatv.pl\/index.php?rest_route=%2Fwp%2Fv2%2Fcomments&post=21690"}],"version-history":[{"count":0,"href":"https:\/\/ostrowskatv.pl\/index.php?rest_route=\/wp\/v2\/posts\/21690\/revisions"}],"wp:featuredmedia":[{"embeddable":true,"href":"https:\/\/ostrowskatv.pl\/index.php?rest_route=\/wp\/v2\/media\/21692"}],"wp:attachment":[{"href":"https:\/\/ostrowskatv.pl\/index.php?rest_route=%2Fwp%2Fv2%2Fmedia&parent=21690"}],"wp:term":[{"taxonomy":"category","embeddable":true,"href":"https:\/\/ostrowskatv.pl\/index.php?rest_route=%2Fwp%2Fv2%2Fcategories&post=21690"},{"taxonomy":"post_tag","embeddable":true,"href":"https:\/\/ostrowskatv.pl\/index.php?rest_route=%2Fwp%2Fv2%2Ftags&post=21690"}],"curies":[{"name":"wp","href":"https:\/\/api.w.org\/{rel}","templated":true}]}}