{"id":2165,"date":"2016-09-07T10:12:59","date_gmt":"2016-09-07T09:12:59","guid":{"rendered":"http:\/\/ostrowska.tv\/?p=2165"},"modified":"2016-09-07T11:36:19","modified_gmt":"2016-09-07T10:36:19","slug":"starsza-kobieta-potracona-przez-tir-a","status":"publish","type":"post","link":"https:\/\/ostrowskatv.pl\/?p=2165","title":{"rendered":"Starsza kobieta potr\u0105cona przez TIR-a"},"content":{"rendered":"<p><strong>W \u015brod\u0119\u00a0 tu\u017c po godzinie 9:00 dosz\u0142o do potr\u0105cenia oko\u0142o 90-letniej kobiety. Do zdarzenia dosz\u0142o na ul. Pozna\u0144skiej w pobli\u017cu skrzy\u017cowania z ulic\u0105 Dembi\u0144skiego. Wed\u0142ug relacji \u015bwiadk\u00f3w, piesza mia\u0142a wyj\u015b\u0107 zza \u015bmieciarki. W tym samym momencie samoch\u00f3d s\u0142u\u017cb odpowiadaj\u0105cych za czysto\u015b\u0107 w mie\u015bcie by\u0142 wymijany przez samoch\u00f3d ci\u0119\u017carowy marki Volvo.<\/strong><\/p>\n<p>Kierowca TIR-a nie zauwa\u017cy\u0142 pieszej w wyniku czego j\u0105 potr\u0105ci\u0142. Kobieta najprawdopodobniej znalaz\u0142a si\u0119 w strefie, w kt\u00f3rej kierowca TIR-a nie by\u0142 w stanie jej dostrzec. Z drugiej strony dziwi zachowanie starszej kobiety, kt\u00f3ra nie przesz\u0142a przez przej\u015bcie dla pieszych, tylko dopiero 20 metr\u00f3w dalej postanowi\u0142a wy\u0142oni\u0107 si\u0119 zza \u015bmieciarki.<\/p>\n<p>Kobieta po potr\u0105ceniu by\u0142a przytomna, mia\u0142a uraz g\u0142owy.<\/p>\n<div id='gallery-1' class='gallery galleryid-2165 gallery-columns-3 gallery-size-thumbnail'><figure class='gallery-item'>\n\t\t\t<div class='gallery-icon landscape'>\n\t\t\t\t<a href='https:\/\/ostrowskatv.pl\/?attachment_id=2167'><img loading=\"lazy\" decoding=\"async\" width=\"150\" height=\"150\" src=\"https:\/\/ostrowskatv.pl\/wp-content\/uploads\/2016\/09\/potracenie-poznanska2-150x150.jpg\" class=\"attachment-thumbnail size-thumbnail\" alt=\"\" \/><\/a>\n\t\t\t<\/div><\/figure><figure class='gallery-item'>\n\t\t\t<div class='gallery-icon landscape'>\n\t\t\t\t<a href='https:\/\/ostrowskatv.pl\/?attachment_id=2166'><img loading=\"lazy\" decoding=\"async\" width=\"150\" height=\"150\" src=\"https:\/\/ostrowskatv.pl\/wp-content\/uploads\/2016\/09\/potracenie-poznanska-150x150.jpg\" class=\"attachment-thumbnail size-thumbnail\" alt=\"\" \/><\/a>\n\t\t\t<\/div><\/figure>\n\t\t<\/div>\n\n<p>Niewidoczne obszary z kabiny kierowcy:<\/p>\n<p><img loading=\"lazy\" decoding=\"async\" class=\"alignnone size-full\" src=\"http:\/\/x3.cdn03.imgwykop.pl\/c3201142\/comment_qCudVFJNobQKpYJYUudbaVhROKXwlv6B.jpg\" alt=\"\" width=\"526\" height=\"376\" \/><\/p>\n<p>&nbsp;<\/p>\n","protected":false},"excerpt":{"rendered":"W \u015brod\u0119\u00a0 tu\u017c po godzinie 9:00 dosz\u0142o do potr\u0105cenia oko\u0142o 90-letniej kobiety. Do zdarzenia dosz\u0142o na ul. Pozna\u0144skiej w pobli\u017cu skrzy\u017cowania z ulic\u0105 \n<a class=\"moretag\" href=\"https:\/\/ostrowskatv.pl\/?p=2165\"> [...]<\/a>","protected":false},"author":1,"featured_media":2166,"comment_status":"open","ping_status":"open","sticky":false,"template":"","format":"standard","meta":{"footnotes":""},"categories":[1],"tags":[2],"class_list":["post-2165","post","type-post","status-publish","format-standard","has-post-thumbnail","hentry","category-news","tag-ostrow-wielkopolski"],"_links":{"self":[{"href":"https:\/\/ostrowskatv.pl\/index.php?rest_route=\/wp\/v2\/posts\/2165","targetHints":{"allow":["GET"]}}],"collection":[{"href":"https:\/\/ostrowskatv.pl\/index.php?rest_route=\/wp\/v2\/posts"}],"about":[{"href":"https:\/\/ostrowskatv.pl\/index.php?rest_route=\/wp\/v2\/types\/post"}],"author":[{"embeddable":true,"href":"https:\/\/ostrowskatv.pl\/index.php?rest_route=\/wp\/v2\/users\/1"}],"replies":[{"embeddable":true,"href":"https:\/\/ostrowskatv.pl\/index.php?rest_route=%2Fwp%2Fv2%2Fcomments&post=2165"}],"version-history":[{"count":0,"href":"https:\/\/ostrowskatv.pl\/index.php?rest_route=\/wp\/v2\/posts\/2165\/revisions"}],"wp:featuredmedia":[{"embeddable":true,"href":"https:\/\/ostrowskatv.pl\/index.php?rest_route=\/wp\/v2\/media\/2166"}],"wp:attachment":[{"href":"https:\/\/ostrowskatv.pl\/index.php?rest_route=%2Fwp%2Fv2%2Fmedia&parent=2165"}],"wp:term":[{"taxonomy":"category","embeddable":true,"href":"https:\/\/ostrowskatv.pl\/index.php?rest_route=%2Fwp%2Fv2%2Fcategories&post=2165"},{"taxonomy":"post_tag","embeddable":true,"href":"https:\/\/ostrowskatv.pl\/index.php?rest_route=%2Fwp%2Fv2%2Ftags&post=2165"}],"curies":[{"name":"wp","href":"https:\/\/api.w.org\/{rel}","templated":true}]}}