{"id":21640,"date":"2022-10-11T13:02:01","date_gmt":"2022-10-11T12:02:01","guid":{"rendered":"https:\/\/ostrowskatv.pl\/?p=21640"},"modified":"2022-10-11T13:02:18","modified_gmt":"2022-10-11T12:02:18","slug":"policja-nie-wie-jeszcze-czy-sprawca-byl-pijany","status":"publish","type":"post","link":"https:\/\/ostrowskatv.pl\/?p=21640","title":{"rendered":"Policja jeszcze nie wie czy sprawca by\u0142 pijany"},"content":{"rendered":"<p><strong>Wczoraj na drogach powiatu ostrowskiego dosz\u0142o do wielu zdarze\u0144 drogowych, wymagaj\u0105cych zaanga\u017cowania funkcjonariuszy drog\u00f3wki. Kiedy pojawi\u0142o si\u0119 kolejne zdarzenie w Rad\u0142owie, najpierw pojechali policjanci z innego wydzia\u0142u.<\/strong><\/p>\n<p>O godzinie 19 w Rad\u0142owie na prostym odcinku drogi zderzy\u0142y si\u0119 audi oraz renault. Od strony Raszkowa jecha\u0142a 23-letnia kobieta w audi. Nagle z przeciwka drog\u0119 zajecha\u0142 jej 47-letni mieszkaniec Ostrowa, kt\u00f3ry zamierza\u0142 skr\u0119ci\u0107 w lewo.<\/p>\n<p>Bezpo\u015brednio po zdarzeniu \u015bwiadkowie czuli od niego wo\u0144 alkoholu. Policjanci z alkomatem przebadali go dopiero po ponad trzech godzinach i w\u00f3wczas osi\u0105gni\u0119ty wynik pozwala\u0142 inaczej zakwalifikowa\u0107 zdarzenie (nie jako przest\u0119pstwo, a wykroczenie). Policjanci jednak stwierdzili, \u017ce nale\u017cy wykona\u0107 kolejne badanie i na podstawie uzyskanych wynik\u00f3w bieg\u0142y wyka\u017ce ile alkoholu mia\u0142 w organizmie sprawca zdarzenia.<\/p>\n<p>M\u0142od\u0105 kobiet\u0119 przewieziono do szpitala, ale nie dozna\u0142a powa\u017cnych obra\u017ce\u0144 cia\u0142a.<\/p>\n<p><img loading=\"lazy\" decoding=\"async\" src=\"https:\/\/ostrowskatv.pl\/wp-content\/uploads\/2022\/10\/Radlow1.jpeg\" alt=\"\" width=\"1199\" height=\"1023\" class=\"alignnone size-full wp-image-21642\" srcset=\"https:\/\/ostrowskatv.pl\/wp-content\/uploads\/2022\/10\/Radlow1.jpeg 1199w, https:\/\/ostrowskatv.pl\/wp-content\/uploads\/2022\/10\/Radlow1-300x256.jpeg 300w, https:\/\/ostrowskatv.pl\/wp-content\/uploads\/2022\/10\/Radlow1-422x360.jpeg 422w\" sizes=\"auto, (max-width: 1199px) 100vw, 1199px\" \/><\/p>\n<p><img loading=\"lazy\" decoding=\"async\" src=\"https:\/\/ostrowskatv.pl\/wp-content\/uploads\/2022\/10\/Radlow2.jpeg\" alt=\"\" width=\"1200\" height=\"966\" class=\"alignnone size-full wp-image-21643\" srcset=\"https:\/\/ostrowskatv.pl\/wp-content\/uploads\/2022\/10\/Radlow2.jpeg 1200w, https:\/\/ostrowskatv.pl\/wp-content\/uploads\/2022\/10\/Radlow2-300x242.jpeg 300w, https:\/\/ostrowskatv.pl\/wp-content\/uploads\/2022\/10\/Radlow2-447x360.jpeg 447w\" sizes=\"auto, (max-width: 1200px) 100vw, 1200px\" \/><\/p>\n<p><img loading=\"lazy\" decoding=\"async\" src=\"https:\/\/ostrowskatv.pl\/wp-content\/uploads\/2022\/10\/Radlow3.jpeg\" alt=\"\" width=\"1025\" height=\"1366\" class=\"alignnone size-full wp-image-21644\" srcset=\"https:\/\/ostrowskatv.pl\/wp-content\/uploads\/2022\/10\/Radlow3.jpeg 1025w, https:\/\/ostrowskatv.pl\/wp-content\/uploads\/2022\/10\/Radlow3-225x300.jpeg 225w, https:\/\/ostrowskatv.pl\/wp-content\/uploads\/2022\/10\/Radlow3-270x360.jpeg 270w\" sizes=\"auto, (max-width: 1025px) 100vw, 1025px\" \/><\/p>\n<p><img loading=\"lazy\" decoding=\"async\" src=\"https:\/\/ostrowskatv.pl\/wp-content\/uploads\/2022\/10\/Radlow4.jpeg\" alt=\"\" width=\"1366\" height=\"642\" class=\"alignnone size-full wp-image-21645\" srcset=\"https:\/\/ostrowskatv.pl\/wp-content\/uploads\/2022\/10\/Radlow4.jpeg 1366w, https:\/\/ostrowskatv.pl\/wp-content\/uploads\/2022\/10\/Radlow4-300x141.jpeg 300w, https:\/\/ostrowskatv.pl\/wp-content\/uploads\/2022\/10\/Radlow4-640x301.jpeg 640w\" sizes=\"auto, (max-width: 1366px) 100vw, 1366px\" \/><\/p>\n<p><img loading=\"lazy\" decoding=\"async\" src=\"https:\/\/ostrowskatv.pl\/wp-content\/uploads\/2022\/10\/Radlow5.jpeg\" alt=\"\" width=\"1366\" height=\"900\" class=\"alignnone size-full wp-image-21646\" srcset=\"https:\/\/ostrowskatv.pl\/wp-content\/uploads\/2022\/10\/Radlow5.jpeg 1366w, https:\/\/ostrowskatv.pl\/wp-content\/uploads\/2022\/10\/Radlow5-300x198.jpeg 300w, https:\/\/ostrowskatv.pl\/wp-content\/uploads\/2022\/10\/Radlow5-546x360.jpeg 546w\" sizes=\"auto, (max-width: 1366px) 100vw, 1366px\" \/><\/p>\n","protected":false},"excerpt":{"rendered":"Wczoraj na drogach powiatu ostrowskiego dosz\u0142o do wielu zdarze\u0144 drogowych, wymagaj\u0105cych zaanga\u017cowania funkcjonariuszy drog\u00f3wki. Kiedy pojawi\u0142o si\u0119 kolejne zdarzenie w Rad\u0142owie, najpierw pojechali \n<a class=\"moretag\" href=\"https:\/\/ostrowskatv.pl\/?p=21640\"> [...]<\/a>","protected":false},"author":1,"featured_media":21643,"comment_status":"open","ping_status":"closed","sticky":false,"template":"","format":"standard","meta":{"footnotes":""},"categories":[1],"tags":[138],"class_list":["post-21640","post","type-post","status-publish","format-standard","has-post-thumbnail","hentry","category-news","tag-radlow"],"_links":{"self":[{"href":"https:\/\/ostrowskatv.pl\/index.php?rest_route=\/wp\/v2\/posts\/21640","targetHints":{"allow":["GET"]}}],"collection":[{"href":"https:\/\/ostrowskatv.pl\/index.php?rest_route=\/wp\/v2\/posts"}],"about":[{"href":"https:\/\/ostrowskatv.pl\/index.php?rest_route=\/wp\/v2\/types\/post"}],"author":[{"embeddable":true,"href":"https:\/\/ostrowskatv.pl\/index.php?rest_route=\/wp\/v2\/users\/1"}],"replies":[{"embeddable":true,"href":"https:\/\/ostrowskatv.pl\/index.php?rest_route=%2Fwp%2Fv2%2Fcomments&post=21640"}],"version-history":[{"count":0,"href":"https:\/\/ostrowskatv.pl\/index.php?rest_route=\/wp\/v2\/posts\/21640\/revisions"}],"wp:featuredmedia":[{"embeddable":true,"href":"https:\/\/ostrowskatv.pl\/index.php?rest_route=\/wp\/v2\/media\/21643"}],"wp:attachment":[{"href":"https:\/\/ostrowskatv.pl\/index.php?rest_route=%2Fwp%2Fv2%2Fmedia&parent=21640"}],"wp:term":[{"taxonomy":"category","embeddable":true,"href":"https:\/\/ostrowskatv.pl\/index.php?rest_route=%2Fwp%2Fv2%2Fcategories&post=21640"},{"taxonomy":"post_tag","embeddable":true,"href":"https:\/\/ostrowskatv.pl\/index.php?rest_route=%2Fwp%2Fv2%2Ftags&post=21640"}],"curies":[{"name":"wp","href":"https:\/\/api.w.org\/{rel}","templated":true}]}}