{"id":21631,"date":"2022-10-10T19:02:50","date_gmt":"2022-10-10T18:02:50","guid":{"rendered":"https:\/\/ostrowskatv.pl\/?p=21631"},"modified":"2022-10-10T19:03:46","modified_gmt":"2022-10-10T18:03:46","slug":"wypadek-na-rejtana-nagrala-kamera","status":"publish","type":"post","link":"https:\/\/ostrowskatv.pl\/?p=21631","title":{"rendered":"Wypadek na Rejtana nagra\u0142a kamera"},"content":{"rendered":"<p><strong>Do wypadku dw\u00f3ch aut osobowych dosz\u0142o w poniedzia\u0142kowe popo\u0142udnie. Jedna osoba zosta\u0142a ranna i wymaga\u0142a przewiezienia do szpitala. <\/strong><\/p>\n<p>Ulic\u0105 Traugutta w Ostrowie Wielkopolskim jecha\u0142 renault scenic, kt\u00f3ry uderzy\u0142 w prawid\u0142owo jad\u0105cego fiata. Po zderzeniu scenic zatrzyma\u0142 si\u0119 dopiero na chodniku, a fiat pozosta\u0142 na \u015brodku skrzy\u017cowania. <\/p>\n<p>\u015awiadkowie pomogli wyj\u015b\u0107 poszkodowanej kobiecie z fiata. Sprawczyni z auta wysz\u0142a sama. Na miejsce wys\u0142ano stra\u017c po\u017carn\u0105, policj\u0119 oraz pogotowie ratunkowe. <\/p>\n<p><img loading=\"lazy\" decoding=\"async\" src=\"https:\/\/ostrowskatv.pl\/wp-content\/uploads\/2022\/10\/Rejtana01.jpeg\" alt=\"\" width=\"1365\" height=\"594\" class=\"alignnone size-full wp-image-21632\" srcset=\"https:\/\/ostrowskatv.pl\/wp-content\/uploads\/2022\/10\/Rejtana01.jpeg 1365w, https:\/\/ostrowskatv.pl\/wp-content\/uploads\/2022\/10\/Rejtana01-300x131.jpeg 300w, https:\/\/ostrowskatv.pl\/wp-content\/uploads\/2022\/10\/Rejtana01-640x279.jpeg 640w\" sizes=\"auto, (max-width: 1365px) 100vw, 1365px\" \/><\/p>\n<p><img loading=\"lazy\" decoding=\"async\" src=\"https:\/\/ostrowskatv.pl\/wp-content\/uploads\/2022\/10\/Rejtana02.jpeg\" alt=\"\" width=\"1366\" height=\"905\" class=\"alignnone size-full wp-image-21633\" srcset=\"https:\/\/ostrowskatv.pl\/wp-content\/uploads\/2022\/10\/Rejtana02.jpeg 1366w, https:\/\/ostrowskatv.pl\/wp-content\/uploads\/2022\/10\/Rejtana02-300x199.jpeg 300w, https:\/\/ostrowskatv.pl\/wp-content\/uploads\/2022\/10\/Rejtana02-543x360.jpeg 543w\" sizes=\"auto, (max-width: 1366px) 100vw, 1366px\" \/><\/p>\n<p><img loading=\"lazy\" decoding=\"async\" src=\"https:\/\/ostrowskatv.pl\/wp-content\/uploads\/2022\/10\/Rejtana03.jpeg\" alt=\"\" width=\"1125\" height=\"716\" class=\"alignnone size-full wp-image-21634\" srcset=\"https:\/\/ostrowskatv.pl\/wp-content\/uploads\/2022\/10\/Rejtana03.jpeg 1125w, https:\/\/ostrowskatv.pl\/wp-content\/uploads\/2022\/10\/Rejtana03-300x191.jpeg 300w, https:\/\/ostrowskatv.pl\/wp-content\/uploads\/2022\/10\/Rejtana03-566x360.jpeg 566w\" sizes=\"auto, (max-width: 1125px) 100vw, 1125px\" \/><\/p>\n<p><img loading=\"lazy\" decoding=\"async\" src=\"https:\/\/ostrowskatv.pl\/wp-content\/uploads\/2022\/10\/Rejtana04.jpeg\" alt=\"\" width=\"1365\" height=\"768\" class=\"alignnone size-full wp-image-21635\" srcset=\"https:\/\/ostrowskatv.pl\/wp-content\/uploads\/2022\/10\/Rejtana04.jpeg 1365w, https:\/\/ostrowskatv.pl\/wp-content\/uploads\/2022\/10\/Rejtana04-300x169.jpeg 300w, https:\/\/ostrowskatv.pl\/wp-content\/uploads\/2022\/10\/Rejtana04-640x360.jpeg 640w\" sizes=\"auto, (max-width: 1365px) 100vw, 1365px\" \/><\/p>\n<p><img loading=\"lazy\" decoding=\"async\" src=\"https:\/\/ostrowskatv.pl\/wp-content\/uploads\/2022\/10\/Rejtana05.jpeg\" alt=\"\" width=\"1151\" height=\"938\" class=\"alignnone size-full wp-image-21636\" srcset=\"https:\/\/ostrowskatv.pl\/wp-content\/uploads\/2022\/10\/Rejtana05.jpeg 1151w, https:\/\/ostrowskatv.pl\/wp-content\/uploads\/2022\/10\/Rejtana05-300x244.jpeg 300w, https:\/\/ostrowskatv.pl\/wp-content\/uploads\/2022\/10\/Rejtana05-442x360.jpeg 442w\" sizes=\"auto, (max-width: 1151px) 100vw, 1151px\" \/><\/p>\n<p><iframe loading=\"lazy\" title=\"Wypadek na Rejtana w Ostrowie Wlkp.\" width=\"747\" height=\"420\" src=\"https:\/\/www.youtube.com\/embed\/9yKOFH5W1sg?feature=oembed\" frameborder=\"0\" allow=\"accelerometer; autoplay; clipboard-write; encrypted-media; gyroscope; picture-in-picture; web-share\" referrerpolicy=\"strict-origin-when-cross-origin\" allowfullscreen><\/iframe><\/p>\n","protected":false},"excerpt":{"rendered":"Do wypadku dw\u00f3ch aut osobowych dosz\u0142o w poniedzia\u0142kowe popo\u0142udnie. Jedna osoba zosta\u0142a ranna i wymaga\u0142a przewiezienia do szpitala. Ulic\u0105 Traugutta w Ostrowie Wielkopolskim \n<a class=\"moretag\" href=\"https:\/\/ostrowskatv.pl\/?p=21631\"> [...]<\/a>","protected":false},"author":1,"featured_media":21636,"comment_status":"open","ping_status":"closed","sticky":false,"template":"","format":"standard","meta":{"footnotes":""},"categories":[1],"tags":[254],"class_list":["post-21631","post","type-post","status-publish","format-standard","has-post-thumbnail","hentry","category-news","tag-rejtana"],"_links":{"self":[{"href":"https:\/\/ostrowskatv.pl\/index.php?rest_route=\/wp\/v2\/posts\/21631","targetHints":{"allow":["GET"]}}],"collection":[{"href":"https:\/\/ostrowskatv.pl\/index.php?rest_route=\/wp\/v2\/posts"}],"about":[{"href":"https:\/\/ostrowskatv.pl\/index.php?rest_route=\/wp\/v2\/types\/post"}],"author":[{"embeddable":true,"href":"https:\/\/ostrowskatv.pl\/index.php?rest_route=\/wp\/v2\/users\/1"}],"replies":[{"embeddable":true,"href":"https:\/\/ostrowskatv.pl\/index.php?rest_route=%2Fwp%2Fv2%2Fcomments&post=21631"}],"version-history":[{"count":0,"href":"https:\/\/ostrowskatv.pl\/index.php?rest_route=\/wp\/v2\/posts\/21631\/revisions"}],"wp:featuredmedia":[{"embeddable":true,"href":"https:\/\/ostrowskatv.pl\/index.php?rest_route=\/wp\/v2\/media\/21636"}],"wp:attachment":[{"href":"https:\/\/ostrowskatv.pl\/index.php?rest_route=%2Fwp%2Fv2%2Fmedia&parent=21631"}],"wp:term":[{"taxonomy":"category","embeddable":true,"href":"https:\/\/ostrowskatv.pl\/index.php?rest_route=%2Fwp%2Fv2%2Fcategories&post=21631"},{"taxonomy":"post_tag","embeddable":true,"href":"https:\/\/ostrowskatv.pl\/index.php?rest_route=%2Fwp%2Fv2%2Ftags&post=21631"}],"curies":[{"name":"wp","href":"https:\/\/api.w.org\/{rel}","templated":true}]}}