{"id":216,"date":"2016-01-22T10:19:37","date_gmt":"2016-01-22T09:19:37","guid":{"rendered":"http:\/\/ostrowska.tv\/?p=216"},"modified":"2016-01-22T11:08:03","modified_gmt":"2016-01-22T10:08:03","slug":"nowa-siedziba-prokuratury-sa-dwie-opcje","status":"publish","type":"post","link":"https:\/\/ostrowskatv.pl\/?p=216","title":{"rendered":"Nowa siedziba prokuratury. S\u0105 dwie opcje"},"content":{"rendered":"<p><strong>Prokuratura Rejonowa w Ostrowie Wielkopolskim ca\u0142y czas nie mo\u017ce doczeka\u0107 si\u0119 nowej siedziby. Jej przedstawiciele zapewniaj\u0105 jednak, \u017ce ju\u017c wkr\u00f3tce sprawa ruszy z miejsca. Pod uwag\u0119 brane s\u0105 dwie opcje.<\/strong><\/p>\n<p>Brak nowej siedziby to wielki problem dla Prokuratury Rejonowej w Ostrowie Wielkopolskim, kt\u00f3rej w budynku s\u0105du jest bardzo ciasno. Z tego powodu w obiekcie brakuje tak\u017ce pomieszcze\u0144 dla samego s\u0105du. Powstanie nowego budynku rozwi\u0105za\u0142oby wszystkie k\u0142opoty. Jest na to szansa. Najpierw trzeba wybra\u0107 jedn\u0105 z dw\u00f3ch opcji.<\/p>\n<p>Pierwsza koncepcja jest doskonale znana sporej cz\u0119\u015bci ostrowian, bo zak\u0142ada, \u017ce nowa siedziba mia\u0142aby powsta\u0107 na dzia\u0142ce przy ulicy Kompa\u0142\u0142y. W\u0142adze miasta przekaza\u0142y j\u0105 prokuraturze na okres pi\u0119ciu lat, ale budynek w tym czasie nie stan\u0105\u0142. W dalszym ci\u0105gu to rozwi\u0105zanie jest jednak realne. W prokuraturze przekonuj\u0105 zreszt\u0105, \u017ce by\u0142oby to dla nich najbardziej optymalne wyj\u015bcie. &#8211; Kwestie zwi\u0105zane z przygotowaniem do budowy zosta\u0142y zatwierdzone. Niestety, nie zmie\u015bcili\u015bmy si\u0119 w planie finansowym Prokuratury Generalnej. Funkcjonuj\u0105 w niej czteroletnie okresy inwestycyjne. Zak\u0142adaj\u0105 one, \u017ce najpierw kontynuuje si\u0119 rozpocz\u0119te inwestycje. To s\u0142uszny kierunek, bo nie jest sztuk\u0105 rozpocz\u0105\u0107 wiele realizacji i ich nie ko\u0144czy\u0107 \u2013 t\u0142umaczy prokurator Leonard Duczmalewski.<\/p>\n<p>Wkr\u00f3tce ma jednak powsta\u0107 nowy plan inwestycyjny. Istnieje du\u017ce prawdopodobie\u0144stwo, \u017ce znajd\u0105 si\u0119 w nim \u015brodki na obiekt w Ostrowie Wielkopolskim. &#8211; Jestem przekonany, \u017ce Prokuratura Rejonowa w Ostrowie znajdzie si\u0119 w tym planie, bo nasz problem jest doskonale znany w Prokuraturze Generalnej \u2013 przekonuje Leonard Duczmalewski.<\/p>\n<p>Przedstawiciele Prokuratury Rejonowej wyst\u0105pili ju\u017c do ostrowskich radnych, \u017ceby ci podczas najbli\u017cszej Sesji Rady Miejskiej pozytywnie rozpatrzyli ch\u0119\u0107 dalszego u\u017cytkowania wieczystego dzia\u0142ki przy ulicy Kompa\u0142\u0142y. &#8211; P\u0142acimy za u\u017cytkowanie wieczyste czy sprz\u0105tanie. A je\u015bli miastu ten teren jest w danym momencie potrzebny, to go udost\u0119pniamy \u2013 wyja\u015bnia Duczmalewski.<\/p>\n<p>Koszt budowy nowej siedziby przy Stadionie Miejskim mo\u017ce wynie\u015b\u0107 nawet 9 milion\u00f3w z\u0142otych. Gdyby ta lokalizacja z r\u00f3\u017cnych wzgl\u0119d\u00f3w nie wypali\u0142a, to pod uwag\u0119 brany jeszcze jeden scenariusz \u2013 przej\u0119cie i zagospodarowanie budynku po dawnej siedzibie policji przy ulicy Sienkiewicza. &#8211; Miasto opracowuje program rewitalizacji. Je\u015bli ten obiekt zostanie nim obj\u0119ty, to w\u00f3wczas powstaje mo\u017cliwo\u015b\u0107 ubiegania si\u0119 o dofinansowanie ze \u015brodk\u00f3w unijnych. Wtedy mog\u0142oby doj\u015b\u0107 do adaptacji budynku. Koszty takiego przedsi\u0119wzi\u0119cia trudno oceni\u0107. Na pewno by\u0142aby to kwota znacz\u0105ca. Dofinansowanie mog\u0142oby jednak sprawi\u0107, \u017ce mimo wszystko by\u0142oby to rozwi\u0105zanie atrakcyjne. Prokuratura Rejonowa mia\u0142aby z jednej strony siedzib\u0119, a po drugie obiekt by\u0142by w ko\u0144cu u\u017cytkowany i nie ulega\u0142by dalszej dewastacji \u2013 t\u0142umaczy prokurator Janusz Walczak.<\/p>\n<p>Kt\u00f3re rozwi\u0105zanie by\u0142oby lepsze dla Prokuratury Rejonowej i miasta? <strong>Zach<\/strong><strong>\u0119camy do wyra<\/strong><strong>\u017cania swoich opinii w komentarzach<\/strong>.<\/p>\n","protected":false},"excerpt":{"rendered":"Prokuratura Rejonowa w Ostrowie Wielkopolskim ca\u0142y czas nie mo\u017ce doczeka\u0107 si\u0119 nowej siedziby. Jej przedstawiciele zapewniaj\u0105 jednak, \u017ce ju\u017c wkr\u00f3tce sprawa ruszy z \n<a class=\"moretag\" href=\"https:\/\/ostrowskatv.pl\/?p=216\"> [...]<\/a>","protected":false},"author":1,"featured_media":217,"comment_status":"open","ping_status":"open","sticky":false,"template":"","format":"standard","meta":{"footnotes":""},"categories":[1],"tags":[33],"class_list":["post-216","post","type-post","status-publish","format-standard","has-post-thumbnail","hentry","category-news","tag-prokuratura"],"_links":{"self":[{"href":"https:\/\/ostrowskatv.pl\/index.php?rest_route=\/wp\/v2\/posts\/216","targetHints":{"allow":["GET"]}}],"collection":[{"href":"https:\/\/ostrowskatv.pl\/index.php?rest_route=\/wp\/v2\/posts"}],"about":[{"href":"https:\/\/ostrowskatv.pl\/index.php?rest_route=\/wp\/v2\/types\/post"}],"author":[{"embeddable":true,"href":"https:\/\/ostrowskatv.pl\/index.php?rest_route=\/wp\/v2\/users\/1"}],"replies":[{"embeddable":true,"href":"https:\/\/ostrowskatv.pl\/index.php?rest_route=%2Fwp%2Fv2%2Fcomments&post=216"}],"version-history":[{"count":0,"href":"https:\/\/ostrowskatv.pl\/index.php?rest_route=\/wp\/v2\/posts\/216\/revisions"}],"wp:featuredmedia":[{"embeddable":true,"href":"https:\/\/ostrowskatv.pl\/index.php?rest_route=\/wp\/v2\/media\/217"}],"wp:attachment":[{"href":"https:\/\/ostrowskatv.pl\/index.php?rest_route=%2Fwp%2Fv2%2Fmedia&parent=216"}],"wp:term":[{"taxonomy":"category","embeddable":true,"href":"https:\/\/ostrowskatv.pl\/index.php?rest_route=%2Fwp%2Fv2%2Fcategories&post=216"},{"taxonomy":"post_tag","embeddable":true,"href":"https:\/\/ostrowskatv.pl\/index.php?rest_route=%2Fwp%2Fv2%2Ftags&post=216"}],"curies":[{"name":"wp","href":"https:\/\/api.w.org\/{rel}","templated":true}]}}