{"id":21597,"date":"2022-10-07T15:26:33","date_gmt":"2022-10-07T14:26:33","guid":{"rendered":"https:\/\/ostrowskatv.pl\/?p=21597"},"modified":"2022-10-07T15:26:33","modified_gmt":"2022-10-07T14:26:33","slug":"z-impetem-wjechala-w-ciezarowke","status":"publish","type":"post","link":"https:\/\/ostrowskatv.pl\/?p=21597","title":{"rendered":"Z impetem wjecha\u0142a w ci\u0119\u017car\u00f3wk\u0119"},"content":{"rendered":"<p><strong>O godzinie 15.30 dosz\u0142o do gro\u017anie wygl\u0105daj\u0105cego zdarzenia drogowego. Na drodze krajowej nr 11\/25 zderzy\u0142 si\u0119 samoch\u00f3d osobowy z ci\u0119\u017carowym.<\/strong><\/p>\n<p>Na wysoko\u015bci tartaku w Antoninie samoch\u00f3d renault modus skr\u0119ca\u0142 do lasu. Wed\u0142ug relacji \u015bwiadka najpierw zacz\u0105\u0142 gwa\u0142townie hamowa\u0107, a dopiero p\u00f3\u017aniej w\u0142\u0105czy\u0142 kierunkowskaz. <\/p>\n<p>Jad\u0105ca za nim ci\u0119\u017car\u00f3wka zd\u0105\u017cy\u0142a zahamowa\u0107. R\u00f3wnie dobrym refleksem nie wykaza\u0142a si\u0119 oko\u0142o 40-letnia kieruj\u0105ca skod\u0105. <\/p>\n<p>Ci\u0119\u017car\u00f3wka wysz\u0142a z delikatnym uszkodzeniem. Skoda ma zmia\u017cd\u017cony prz\u00f3d, poniewa\u017c element ci\u0119\u017car\u00f3wki znajdowa\u0142 si\u0119 nad pod\u0142u\u017cnicami osob\u00f3wki. <\/p>\n<p>Do szpitala zabrano sprawczyni\u0119, ale by\u0142a w stanie og\u00f3lnie dobrym. <\/p>\n<p><img loading=\"lazy\" decoding=\"async\" src=\"https:\/\/ostrowskatv.pl\/wp-content\/uploads\/2022\/10\/20221007_160445-01.jpeg\" alt=\"\" width=\"1366\" height=\"1025\" class=\"alignnone size-full wp-image-21598\" srcset=\"https:\/\/ostrowskatv.pl\/wp-content\/uploads\/2022\/10\/20221007_160445-01.jpeg 1366w, https:\/\/ostrowskatv.pl\/wp-content\/uploads\/2022\/10\/20221007_160445-01-300x225.jpeg 300w, https:\/\/ostrowskatv.pl\/wp-content\/uploads\/2022\/10\/20221007_160445-01-480x360.jpeg 480w\" sizes=\"auto, (max-width: 1366px) 100vw, 1366px\" \/><\/p>\n<p><img loading=\"lazy\" decoding=\"async\" src=\"https:\/\/ostrowskatv.pl\/wp-content\/uploads\/2022\/10\/20221007_160517-01.jpeg\" alt=\"\" width=\"1366\" height=\"1025\" class=\"alignnone size-full wp-image-21599\" srcset=\"https:\/\/ostrowskatv.pl\/wp-content\/uploads\/2022\/10\/20221007_160517-01.jpeg 1366w, https:\/\/ostrowskatv.pl\/wp-content\/uploads\/2022\/10\/20221007_160517-01-300x225.jpeg 300w, https:\/\/ostrowskatv.pl\/wp-content\/uploads\/2022\/10\/20221007_160517-01-480x360.jpeg 480w\" sizes=\"auto, (max-width: 1366px) 100vw, 1366px\" \/><\/p>\n<p><img loading=\"lazy\" decoding=\"async\" src=\"https:\/\/ostrowskatv.pl\/wp-content\/uploads\/2022\/10\/20221007_160544-01.jpeg\" alt=\"\" width=\"1366\" height=\"911\" class=\"alignnone size-full wp-image-21600\" srcset=\"https:\/\/ostrowskatv.pl\/wp-content\/uploads\/2022\/10\/20221007_160544-01.jpeg 1366w, https:\/\/ostrowskatv.pl\/wp-content\/uploads\/2022\/10\/20221007_160544-01-300x200.jpeg 300w, https:\/\/ostrowskatv.pl\/wp-content\/uploads\/2022\/10\/20221007_160544-01-540x360.jpeg 540w\" sizes=\"auto, (max-width: 1366px) 100vw, 1366px\" \/><\/p>\n<p><img loading=\"lazy\" decoding=\"async\" src=\"https:\/\/ostrowskatv.pl\/wp-content\/uploads\/2022\/10\/20221007_160549-01.jpeg\" alt=\"\" width=\"1366\" height=\"1025\" class=\"alignnone size-full wp-image-21601\" srcset=\"https:\/\/ostrowskatv.pl\/wp-content\/uploads\/2022\/10\/20221007_160549-01.jpeg 1366w, https:\/\/ostrowskatv.pl\/wp-content\/uploads\/2022\/10\/20221007_160549-01-300x225.jpeg 300w, https:\/\/ostrowskatv.pl\/wp-content\/uploads\/2022\/10\/20221007_160549-01-480x360.jpeg 480w\" sizes=\"auto, (max-width: 1366px) 100vw, 1366px\" \/><\/p>\n<p><img loading=\"lazy\" decoding=\"async\" src=\"https:\/\/ostrowskatv.pl\/wp-content\/uploads\/2022\/10\/20221007_160551-01.jpeg\" alt=\"\" width=\"1366\" height=\"1025\" class=\"alignnone size-full wp-image-21602\" srcset=\"https:\/\/ostrowskatv.pl\/wp-content\/uploads\/2022\/10\/20221007_160551-01.jpeg 1366w, https:\/\/ostrowskatv.pl\/wp-content\/uploads\/2022\/10\/20221007_160551-01-300x225.jpeg 300w, https:\/\/ostrowskatv.pl\/wp-content\/uploads\/2022\/10\/20221007_160551-01-480x360.jpeg 480w\" sizes=\"auto, (max-width: 1366px) 100vw, 1366px\" \/><\/p>\n<p><img loading=\"lazy\" decoding=\"async\" src=\"https:\/\/ostrowskatv.pl\/wp-content\/uploads\/2022\/10\/20221007_160643-01.jpeg\" alt=\"\" width=\"1365\" height=\"918\" class=\"alignnone size-full wp-image-21603\" srcset=\"https:\/\/ostrowskatv.pl\/wp-content\/uploads\/2022\/10\/20221007_160643-01.jpeg 1365w, https:\/\/ostrowskatv.pl\/wp-content\/uploads\/2022\/10\/20221007_160643-01-300x202.jpeg 300w, https:\/\/ostrowskatv.pl\/wp-content\/uploads\/2022\/10\/20221007_160643-01-535x360.jpeg 535w\" sizes=\"auto, (max-width: 1365px) 100vw, 1365px\" \/><\/p>\n<p><img loading=\"lazy\" decoding=\"async\" src=\"https:\/\/ostrowskatv.pl\/wp-content\/uploads\/2022\/10\/20221007_160715-01.jpeg\" alt=\"\" width=\"1366\" height=\"1025\" class=\"alignnone size-full wp-image-21604\" srcset=\"https:\/\/ostrowskatv.pl\/wp-content\/uploads\/2022\/10\/20221007_160715-01.jpeg 1366w, https:\/\/ostrowskatv.pl\/wp-content\/uploads\/2022\/10\/20221007_160715-01-300x225.jpeg 300w, https:\/\/ostrowskatv.pl\/wp-content\/uploads\/2022\/10\/20221007_160715-01-480x360.jpeg 480w\" sizes=\"auto, (max-width: 1366px) 100vw, 1366px\" \/><\/p>\n","protected":false},"excerpt":{"rendered":"O godzinie 15.30 dosz\u0142o do gro\u017anie wygl\u0105daj\u0105cego zdarzenia drogowego. Na drodze krajowej nr 11\/25 zderzy\u0142 si\u0119 samoch\u00f3d osobowy z ci\u0119\u017carowym. Na wysoko\u015bci tartaku \n<a class=\"moretag\" href=\"https:\/\/ostrowskatv.pl\/?p=21597\"> [...]<\/a>","protected":false},"author":1,"featured_media":21599,"comment_status":"open","ping_status":"closed","sticky":false,"template":"","format":"standard","meta":{"footnotes":""},"categories":[1],"tags":[82,245,48,72],"class_list":["post-21597","post","type-post","status-publish","format-standard","has-post-thumbnail","hentry","category-news","tag-antonin","tag-ciezarowka","tag-kolizja","tag-samochod"],"_links":{"self":[{"href":"https:\/\/ostrowskatv.pl\/index.php?rest_route=\/wp\/v2\/posts\/21597","targetHints":{"allow":["GET"]}}],"collection":[{"href":"https:\/\/ostrowskatv.pl\/index.php?rest_route=\/wp\/v2\/posts"}],"about":[{"href":"https:\/\/ostrowskatv.pl\/index.php?rest_route=\/wp\/v2\/types\/post"}],"author":[{"embeddable":true,"href":"https:\/\/ostrowskatv.pl\/index.php?rest_route=\/wp\/v2\/users\/1"}],"replies":[{"embeddable":true,"href":"https:\/\/ostrowskatv.pl\/index.php?rest_route=%2Fwp%2Fv2%2Fcomments&post=21597"}],"version-history":[{"count":0,"href":"https:\/\/ostrowskatv.pl\/index.php?rest_route=\/wp\/v2\/posts\/21597\/revisions"}],"wp:featuredmedia":[{"embeddable":true,"href":"https:\/\/ostrowskatv.pl\/index.php?rest_route=\/wp\/v2\/media\/21599"}],"wp:attachment":[{"href":"https:\/\/ostrowskatv.pl\/index.php?rest_route=%2Fwp%2Fv2%2Fmedia&parent=21597"}],"wp:term":[{"taxonomy":"category","embeddable":true,"href":"https:\/\/ostrowskatv.pl\/index.php?rest_route=%2Fwp%2Fv2%2Fcategories&post=21597"},{"taxonomy":"post_tag","embeddable":true,"href":"https:\/\/ostrowskatv.pl\/index.php?rest_route=%2Fwp%2Fv2%2Ftags&post=21597"}],"curies":[{"name":"wp","href":"https:\/\/api.w.org\/{rel}","templated":true}]}}