{"id":2159,"date":"2016-09-06T15:52:41","date_gmt":"2016-09-06T14:52:41","guid":{"rendered":"http:\/\/ostrowska.tv\/?p=2159"},"modified":"2016-09-06T16:02:26","modified_gmt":"2016-09-06T15:02:26","slug":"imieniny-pani-prezydent-dla-wszystkich-do-zobaczenia-za-rok","status":"publish","type":"post","link":"https:\/\/ostrowskatv.pl\/?p=2159","title":{"rendered":"Imieniny pani prezydent dla wszystkich. Do zobaczenia za rok!"},"content":{"rendered":"<p><strong>Prezydent Beata Klimek, niczym Kr\u00f3lowa Anglii El\u017cbieta, wyprawia\u0142a dzisiaj imieniny dla wszystkich. Co prawda nie poinformowa\u0142a mieszka\u0144c\u00f3w o tym szczeg\u00f3lnym dniu i wynikaj\u0105cym z niego zaproszeniu, ale mimo to fakt ten spowodowa\u0142, \u017ce wielu urz\u0119dnik\u00f3w, kierownik\u00f3w, dyrektor\u00f3w szk\u00f3\u0142 i innych instytucji przychodzi\u0142o stadnie do jej gabinetu. Oczywi\u015bcie ca\u0142odniowe wykorzystywanie urz\u0119du na prywatne uroczysto\u015bci spowodowa\u0142o obecno\u015b\u0107 naszej kamery.<\/strong><\/p>\n<p>Pani prezydent wychodzi z za\u0142o\u017cenia, \u017ce Jej imieniny nie s\u0105 czym\u015b prywatnym, w ko\u0144cu jest osob\u0105 publiczn\u0105&#8230;<\/p>\n<p>Beata Klimek: &#8211; To nie jest tak do ko\u0144ca, \u017ce to s\u0105 prywatne imieniny. Jestem osob\u0105 publiczn\u0105.<\/p>\n<p>To troch\u0119 dziwne, \u017ce osoby zarabiaj\u0105ce ponad 10 tysi\u0119cy na miesi\u0105c musz\u0105 wys\u0142ugiwa\u0107 si\u0119 trzema urz\u0119dowymi sekretarkami, kt\u00f3re ca\u0142y dzie\u0144 s\u0105 zaanga\u017cowane do sprz\u0105tania po t\u0142umnie przybywaj\u0105cych go\u015bciach, a w tym czasie mog\u0142yby zrobi\u0107 co\u015b bardziej po\u017cytecznego, bo raczej krain\u0105 mlekiem i miodem p\u0142yn\u0105c\u0105, jako miasto, nie jeste\u015bmy. Od uroczysto\u015bci s\u0105 restauracje, kt\u00f3rych w Ostrowie nie brakuje, a w dodatku prezentuj\u0105 one dobry poziom.<\/p>\n<p>Beata Klimek: to 15 minut na wypicie kawy i zjedzenie ciastka niczego nie zmienia.<br \/>\nPani prezydent t\u0142umaczy\u0142a, \u017ce to tylko kwadrans na ka\u017cd\u0105 osob\u0119. Zdarza\u0142y si\u0119 jednak podlegli pani prezydent go\u015bcie sp\u0119dzaj\u0105cy` 20, a nawet 30 minut.<\/p>\n<p>Jednym z go\u015bci by\u0142 starosta Pawe\u0142 Rajski wraz z zast\u0119pc\u0105. Oto jak t\u0142umaczy\u0142 swoj\u0105 obecno\u015b\u0107.<\/p>\n<blockquote><p>Pawe\u0142 Rajski: &#8211; Dobra wsp\u00f3\u0142praca z samorz\u0105dem powoduje, \u017ce sk\u0142adamy sobie \u017cyczenia. Nie wiem jak to wygl\u0105da u innych samorz\u0105dowc\u00f3w i \u017ce go\u015bcie sp\u0119dzaj\u0105 tam po kilkadziesi\u0105t minut.<\/p><\/blockquote>\n<p>I na koniec bardzo wa\u017cne przes\u0142anie od kochanej, przytulaj\u0105cej wszystkich ostrowian, pani prezydent.<\/p>\n<blockquote><p>Beata Klimek: &#8211; Raz w roku z okazji imienin, na wypicie kawy z prezydentem uwa\u017cam mo\u017cna sobie pozwoli\u0107. Ja dzisiaj przyjmuj\u0119 serdeczne \u017cyczenia nie tylko od moich wsp\u00f3\u0142pracownik\u00f3w, ale przychodz\u0105 tak\u017ce osoby z ca\u0142ego Ostrowa. Z ka\u017cdym ch\u0119tnie si\u0119 spotkam i z ka\u017cdym wypij\u0119 imieninow\u0105 kaw\u0119.<\/p><\/blockquote>\n<p>To bardzo dobra wiadomo\u015b\u0107. Tym samym pani prezydent ma zagwarantowan\u0105 bezp\u0142atn\u0105 reklam\u0119 w przysz\u0142ym roku z zaproszeniem dla wszystkich ostrowian, kt\u00f3rzy tego dnia zechcieliby z\u0142o\u017cy\u0107 serdeczne \u017cyczenia i napi\u0107 si\u0119 z pani\u0105 prezydent kawy, a tak\u017ce zje\u015b\u0107 dobre ciasto, nie tylko przy okazji wybor\u00f3w.<\/p>\n<p>&nbsp;<\/p>\n<div style=\"width: 640px;\" class=\"wp-video\"><video class=\"wp-video-shortcode\" id=\"video-2159-1\" width=\"640\" height=\"360\" preload=\"metadata\" controls=\"controls\"><source type=\"video\/mp4\" src=\"http:\/\/ostrowska.tv\/wp-content\/uploads\/2016\/09\/imieniny-prezydent.mp4?_=1\" \/><a href=\"http:\/\/ostrowska.tv\/wp-content\/uploads\/2016\/09\/imieniny-prezydent.mp4\">http:\/\/ostrowska.tv\/wp-content\/uploads\/2016\/09\/imieniny-prezydent.mp4<\/a><\/video><\/div>\n","protected":false},"excerpt":{"rendered":"Prezydent Beata Klimek, niczym Kr\u00f3lowa Anglii El\u017cbieta, wyprawia\u0142a dzisiaj imieniny dla wszystkich. Co prawda nie poinformowa\u0142a mieszka\u0144c\u00f3w o tym szczeg\u00f3lnym dniu i wynikaj\u0105cym \n<a class=\"moretag\" href=\"https:\/\/ostrowskatv.pl\/?p=2159\"> [...]<\/a>","protected":false},"author":1,"featured_media":2160,"comment_status":"open","ping_status":"open","sticky":false,"template":"","format":"standard","meta":{"footnotes":""},"categories":[1],"tags":[2],"class_list":["post-2159","post","type-post","status-publish","format-standard","has-post-thumbnail","hentry","category-news","tag-ostrow-wielkopolski"],"_links":{"self":[{"href":"https:\/\/ostrowskatv.pl\/index.php?rest_route=\/wp\/v2\/posts\/2159","targetHints":{"allow":["GET"]}}],"collection":[{"href":"https:\/\/ostrowskatv.pl\/index.php?rest_route=\/wp\/v2\/posts"}],"about":[{"href":"https:\/\/ostrowskatv.pl\/index.php?rest_route=\/wp\/v2\/types\/post"}],"author":[{"embeddable":true,"href":"https:\/\/ostrowskatv.pl\/index.php?rest_route=\/wp\/v2\/users\/1"}],"replies":[{"embeddable":true,"href":"https:\/\/ostrowskatv.pl\/index.php?rest_route=%2Fwp%2Fv2%2Fcomments&post=2159"}],"version-history":[{"count":0,"href":"https:\/\/ostrowskatv.pl\/index.php?rest_route=\/wp\/v2\/posts\/2159\/revisions"}],"wp:featuredmedia":[{"embeddable":true,"href":"https:\/\/ostrowskatv.pl\/index.php?rest_route=\/wp\/v2\/media\/2160"}],"wp:attachment":[{"href":"https:\/\/ostrowskatv.pl\/index.php?rest_route=%2Fwp%2Fv2%2Fmedia&parent=2159"}],"wp:term":[{"taxonomy":"category","embeddable":true,"href":"https:\/\/ostrowskatv.pl\/index.php?rest_route=%2Fwp%2Fv2%2Fcategories&post=2159"},{"taxonomy":"post_tag","embeddable":true,"href":"https:\/\/ostrowskatv.pl\/index.php?rest_route=%2Fwp%2Fv2%2Ftags&post=2159"}],"curies":[{"name":"wp","href":"https:\/\/api.w.org\/{rel}","templated":true}]}}