{"id":21575,"date":"2022-10-04T21:20:32","date_gmt":"2022-10-04T20:20:32","guid":{"rendered":"https:\/\/ostrowskatv.pl\/?p=21575"},"modified":"2022-10-04T21:20:32","modified_gmt":"2022-10-04T20:20:32","slug":"nastolatek-w-bmw-rozjechal-motocykliste","status":"publish","type":"post","link":"https:\/\/ostrowskatv.pl\/?p=21575","title":{"rendered":"Nastolatek w BMW rozjecha\u0142 motocyklist\u0119"},"content":{"rendered":"<p><strong>Podczas zdarzenia na obwodnicy Ostrowa Wielkopolskiego, a kt\u00f3rym ci\u0119\u017car\u00f3wka wjecha\u0142a do rowu, dosz\u0142o do kolejnego wypadku.<\/strong><\/p>\n<p>Na czas prowadzonych dzia\u0142a\u0144 wprowadzono ruch wahad\u0142owy. Stra\u017cacy ochotnicy z Czekanowa b\u0119d\u0105c w odblaskowych kamizelkach i z latarkami wskazywali sygna\u0142 do zatrzymania si\u0119.<\/p>\n<p>31-letni kierowca z Biniewa jad\u0105c skuterem zatrzyma\u0142 si\u0119 przed stra\u017cakiem. Po chwili w jego ty\u0142 wjecha\u0142o BMW prowadzone przez 19-latka z Pleszewa. Wraz z nim podr\u00f3\u017cowa\u0142y dwie dziewczyny i dw\u00f3ch ch\u0142opak\u00f3w. Kierowca BMW przyzna\u0142, \u017ce skupi\u0142 si\u0119 na niebieskich \u015bwiat\u0142ach woz\u00f3w stra\u017cackich i nie dostrzeg\u0142 w por\u0119 stoj\u0105cego skutera.<\/p>\n<p>Kiedy rozleg\u0142 si\u0119 odg\u0142os zderzenia obu pojazd\u00f3w, wszyscy natychmiast rzucili si\u0119 na ratunek. Na jezdni le\u017ca\u0142 poszkodowany motocyklista. Pierwszej pomocy udziela\u0142 mu stra\u017cak z OSP Czekan\u00f3w odpowiedzialny za kierowanie ruchem.<\/p>\n<p>Poszkodowany motocyklista by\u0142 przytomny i uskar\u017ca\u0142 si\u0119 na lekki b\u00f3l \u0142okcia i biodra. Zosta\u0142 zabrany do szpitala na dok\u0142adniejsz\u0105 diagnostyk\u0119.<\/p>\n<p>Grupa nastolatk\u00f3w jecha\u0142a do Wt\u00f3rku kupi\u0107 telefon z og\u0142oszenia.<\/p>\n<p><img loading=\"lazy\" decoding=\"async\" src=\"https:\/\/ostrowskatv.pl\/wp-content\/uploads\/2022\/10\/20221004_210745-01-01.jpeg\" alt=\"\" width=\"1366\" height=\"775\" class=\"alignnone size-full wp-image-21576\" srcset=\"https:\/\/ostrowskatv.pl\/wp-content\/uploads\/2022\/10\/20221004_210745-01-01.jpeg 1366w, https:\/\/ostrowskatv.pl\/wp-content\/uploads\/2022\/10\/20221004_210745-01-01-300x170.jpeg 300w, https:\/\/ostrowskatv.pl\/wp-content\/uploads\/2022\/10\/20221004_210745-01-01-635x360.jpeg 635w, https:\/\/ostrowskatv.pl\/wp-content\/uploads\/2022\/10\/20221004_210745-01-01-388x220.jpeg 388w\" sizes=\"auto, (max-width: 1366px) 100vw, 1366px\" \/><\/p>\n<p><img loading=\"lazy\" decoding=\"async\" src=\"https:\/\/ostrowskatv.pl\/wp-content\/uploads\/2022\/10\/20221004_210300-01-01.jpeg\" alt=\"\" width=\"1366\" height=\"1025\" class=\"alignnone size-full wp-image-21577\" srcset=\"https:\/\/ostrowskatv.pl\/wp-content\/uploads\/2022\/10\/20221004_210300-01-01.jpeg 1366w, https:\/\/ostrowskatv.pl\/wp-content\/uploads\/2022\/10\/20221004_210300-01-01-300x225.jpeg 300w, https:\/\/ostrowskatv.pl\/wp-content\/uploads\/2022\/10\/20221004_210300-01-01-480x360.jpeg 480w\" sizes=\"auto, (max-width: 1366px) 100vw, 1366px\" \/><\/p>\n<p><img loading=\"lazy\" decoding=\"async\" src=\"https:\/\/ostrowskatv.pl\/wp-content\/uploads\/2022\/10\/20221004_210953-01.jpeg\" alt=\"\" width=\"1366\" height=\"949\" class=\"alignnone size-full wp-image-21578\" srcset=\"https:\/\/ostrowskatv.pl\/wp-content\/uploads\/2022\/10\/20221004_210953-01.jpeg 1366w, https:\/\/ostrowskatv.pl\/wp-content\/uploads\/2022\/10\/20221004_210953-01-300x208.jpeg 300w, https:\/\/ostrowskatv.pl\/wp-content\/uploads\/2022\/10\/20221004_210953-01-518x360.jpeg 518w\" sizes=\"auto, (max-width: 1366px) 100vw, 1366px\" \/><\/p>\n<p><img loading=\"lazy\" decoding=\"async\" src=\"https:\/\/ostrowskatv.pl\/wp-content\/uploads\/2022\/10\/20221004_210732-01.jpeg\" alt=\"\" width=\"1365\" height=\"757\" class=\"alignnone size-full wp-image-21579\" srcset=\"https:\/\/ostrowskatv.pl\/wp-content\/uploads\/2022\/10\/20221004_210732-01.jpeg 1365w, https:\/\/ostrowskatv.pl\/wp-content\/uploads\/2022\/10\/20221004_210732-01-300x166.jpeg 300w, https:\/\/ostrowskatv.pl\/wp-content\/uploads\/2022\/10\/20221004_210732-01-640x355.jpeg 640w\" sizes=\"auto, (max-width: 1365px) 100vw, 1365px\" \/><\/p>\n<p><img loading=\"lazy\" decoding=\"async\" src=\"https:\/\/ostrowskatv.pl\/wp-content\/uploads\/2022\/10\/20221004_210258-01.jpeg\" alt=\"\" width=\"1366\" height=\"926\" class=\"alignnone size-full wp-image-21580\" srcset=\"https:\/\/ostrowskatv.pl\/wp-content\/uploads\/2022\/10\/20221004_210258-01.jpeg 1366w, https:\/\/ostrowskatv.pl\/wp-content\/uploads\/2022\/10\/20221004_210258-01-300x203.jpeg 300w, https:\/\/ostrowskatv.pl\/wp-content\/uploads\/2022\/10\/20221004_210258-01-531x360.jpeg 531w\" sizes=\"auto, (max-width: 1366px) 100vw, 1366px\" \/><\/p>\n","protected":false},"excerpt":{"rendered":"Podczas zdarzenia na obwodnicy Ostrowa Wielkopolskiego, a kt\u00f3rym ci\u0119\u017car\u00f3wka wjecha\u0142a do rowu, dosz\u0142o do kolejnego wypadku. Na czas prowadzonych dzia\u0142a\u0144 wprowadzono ruch wahad\u0142owy. \n<a class=\"moretag\" href=\"https:\/\/ostrowskatv.pl\/?p=21575\"> [...]<\/a>","protected":false},"author":1,"featured_media":21576,"comment_status":"open","ping_status":"closed","sticky":false,"template":"","format":"standard","meta":{"footnotes":""},"categories":[1],"tags":[139],"class_list":["post-21575","post","type-post","status-publish","format-standard","has-post-thumbnail","hentry","category-news","tag-obwodnica-ostrowa"],"_links":{"self":[{"href":"https:\/\/ostrowskatv.pl\/index.php?rest_route=\/wp\/v2\/posts\/21575","targetHints":{"allow":["GET"]}}],"collection":[{"href":"https:\/\/ostrowskatv.pl\/index.php?rest_route=\/wp\/v2\/posts"}],"about":[{"href":"https:\/\/ostrowskatv.pl\/index.php?rest_route=\/wp\/v2\/types\/post"}],"author":[{"embeddable":true,"href":"https:\/\/ostrowskatv.pl\/index.php?rest_route=\/wp\/v2\/users\/1"}],"replies":[{"embeddable":true,"href":"https:\/\/ostrowskatv.pl\/index.php?rest_route=%2Fwp%2Fv2%2Fcomments&post=21575"}],"version-history":[{"count":0,"href":"https:\/\/ostrowskatv.pl\/index.php?rest_route=\/wp\/v2\/posts\/21575\/revisions"}],"wp:featuredmedia":[{"embeddable":true,"href":"https:\/\/ostrowskatv.pl\/index.php?rest_route=\/wp\/v2\/media\/21576"}],"wp:attachment":[{"href":"https:\/\/ostrowskatv.pl\/index.php?rest_route=%2Fwp%2Fv2%2Fmedia&parent=21575"}],"wp:term":[{"taxonomy":"category","embeddable":true,"href":"https:\/\/ostrowskatv.pl\/index.php?rest_route=%2Fwp%2Fv2%2Fcategories&post=21575"},{"taxonomy":"post_tag","embeddable":true,"href":"https:\/\/ostrowskatv.pl\/index.php?rest_route=%2Fwp%2Fv2%2Ftags&post=21575"}],"curies":[{"name":"wp","href":"https:\/\/api.w.org\/{rel}","templated":true}]}}