{"id":21564,"date":"2022-10-04T20:54:51","date_gmt":"2022-10-04T19:54:51","guid":{"rendered":"https:\/\/ostrowskatv.pl\/?p=21564"},"modified":"2022-10-04T20:54:51","modified_gmt":"2022-10-04T19:54:51","slug":"uniknal-tragedii-na-drodze-sprawca-najpierw-uciekl-ale","status":"publish","type":"post","link":"https:\/\/ostrowskatv.pl\/?p=21564","title":{"rendered":"Unikn\u0105\u0142 tragedii na drodze. Sprawca najpierw uciek\u0142, ale&#8230;"},"content":{"rendered":"<p><strong>O godzinie 20 dosz\u0142o do mro\u017c\u0105cej krew w \u017cy\u0142ach sytuacji na obwodnicy Ostrowa Wielkopolskiego. Samoch\u00f3d ci\u0119\u017carowy wpad\u0142 do rowu, a sprawca pierwotnie odjecha\u0142.<\/strong> <\/p>\n<p>30-letni kierowca z wojew\u00f3dztwa kieleckiego jecha\u0142 samochodem ci\u0119\u017carowym wype\u0142nionym wod\u0105 mineraln\u0105. Jad\u0105c w stron\u0119 Poznanja<\/p>\n<p>Na odcinku galeria-Karski mog\u0142o doj\u015b\u0107 do tragedii. Od strony Pleszewa ci\u0119\u017car\u00f3wk\u0119 wyprzedza\u0142 samoch\u00f3d osobowy. Na \u0142uku drogi postanowi\u0142 doko\u0144czy\u0107 ten manewr, pomimo jad\u0105cego z przeciwka tira.<\/p>\n<p>30-letni kierowca ci\u0119\u017car\u00f3wki pr\u00f3bowa\u0142 unikn\u0105\u0107 czo\u0142owego zderzenia i zjecha\u0142 na prawo, co spowodowa\u0142o \u017ce ca\u0142y pojazd wjecha\u0142 do rowu i przewr\u00f3ci\u0142 si\u0119 na bok. Kierowcy samochodu ci\u0119\u017carowego nic si\u0119 nie sta\u0142o.<\/p>\n<p>Sprawca pierwotnie zjecha\u0142 na pobliski parking, ale po chwili odjecha\u0142 nie pozostawiaj\u0105c \u017cadnych danych.<\/p>\n<p>W takiej sytuacji w\u0142a\u015bciciel firmy transportowej musia\u0142by z w\u0142asnych pieni\u0119dzy pokry\u0107 akcj\u0119 wyci\u0105gania pojazdu i uszkodzenia pojazdu. <\/p>\n<p>Po 45 minutach sprawca zdarzenia, kierowca volkswagena z powiatu ostrzeszowskiego, powr\u00f3ci\u0142 na miejsce zdarzenia. By\u0107 mo\u017ce do tej decyzji przyczyni\u0142a si\u0119 kobieta jad\u0105ca jako pasa\u017cerka. Dzi\u0119ki temu straty i akcj\u0119 pomocy drogowej pokryje ubezpieczyciel.<\/p>\n<p>Przed postawieniem ci\u0119\u017car\u00f3wki trzeba roz\u0142adowa\u0107 tira pe\u0142nego wody butelkowanej.<\/p>\n<p>Kiedy na drodze odbywa\u0142 si\u0119 ruch wahad\u0142owy, dosz\u0142o do kolejnego wypadku. Ale o tym w kolejnym artykule.<\/p>\n<p><img loading=\"lazy\" decoding=\"async\" src=\"https:\/\/ostrowskatv.pl\/wp-content\/uploads\/2022\/10\/20221004_200720-01.jpeg\" alt=\"\" width=\"1366\" height=\"873\" class=\"alignnone size-full wp-image-21565\" srcset=\"https:\/\/ostrowskatv.pl\/wp-content\/uploads\/2022\/10\/20221004_200720-01.jpeg 1366w, https:\/\/ostrowskatv.pl\/wp-content\/uploads\/2022\/10\/20221004_200720-01-300x192.jpeg 300w, https:\/\/ostrowskatv.pl\/wp-content\/uploads\/2022\/10\/20221004_200720-01-563x360.jpeg 563w\" sizes=\"auto, (max-width: 1366px) 100vw, 1366px\" \/><\/p>\n<p><img loading=\"lazy\" decoding=\"async\" src=\"https:\/\/ostrowskatv.pl\/wp-content\/uploads\/2022\/10\/20221004_200801-01.jpeg\" alt=\"\" width=\"1366\" height=\"639\" class=\"alignnone size-full wp-image-21566\" srcset=\"https:\/\/ostrowskatv.pl\/wp-content\/uploads\/2022\/10\/20221004_200801-01.jpeg 1366w, https:\/\/ostrowskatv.pl\/wp-content\/uploads\/2022\/10\/20221004_200801-01-300x140.jpeg 300w, https:\/\/ostrowskatv.pl\/wp-content\/uploads\/2022\/10\/20221004_200801-01-640x299.jpeg 640w\" sizes=\"auto, (max-width: 1366px) 100vw, 1366px\" \/><\/p>\n<p><img loading=\"lazy\" decoding=\"async\" src=\"https:\/\/ostrowskatv.pl\/wp-content\/uploads\/2022\/10\/20221004_200732-01.jpeg\" alt=\"\" width=\"1366\" height=\"1025\" class=\"alignnone size-full wp-image-21567\" srcset=\"https:\/\/ostrowskatv.pl\/wp-content\/uploads\/2022\/10\/20221004_200732-01.jpeg 1366w, https:\/\/ostrowskatv.pl\/wp-content\/uploads\/2022\/10\/20221004_200732-01-300x225.jpeg 300w, https:\/\/ostrowskatv.pl\/wp-content\/uploads\/2022\/10\/20221004_200732-01-480x360.jpeg 480w\" sizes=\"auto, (max-width: 1366px) 100vw, 1366px\" \/><\/p>\n<p><img loading=\"lazy\" decoding=\"async\" src=\"https:\/\/ostrowskatv.pl\/wp-content\/uploads\/2022\/10\/20221004_200819-01.jpeg\" alt=\"\" width=\"1366\" height=\"726\" class=\"alignnone size-full wp-image-21568\" srcset=\"https:\/\/ostrowskatv.pl\/wp-content\/uploads\/2022\/10\/20221004_200819-01.jpeg 1366w, https:\/\/ostrowskatv.pl\/wp-content\/uploads\/2022\/10\/20221004_200819-01-300x159.jpeg 300w, https:\/\/ostrowskatv.pl\/wp-content\/uploads\/2022\/10\/20221004_200819-01-640x340.jpeg 640w\" sizes=\"auto, (max-width: 1366px) 100vw, 1366px\" \/><\/p>\n<p><img loading=\"lazy\" decoding=\"async\" src=\"https:\/\/ostrowskatv.pl\/wp-content\/uploads\/2022\/10\/20221004_201132-01.jpeg\" alt=\"\" width=\"1366\" height=\"763\" class=\"alignnone size-full wp-image-21569\" srcset=\"https:\/\/ostrowskatv.pl\/wp-content\/uploads\/2022\/10\/20221004_201132-01.jpeg 1366w, https:\/\/ostrowskatv.pl\/wp-content\/uploads\/2022\/10\/20221004_201132-01-300x168.jpeg 300w, https:\/\/ostrowskatv.pl\/wp-content\/uploads\/2022\/10\/20221004_201132-01-640x357.jpeg 640w\" sizes=\"auto, (max-width: 1366px) 100vw, 1366px\" \/><\/p>\n<p><img loading=\"lazy\" decoding=\"async\" src=\"https:\/\/ostrowskatv.pl\/wp-content\/uploads\/2022\/10\/20221004_205236-01.jpeg\" alt=\"\" width=\"1366\" height=\"935\" class=\"alignnone size-full wp-image-21570\" srcset=\"https:\/\/ostrowskatv.pl\/wp-content\/uploads\/2022\/10\/20221004_205236-01.jpeg 1366w, https:\/\/ostrowskatv.pl\/wp-content\/uploads\/2022\/10\/20221004_205236-01-300x205.jpeg 300w, https:\/\/ostrowskatv.pl\/wp-content\/uploads\/2022\/10\/20221004_205236-01-526x360.jpeg 526w\" sizes=\"auto, (max-width: 1366px) 100vw, 1366px\" \/><\/p>\n<p><img loading=\"lazy\" decoding=\"async\" src=\"https:\/\/ostrowskatv.pl\/wp-content\/uploads\/2022\/10\/20221004_201137-01.jpeg\" alt=\"\" width=\"1366\" height=\"774\" class=\"alignnone size-full wp-image-21571\" srcset=\"https:\/\/ostrowskatv.pl\/wp-content\/uploads\/2022\/10\/20221004_201137-01.jpeg 1366w, https:\/\/ostrowskatv.pl\/wp-content\/uploads\/2022\/10\/20221004_201137-01-300x170.jpeg 300w, https:\/\/ostrowskatv.pl\/wp-content\/uploads\/2022\/10\/20221004_201137-01-635x360.jpeg 635w, https:\/\/ostrowskatv.pl\/wp-content\/uploads\/2022\/10\/20221004_201137-01-388x220.jpeg 388w\" sizes=\"auto, (max-width: 1366px) 100vw, 1366px\" \/><\/p>\n<p><img loading=\"lazy\" decoding=\"async\" src=\"https:\/\/ostrowskatv.pl\/wp-content\/uploads\/2022\/10\/20221004_205229-01.jpeg\" alt=\"\" width=\"1366\" height=\"816\" class=\"alignnone size-full wp-image-21572\" srcset=\"https:\/\/ostrowskatv.pl\/wp-content\/uploads\/2022\/10\/20221004_205229-01.jpeg 1366w, https:\/\/ostrowskatv.pl\/wp-content\/uploads\/2022\/10\/20221004_205229-01-300x179.jpeg 300w, https:\/\/ostrowskatv.pl\/wp-content\/uploads\/2022\/10\/20221004_205229-01-603x360.jpeg 603w\" sizes=\"auto, (max-width: 1366px) 100vw, 1366px\" \/><\/p>\n<p><img loading=\"lazy\" decoding=\"async\" src=\"https:\/\/ostrowskatv.pl\/wp-content\/uploads\/2022\/10\/20221004_204856-01.jpeg\" alt=\"\" width=\"1025\" height=\"1366\" class=\"alignnone size-full wp-image-21573\" srcset=\"https:\/\/ostrowskatv.pl\/wp-content\/uploads\/2022\/10\/20221004_204856-01.jpeg 1025w, https:\/\/ostrowskatv.pl\/wp-content\/uploads\/2022\/10\/20221004_204856-01-225x300.jpeg 225w, https:\/\/ostrowskatv.pl\/wp-content\/uploads\/2022\/10\/20221004_204856-01-270x360.jpeg 270w\" sizes=\"auto, (max-width: 1025px) 100vw, 1025px\" \/><\/p>\n","protected":false},"excerpt":{"rendered":"O godzinie 20 dosz\u0142o do mro\u017c\u0105cej krew w \u017cy\u0142ach sytuacji na obwodnicy Ostrowa Wielkopolskiego. Samoch\u00f3d ci\u0119\u017carowy wpad\u0142 do rowu, a sprawca pierwotnie odjecha\u0142. \n<a class=\"moretag\" href=\"https:\/\/ostrowskatv.pl\/?p=21564\"> [...]<\/a>","protected":false},"author":1,"featured_media":21569,"comment_status":"open","ping_status":"closed","sticky":false,"template":"","format":"standard","meta":{"footnotes":""},"categories":[1],"tags":[139],"class_list":["post-21564","post","type-post","status-publish","format-standard","has-post-thumbnail","hentry","category-news","tag-obwodnica-ostrowa"],"_links":{"self":[{"href":"https:\/\/ostrowskatv.pl\/index.php?rest_route=\/wp\/v2\/posts\/21564","targetHints":{"allow":["GET"]}}],"collection":[{"href":"https:\/\/ostrowskatv.pl\/index.php?rest_route=\/wp\/v2\/posts"}],"about":[{"href":"https:\/\/ostrowskatv.pl\/index.php?rest_route=\/wp\/v2\/types\/post"}],"author":[{"embeddable":true,"href":"https:\/\/ostrowskatv.pl\/index.php?rest_route=\/wp\/v2\/users\/1"}],"replies":[{"embeddable":true,"href":"https:\/\/ostrowskatv.pl\/index.php?rest_route=%2Fwp%2Fv2%2Fcomments&post=21564"}],"version-history":[{"count":0,"href":"https:\/\/ostrowskatv.pl\/index.php?rest_route=\/wp\/v2\/posts\/21564\/revisions"}],"wp:featuredmedia":[{"embeddable":true,"href":"https:\/\/ostrowskatv.pl\/index.php?rest_route=\/wp\/v2\/media\/21569"}],"wp:attachment":[{"href":"https:\/\/ostrowskatv.pl\/index.php?rest_route=%2Fwp%2Fv2%2Fmedia&parent=21564"}],"wp:term":[{"taxonomy":"category","embeddable":true,"href":"https:\/\/ostrowskatv.pl\/index.php?rest_route=%2Fwp%2Fv2%2Fcategories&post=21564"},{"taxonomy":"post_tag","embeddable":true,"href":"https:\/\/ostrowskatv.pl\/index.php?rest_route=%2Fwp%2Fv2%2Ftags&post=21564"}],"curies":[{"name":"wp","href":"https:\/\/api.w.org\/{rel}","templated":true}]}}