{"id":2152,"date":"2016-09-03T20:00:34","date_gmt":"2016-09-03T19:00:34","guid":{"rendered":"http:\/\/ostrowska.tv\/?p=2152"},"modified":"2016-09-03T20:01:08","modified_gmt":"2016-09-03T19:01:08","slug":"rekord-w-zumbie-ale-czy-na-pewno","status":"publish","type":"post","link":"https:\/\/ostrowskatv.pl\/?p=2152","title":{"rendered":"W\u0105tpliwo\u015bci co do rekordu w ZUMBIE"},"content":{"rendered":"<p><strong>3 wrze\u015bnia 2016 r. na Piaskach-Szczygliczce odbywa\u0142o si\u0119 zako\u0144czenie Lata na Piaskach. W\u015br\u00f3d wielu atrakcji, najwi\u0119cej zainteresowania wzbudza\u0142o bicie rekordu Polski w ilo\u015bci os\u00f3b ta\u0144cz\u0105cych Zumb\u0119. Organizatorzy og\u0142osili, \u017ce 1488 os\u00f3b ta\u0144czy\u0142o Zumb\u0119. Wywo\u0142a\u0142o to wielk\u0105 rado\u015b\u0107 w\u015br\u00f3d zgromadzonych. Jednak zdj\u0119cie z drona wykonane o godzinie 16:20 poddaje pod w\u0105tpliwo\u015b\u0107 te rewelacje.\u00a0<\/strong><\/p>\n<p>Wed\u0142ug oblicze\u0144 dokonanych na podstawie zdj\u0119cia z drona wysz\u0142o tylko 1030 os\u00f3b +\/-10. Wynika z tego, \u017ce podana liczba ze sceny jest o 25% zawy\u017cona. Sk\u0105d tak du\u017ca rozbie\u017cno\u015b\u0107? Mo\u017cliwe, \u017ce osoby rejestruj\u0105ce si\u0119 do bicia rekordu nie wzi\u0119\u0142y w nim udzia\u0142u. Rejestrowa\u0107 mo\u017cna by\u0142o si\u0119 na miejscu od godziny 13:30. P\u00f3\u0142torej godziny p\u00f3\u017aniej rozpocz\u0119\u0142a si\u0119 pierwsza cz\u0119\u015b\u0107 Zumby wyr\u00f3\u017cniaj\u0105ca si\u0119 DJ-em miksuj\u0105cym na \u017cywo t\u0119 muzyk\u0119. I dopiero od 16:00 rozpocz\u0119to w\u0142a\u015bciw\u0105 cz\u0119\u015b\u0107 bicia rekordu.<\/p>\n<p>Dla uznania rekordu trzeba by\u0142o ta\u0144czy\u0107 przez 35 minut. Organizatorzy jednak wyd\u0142u\u017cyli ten czas do 60 minut. Dlatego zdj\u0119cie wykonane o godzinie 16:20 jak najbardziej zasadnie kwestionuje pierwsze informacje o pobitym rekordzie.<\/p>\n<p>Przypomnijmy, \u017ce trzy lata temu we Wroc\u0142awiu wiele medi\u00f3w, tak\u017ce og\u00f3lnopolskich, og\u0142asza\u0142o pobicie rekordu. Jednak wtedy okaza\u0142o si\u0119, \u017ce organizatorzy podali liczb\u0119 uczestnik\u00f3w zawy\u017con\u0105 o&#8230; 100%!\u00a0 Rekordu ostatecznie nie uznano, ale informacja o jego rzekomym pobiciu posz\u0142a w \u015bwiat.<\/p>\n<p>Obecnie osoby zwi\u0105zane z Polsk\u0105 Zumb\u0105 przeanalizuj\u0105 zgromadzony materia\u0142 i zdecyduj\u0105 czy zaliczy\u0107 dzisiejszy &#8222;rekord&#8221;. Oczywi\u015bcie ca\u0142a impreza by\u0142a na plus i warto by odbywa\u0142a si\u0119 co roku. Dzi\u0119ki niej ledwo \u017cywe na co dzie\u0144 Piaski od\u017cywaj\u0105.<\/p>\n<p>Kliknij aby powi\u0119kszy\u0107<\/p>\n<div id='gallery-1' class='gallery galleryid-2152 gallery-columns-3 gallery-size-thumbnail'><figure class='gallery-item'>\n\t\t\t<div class='gallery-icon landscape'>\n\t\t\t\t<a href='https:\/\/ostrowskatv.pl\/?attachment_id=2154'><img loading=\"lazy\" decoding=\"async\" width=\"150\" height=\"150\" src=\"https:\/\/ostrowskatv.pl\/wp-content\/uploads\/2016\/09\/liczenie-zumba-www-150x150.jpg\" class=\"attachment-thumbnail size-thumbnail\" alt=\"\" \/><\/a>\n\t\t\t<\/div><\/figure>\n\t\t<\/div>\n\n","protected":false},"excerpt":{"rendered":"3 wrze\u015bnia 2016 r. na Piaskach-Szczygliczce odbywa\u0142o si\u0119 zako\u0144czenie Lata na Piaskach. W\u015br\u00f3d wielu atrakcji, najwi\u0119cej zainteresowania wzbudza\u0142o bicie rekordu Polski w ilo\u015bci \n<a class=\"moretag\" href=\"https:\/\/ostrowskatv.pl\/?p=2152\"> [...]<\/a>","protected":false},"author":1,"featured_media":2153,"comment_status":"open","ping_status":"open","sticky":false,"template":"","format":"standard","meta":{"footnotes":""},"categories":[1],"tags":[2],"class_list":["post-2152","post","type-post","status-publish","format-standard","has-post-thumbnail","hentry","category-news","tag-ostrow-wielkopolski"],"_links":{"self":[{"href":"https:\/\/ostrowskatv.pl\/index.php?rest_route=\/wp\/v2\/posts\/2152","targetHints":{"allow":["GET"]}}],"collection":[{"href":"https:\/\/ostrowskatv.pl\/index.php?rest_route=\/wp\/v2\/posts"}],"about":[{"href":"https:\/\/ostrowskatv.pl\/index.php?rest_route=\/wp\/v2\/types\/post"}],"author":[{"embeddable":true,"href":"https:\/\/ostrowskatv.pl\/index.php?rest_route=\/wp\/v2\/users\/1"}],"replies":[{"embeddable":true,"href":"https:\/\/ostrowskatv.pl\/index.php?rest_route=%2Fwp%2Fv2%2Fcomments&post=2152"}],"version-history":[{"count":0,"href":"https:\/\/ostrowskatv.pl\/index.php?rest_route=\/wp\/v2\/posts\/2152\/revisions"}],"wp:featuredmedia":[{"embeddable":true,"href":"https:\/\/ostrowskatv.pl\/index.php?rest_route=\/wp\/v2\/media\/2153"}],"wp:attachment":[{"href":"https:\/\/ostrowskatv.pl\/index.php?rest_route=%2Fwp%2Fv2%2Fmedia&parent=2152"}],"wp:term":[{"taxonomy":"category","embeddable":true,"href":"https:\/\/ostrowskatv.pl\/index.php?rest_route=%2Fwp%2Fv2%2Fcategories&post=2152"},{"taxonomy":"post_tag","embeddable":true,"href":"https:\/\/ostrowskatv.pl\/index.php?rest_route=%2Fwp%2Fv2%2Ftags&post=2152"}],"curies":[{"name":"wp","href":"https:\/\/api.w.org\/{rel}","templated":true}]}}