{"id":21506,"date":"2022-10-01T09:07:19","date_gmt":"2022-10-01T08:07:19","guid":{"rendered":"https:\/\/ostrowskatv.pl\/?p=21506"},"modified":"2022-10-01T09:07:19","modified_gmt":"2022-10-01T08:07:19","slug":"ciezarowka-przewrocila-sie-na-trasie-ostrow-pleszew","status":"publish","type":"post","link":"https:\/\/ostrowskatv.pl\/?p=21506","title":{"rendered":"Ci\u0119\u017car\u00f3wka przewr\u00f3ci\u0142a si\u0119 na trasie Ostr\u00f3w &#8211; Pleszew"},"content":{"rendered":"<p><strong>P\u00f3\u0142 nocy trwa\u0142y utrudnienia w ruchu na drodze krajowej nr 11 w miejscowo\u015bci \u017bychlin (po\u0142o\u017conej blisko Sob\u00f3tki). Powodem by\u0142o przewr\u00f3cenie si\u0119 samochodu ci\u0119\u017carowego, a konkretnie przyczepy.<\/strong><\/p>\n<p>Mercedesem kierowa\u0142 65-letni mieszkaniec wojew\u00f3dztwa \u015bl\u0105skiego. Na \u0142uku drogi straci\u0142 panowanie nad pojazdem, w wyniku czego przyczepa przewr\u00f3ci\u0142a si\u0119 i zablokowa\u0142a przejazd.<\/p>\n<p>Towar na szcz\u0119\u015bcie nie wypad\u0142 na drog\u0119. Kierowca by\u0142 trze\u017awy i nie odni\u00f3s\u0142 obra\u017ce\u0144. Zosta\u0142 ukarany mandatem karnym.<\/p>\n<p><img loading=\"lazy\" decoding=\"async\" src=\"https:\/\/ostrowskatv.pl\/wp-content\/uploads\/2022\/10\/20221001_042514-01.jpeg\" alt=\"\" width=\"1366\" height=\"799\" class=\"alignnone size-full wp-image-21507\" srcset=\"https:\/\/ostrowskatv.pl\/wp-content\/uploads\/2022\/10\/20221001_042514-01.jpeg 1366w, https:\/\/ostrowskatv.pl\/wp-content\/uploads\/2022\/10\/20221001_042514-01-300x175.jpeg 300w, https:\/\/ostrowskatv.pl\/wp-content\/uploads\/2022\/10\/20221001_042514-01-615x360.jpeg 615w, https:\/\/ostrowskatv.pl\/wp-content\/uploads\/2022\/10\/20221001_042514-01-752x440.jpeg 752w\" sizes=\"auto, (max-width: 1366px) 100vw, 1366px\" \/><\/p>\n<p><img loading=\"lazy\" decoding=\"async\" src=\"https:\/\/ostrowskatv.pl\/wp-content\/uploads\/2022\/10\/20221001_042546-01.jpeg\" alt=\"\" width=\"1366\" height=\"785\" class=\"alignnone size-full wp-image-21508\" srcset=\"https:\/\/ostrowskatv.pl\/wp-content\/uploads\/2022\/10\/20221001_042546-01.jpeg 1366w, https:\/\/ostrowskatv.pl\/wp-content\/uploads\/2022\/10\/20221001_042546-01-300x172.jpeg 300w, https:\/\/ostrowskatv.pl\/wp-content\/uploads\/2022\/10\/20221001_042546-01-626x360.jpeg 626w\" sizes=\"auto, (max-width: 1366px) 100vw, 1366px\" \/><\/p>\n<p><img loading=\"lazy\" decoding=\"async\" src=\"https:\/\/ostrowskatv.pl\/wp-content\/uploads\/2022\/10\/20221001_042535-01.jpeg\" alt=\"\" width=\"1366\" height=\"775\" class=\"alignnone size-full wp-image-21509\" srcset=\"https:\/\/ostrowskatv.pl\/wp-content\/uploads\/2022\/10\/20221001_042535-01.jpeg 1366w, https:\/\/ostrowskatv.pl\/wp-content\/uploads\/2022\/10\/20221001_042535-01-300x170.jpeg 300w, https:\/\/ostrowskatv.pl\/wp-content\/uploads\/2022\/10\/20221001_042535-01-635x360.jpeg 635w, https:\/\/ostrowskatv.pl\/wp-content\/uploads\/2022\/10\/20221001_042535-01-388x220.jpeg 388w\" sizes=\"auto, (max-width: 1366px) 100vw, 1366px\" \/><\/p>\n<p><img loading=\"lazy\" decoding=\"async\" src=\"https:\/\/ostrowskatv.pl\/wp-content\/uploads\/2022\/10\/20221001_042523-01.jpeg\" alt=\"\" width=\"1366\" height=\"877\" class=\"alignnone size-full wp-image-21510\" srcset=\"https:\/\/ostrowskatv.pl\/wp-content\/uploads\/2022\/10\/20221001_042523-01.jpeg 1366w, https:\/\/ostrowskatv.pl\/wp-content\/uploads\/2022\/10\/20221001_042523-01-300x193.jpeg 300w, https:\/\/ostrowskatv.pl\/wp-content\/uploads\/2022\/10\/20221001_042523-01-561x360.jpeg 561w\" sizes=\"auto, (max-width: 1366px) 100vw, 1366px\" \/><\/p>\n<p><img loading=\"lazy\" decoding=\"async\" src=\"https:\/\/ostrowskatv.pl\/wp-content\/uploads\/2022\/10\/20221001_042435-01.jpeg\" alt=\"\" width=\"1366\" height=\"763\" class=\"alignnone size-full wp-image-21511\" srcset=\"https:\/\/ostrowskatv.pl\/wp-content\/uploads\/2022\/10\/20221001_042435-01.jpeg 1366w, https:\/\/ostrowskatv.pl\/wp-content\/uploads\/2022\/10\/20221001_042435-01-300x168.jpeg 300w, https:\/\/ostrowskatv.pl\/wp-content\/uploads\/2022\/10\/20221001_042435-01-640x357.jpeg 640w\" sizes=\"auto, (max-width: 1366px) 100vw, 1366px\" \/><\/p>\n","protected":false},"excerpt":{"rendered":"P\u00f3\u0142 nocy trwa\u0142y utrudnienia w ruchu na drodze krajowej nr 11 w miejscowo\u015bci \u017bychlin (po\u0142o\u017conej blisko Sob\u00f3tki). Powodem by\u0142o przewr\u00f3cenie si\u0119 samochodu ci\u0119\u017carowego, \n<a class=\"moretag\" href=\"https:\/\/ostrowskatv.pl\/?p=21506\"> [...]<\/a>","protected":false},"author":1,"featured_media":21507,"comment_status":"open","ping_status":"closed","sticky":false,"template":"","format":"standard","meta":{"footnotes":""},"categories":[1],"tags":[116],"class_list":["post-21506","post","type-post","status-publish","format-standard","has-post-thumbnail","hentry","category-news","tag-dk11"],"_links":{"self":[{"href":"https:\/\/ostrowskatv.pl\/index.php?rest_route=\/wp\/v2\/posts\/21506","targetHints":{"allow":["GET"]}}],"collection":[{"href":"https:\/\/ostrowskatv.pl\/index.php?rest_route=\/wp\/v2\/posts"}],"about":[{"href":"https:\/\/ostrowskatv.pl\/index.php?rest_route=\/wp\/v2\/types\/post"}],"author":[{"embeddable":true,"href":"https:\/\/ostrowskatv.pl\/index.php?rest_route=\/wp\/v2\/users\/1"}],"replies":[{"embeddable":true,"href":"https:\/\/ostrowskatv.pl\/index.php?rest_route=%2Fwp%2Fv2%2Fcomments&post=21506"}],"version-history":[{"count":0,"href":"https:\/\/ostrowskatv.pl\/index.php?rest_route=\/wp\/v2\/posts\/21506\/revisions"}],"wp:featuredmedia":[{"embeddable":true,"href":"https:\/\/ostrowskatv.pl\/index.php?rest_route=\/wp\/v2\/media\/21507"}],"wp:attachment":[{"href":"https:\/\/ostrowskatv.pl\/index.php?rest_route=%2Fwp%2Fv2%2Fmedia&parent=21506"}],"wp:term":[{"taxonomy":"category","embeddable":true,"href":"https:\/\/ostrowskatv.pl\/index.php?rest_route=%2Fwp%2Fv2%2Fcategories&post=21506"},{"taxonomy":"post_tag","embeddable":true,"href":"https:\/\/ostrowskatv.pl\/index.php?rest_route=%2Fwp%2Fv2%2Ftags&post=21506"}],"curies":[{"name":"wp","href":"https:\/\/api.w.org\/{rel}","templated":true}]}}