{"id":21472,"date":"2022-09-28T13:43:21","date_gmt":"2022-09-28T12:43:21","guid":{"rendered":"https:\/\/ostrowskatv.pl\/?p=21472"},"modified":"2022-09-28T13:43:21","modified_gmt":"2022-09-28T12:43:21","slug":"to-on-jest-podejrzany-o-wspoludzial-w-zabojstwie-dziennikarza","status":"publish","type":"post","link":"https:\/\/ostrowskatv.pl\/?p=21472","title":{"rendered":"To on jest podejrzany o wsp\u00f3\u0142udzia\u0142 w zab\u00f3jstwie dziennikarza"},"content":{"rendered":"<p><strong>Dzi\u015b w kaliskim s\u0105dzie odby\u0142o si\u0119 posiedzenie aresztowe m\u0119\u017cczyzny, kt\u00f3ry zosta\u0142 spektakularnie zatrzymany w poniedzia\u0142kowe po\u0142udnie w bloku przy Komuny Paryskiej 17 w Ostrowie Wlkp. Prokurator zawnioskowa\u0142 na podstawie wniosku z Kr\u00f3lestwa Niderland\u00f3w o tymczasowy areszt i ekstradycj\u0119 do miejsca pope\u0142nienia zbrodni.<\/strong><\/p>\n<p>W lipcu 2021 roku zamordowano najbardziej znanego dziennikarza \u015bledczego w Holandii. Wszystko wskazuje na to, \u017ce zosta\u0142 zastrzelony przez Holendra. W sprawie zatrzymano r\u00f3wnie\u017c dw\u00f3ch Polak\u00f3w, z czego jeden z nich mia\u0142 dowie\u017a\u0107 na miejsce zbrodni sprawc\u0119. Nie wiadomo jeszcze jak\u0105 rol\u0119 pe\u0142ni\u0142 Krystian W. On sam na korytarzu zaprzeczy\u0142 jakoby mia\u0142 cokolwiek wsp\u00f3lnego z tym zdarzeniem. O sprawie dowiedzia\u0142 si\u0119 z medi\u00f3w.<\/p>\n<p>Uda\u0142o si\u0119 nam  ustali\u0107, \u017ce jeszcze jako nastolatek by\u0142 ju\u017c notowany na terenie Kr\u00f3lestwa Niderland\u00f3w. W kartotece mo\u017cna zobaczy\u0107 notowanie za pobicie, kradzie\u017c i spowodowanie wypadku.<\/p>\n<p>Sprawa za posiadanie narkotyk\u00f3w w Ostrowie Wlkp. b\u0119dzie r\u00f3wnie\u017c prowadzona przez Kr\u00f3lestwo Niderland\u00f3w.<\/p>\n<p><img loading=\"lazy\" decoding=\"async\" src=\"https:\/\/ostrowskatv.pl\/wp-content\/uploads\/2022\/09\/20220928_084436-01.jpeg\" alt=\"\" width=\"1366\" height=\"1054\" class=\"alignnone size-full wp-image-21466\" srcset=\"https:\/\/ostrowskatv.pl\/wp-content\/uploads\/2022\/09\/20220928_084436-01.jpeg 1366w, https:\/\/ostrowskatv.pl\/wp-content\/uploads\/2022\/09\/20220928_084436-01-300x231.jpeg 300w, https:\/\/ostrowskatv.pl\/wp-content\/uploads\/2022\/09\/20220928_084436-01-467x360.jpeg 467w\" sizes=\"auto, (max-width: 1366px) 100vw, 1366px\" \/><\/p>\n","protected":false},"excerpt":{"rendered":"Dzi\u015b w kaliskim s\u0105dzie odby\u0142o si\u0119 posiedzenie aresztowe m\u0119\u017cczyzny, kt\u00f3ry zosta\u0142 spektakularnie zatrzymany w poniedzia\u0142kowe po\u0142udnie w bloku przy Komuny Paryskiej 17 w \n<a class=\"moretag\" href=\"https:\/\/ostrowskatv.pl\/?p=21472\"> [...]<\/a>","protected":false},"author":1,"featured_media":21467,"comment_status":"open","ping_status":"closed","sticky":false,"template":"","format":"standard","meta":{"footnotes":""},"categories":[1],"tags":[52],"class_list":["post-21472","post","type-post","status-publish","format-standard","has-post-thumbnail","hentry","category-news","tag-sad"],"_links":{"self":[{"href":"https:\/\/ostrowskatv.pl\/index.php?rest_route=\/wp\/v2\/posts\/21472","targetHints":{"allow":["GET"]}}],"collection":[{"href":"https:\/\/ostrowskatv.pl\/index.php?rest_route=\/wp\/v2\/posts"}],"about":[{"href":"https:\/\/ostrowskatv.pl\/index.php?rest_route=\/wp\/v2\/types\/post"}],"author":[{"embeddable":true,"href":"https:\/\/ostrowskatv.pl\/index.php?rest_route=\/wp\/v2\/users\/1"}],"replies":[{"embeddable":true,"href":"https:\/\/ostrowskatv.pl\/index.php?rest_route=%2Fwp%2Fv2%2Fcomments&post=21472"}],"version-history":[{"count":0,"href":"https:\/\/ostrowskatv.pl\/index.php?rest_route=\/wp\/v2\/posts\/21472\/revisions"}],"wp:featuredmedia":[{"embeddable":true,"href":"https:\/\/ostrowskatv.pl\/index.php?rest_route=\/wp\/v2\/media\/21467"}],"wp:attachment":[{"href":"https:\/\/ostrowskatv.pl\/index.php?rest_route=%2Fwp%2Fv2%2Fmedia&parent=21472"}],"wp:term":[{"taxonomy":"category","embeddable":true,"href":"https:\/\/ostrowskatv.pl\/index.php?rest_route=%2Fwp%2Fv2%2Fcategories&post=21472"},{"taxonomy":"post_tag","embeddable":true,"href":"https:\/\/ostrowskatv.pl\/index.php?rest_route=%2Fwp%2Fv2%2Ftags&post=21472"}],"curies":[{"name":"wp","href":"https:\/\/api.w.org\/{rel}","templated":true}]}}