{"id":21468,"date":"2022-09-28T11:43:47","date_gmt":"2022-09-28T10:43:47","guid":{"rendered":"https:\/\/ostrowskatv.pl\/?p=21468"},"modified":"2022-09-28T11:43:47","modified_gmt":"2022-09-28T10:43:47","slug":"znaleziono-cialo-przy-limanowskiego","status":"publish","type":"post","link":"https:\/\/ostrowskatv.pl\/?p=21468","title":{"rendered":"Znaleziono cia\u0142o przy Limanowskiego"},"content":{"rendered":"<p><strong>Przed godzin\u0105 11 znaleziono cia\u0142o m\u0119\u017cczyzny w zaro\u015blach przy skrzy\u017cowaniu ulic Szczeci\u0144skiej i Limanowskiego w Ostrowie Wlkp. Na miejsce wys\u0142ano dwa radiowozy oraz lekarza ze szpitala. <\/strong><\/p>\n<p>Lekarz stwierdzi\u0142 zgon 53-letniego m\u0119\u017cczyzny i wykluczy\u0142 udzia\u0142 os\u00f3b trzecich. Z informacji uzyskanych przez policj\u0119 by\u0142 to m\u0119\u017cczyzna bez sta\u0142ego miejsca zamieszkania.<\/p>\n","protected":false},"excerpt":{"rendered":"Przed godzin\u0105 11 znaleziono cia\u0142o m\u0119\u017cczyzny w zaro\u015blach przy skrzy\u017cowaniu ulic Szczeci\u0144skiej i Limanowskiego w Ostrowie Wlkp. Na miejsce wys\u0142ano dwa radiowozy oraz \n<a class=\"moretag\" href=\"https:\/\/ostrowskatv.pl\/?p=21468\"> [...]<\/a>","protected":false},"author":1,"featured_media":21469,"comment_status":"open","ping_status":"closed","sticky":false,"template":"","format":"standard","meta":{"footnotes":""},"categories":[1],"tags":[2],"class_list":["post-21468","post","type-post","status-publish","format-standard","has-post-thumbnail","hentry","category-news","tag-ostrow-wielkopolski"],"_links":{"self":[{"href":"https:\/\/ostrowskatv.pl\/index.php?rest_route=\/wp\/v2\/posts\/21468","targetHints":{"allow":["GET"]}}],"collection":[{"href":"https:\/\/ostrowskatv.pl\/index.php?rest_route=\/wp\/v2\/posts"}],"about":[{"href":"https:\/\/ostrowskatv.pl\/index.php?rest_route=\/wp\/v2\/types\/post"}],"author":[{"embeddable":true,"href":"https:\/\/ostrowskatv.pl\/index.php?rest_route=\/wp\/v2\/users\/1"}],"replies":[{"embeddable":true,"href":"https:\/\/ostrowskatv.pl\/index.php?rest_route=%2Fwp%2Fv2%2Fcomments&post=21468"}],"version-history":[{"count":0,"href":"https:\/\/ostrowskatv.pl\/index.php?rest_route=\/wp\/v2\/posts\/21468\/revisions"}],"wp:featuredmedia":[{"embeddable":true,"href":"https:\/\/ostrowskatv.pl\/index.php?rest_route=\/wp\/v2\/media\/21469"}],"wp:attachment":[{"href":"https:\/\/ostrowskatv.pl\/index.php?rest_route=%2Fwp%2Fv2%2Fmedia&parent=21468"}],"wp:term":[{"taxonomy":"category","embeddable":true,"href":"https:\/\/ostrowskatv.pl\/index.php?rest_route=%2Fwp%2Fv2%2Fcategories&post=21468"},{"taxonomy":"post_tag","embeddable":true,"href":"https:\/\/ostrowskatv.pl\/index.php?rest_route=%2Fwp%2Fv2%2Ftags&post=21468"}],"curies":[{"name":"wp","href":"https:\/\/api.w.org\/{rel}","templated":true}]}}