{"id":21462,"date":"2022-09-27T11:20:12","date_gmt":"2022-09-27T10:20:12","guid":{"rendered":"https:\/\/ostrowskatv.pl\/?p=21462"},"modified":"2022-09-27T11:20:12","modified_gmt":"2022-09-27T10:20:12","slug":"zatrzymano-podejrzanego-o-wspoludzial-w-zabojstwie","status":"publish","type":"post","link":"https:\/\/ostrowskatv.pl\/?p=21462","title":{"rendered":"Zatrzymano podejrzanego o wsp\u00f3\u0142udzia\u0142 w zab\u00f3jstwie"},"content":{"rendered":"<p><strong>Znane s\u0105 szczeg\u00f3\u0142y wczorajszej akcji przeprowadzonej w bloku Komuny Paryskiej 17 w Ostrowie Wielkopolskim. Policjanci CB\u015aP przeprowadzili spektakularn\u0105 akcj\u0119 w zwi\u0105zku z zatrzymywaniem gro\u017anego przest\u0119pcy. Zatrzymany podejrzany o wsp\u00f3\u0142udzia\u0142 w zab\u00f3jstwie niderlandzkiego dziennikarza.<\/strong><\/p>\n<p>Policjanci CB\u015aP we wsp\u00f3\u0142pracy z policj\u0105 niderlandzk\u0105 zatrzymali \u015bciganego ENA w zwi\u0105zku z podejrzeniem wsp\u00f3\u0142udzia\u0142u w zab\u00f3jstwie dziennikarza w Amsterdamie oraz udzia\u0142u w zbrojnej grupie przest\u0119pczej. Po polskiej stronie spraw\u0119 nadzoruje Prokuratura Okr\u0119gowa w Ostrowie Wlkp., a w dzia\u0142aniach wsparcia udzielili policjanci z KPP w Ostrowie Wlkp. W akcji u\u017cyto granat hukowy.<\/p>\n<p>Policjanci z Wydzia\u0142u do Zwalczania Zorganizowanej Przest\u0119pczo\u015bci Kryminalnej i Akt\u00f3w Terroru Centralnego Biura \u015aledczego Policji, pod nadzorem Prokuratury Okr\u0119gowej w Ostrowie Wielkopolskim, przy wsparciu funkcjonariuszy z Zarz\u0105du w Poznaniu CB\u015aP, zatrzymali 30-letniego m\u0119\u017cczyzn\u0119 \u015bciganego Europejskim Nakazem Aresztowania. Dzia\u0142ania przeprowadzono na terenie Ostrowa Wielkopolskiego we wsp\u00f3\u0142pracy z policj\u0105 niderlandzk\u0105, kt\u00f3rej funkcjonariusze brali udzia\u0142 w czynno\u015bciach z zatrzymanym na terenie Polski. Wsparcia udzielili tak\u017ce policjanci z Komendy Powiatowej Policji w Ostrowie Wielkopolskim.<\/p>\n<p>Zatrzymany by\u0142 \u015bcigany w zwi\u0105zku z podejrzeniem wsp\u00f3\u0142udzia\u0142u w zab\u00f3jstwie dziennikarza w lipcu 2021 roku w Amsterdamie oraz o udzia\u0142 w mi\u0119dzynarodowej zorganizowanej grupie przest\u0119pczej o charakterze zbrojnym. Ponadto w trakcie przeszukania funkcjonariusze znale\u017ali i zabezpieczyli amfetamin\u0119.<\/p>\n<p>Wobec zatrzymanego m\u0119\u017cczyzny b\u0119dzie wszcz\u0119ta procedura ekstradycyjna do Kr\u00f3lestwa Niderland\u00f3w, gdzie podejrzany stanie przed wymiarem sprawiedliwo\u015bci.<\/p>\n","protected":false},"excerpt":{"rendered":"Znane s\u0105 szczeg\u00f3\u0142y wczorajszej akcji przeprowadzonej w bloku Komuny Paryskiej 17 w Ostrowie Wielkopolskim. Policjanci CB\u015aP przeprowadzili spektakularn\u0105 akcj\u0119 w zwi\u0105zku z zatrzymywaniem \n<a class=\"moretag\" href=\"https:\/\/ostrowskatv.pl\/?p=21462\"> [...]<\/a>","protected":false},"author":1,"featured_media":21463,"comment_status":"open","ping_status":"closed","sticky":false,"template":"","format":"standard","meta":{"footnotes":""},"categories":[1],"tags":[2],"class_list":["post-21462","post","type-post","status-publish","format-standard","has-post-thumbnail","hentry","category-news","tag-ostrow-wielkopolski"],"_links":{"self":[{"href":"https:\/\/ostrowskatv.pl\/index.php?rest_route=\/wp\/v2\/posts\/21462","targetHints":{"allow":["GET"]}}],"collection":[{"href":"https:\/\/ostrowskatv.pl\/index.php?rest_route=\/wp\/v2\/posts"}],"about":[{"href":"https:\/\/ostrowskatv.pl\/index.php?rest_route=\/wp\/v2\/types\/post"}],"author":[{"embeddable":true,"href":"https:\/\/ostrowskatv.pl\/index.php?rest_route=\/wp\/v2\/users\/1"}],"replies":[{"embeddable":true,"href":"https:\/\/ostrowskatv.pl\/index.php?rest_route=%2Fwp%2Fv2%2Fcomments&post=21462"}],"version-history":[{"count":0,"href":"https:\/\/ostrowskatv.pl\/index.php?rest_route=\/wp\/v2\/posts\/21462\/revisions"}],"wp:featuredmedia":[{"embeddable":true,"href":"https:\/\/ostrowskatv.pl\/index.php?rest_route=\/wp\/v2\/media\/21463"}],"wp:attachment":[{"href":"https:\/\/ostrowskatv.pl\/index.php?rest_route=%2Fwp%2Fv2%2Fmedia&parent=21462"}],"wp:term":[{"taxonomy":"category","embeddable":true,"href":"https:\/\/ostrowskatv.pl\/index.php?rest_route=%2Fwp%2Fv2%2Fcategories&post=21462"},{"taxonomy":"post_tag","embeddable":true,"href":"https:\/\/ostrowskatv.pl\/index.php?rest_route=%2Fwp%2Fv2%2Ftags&post=21462"}],"curies":[{"name":"wp","href":"https:\/\/api.w.org\/{rel}","templated":true}]}}