{"id":21457,"date":"2022-09-27T07:21:53","date_gmt":"2022-09-27T06:21:53","guid":{"rendered":"https:\/\/ostrowskatv.pl\/?p=21457"},"modified":"2022-09-27T07:22:14","modified_gmt":"2022-09-27T06:22:14","slug":"znamy-cene-wegla-z-importu","status":"publish","type":"post","link":"https:\/\/ostrowskatv.pl\/?p=21457","title":{"rendered":"Znamy cen\u0119 w\u0119gla z importu"},"content":{"rendered":"<p><strong>We wtorek ruszy\u0142a sprzeda\u017c w\u0119gla z importu. Ten przyp\u0142yn\u0105\u0142 do Polski z Kolumbii. Ch\u0119tni do zapisu ustawiali si\u0119 od godziny 4.30.<\/strong><\/p>\n<p>Zar\u00f3wno ORZECH II jak i GROSZEK II s\u0105 wycenione na 2890,50 z\u0142 \/ton\u0119.<\/p>\n<p>Dla przypomnienia w\u0119giel z polskich kopal\u0144 by\u0142 miesi\u0105c temu dost\u0119pny w cenie nieca\u0142ych 1700 z\u0142otych i to o lepszej kaloryczno\u015bci.<\/p>\n<p>Kierownik W\u0119glozbytu zapowiada\u0142, \u017ce opa\u0142 krajowy ma by\u0107 dost\u0119pny za oko\u0142o 10 dni.<\/p>\n<p>Przed godzin\u0105 8 rano sta\u0142o oko\u0142o 60 os\u00f3b. <\/p>\n<p><img loading=\"lazy\" decoding=\"async\" src=\"https:\/\/ostrowskatv.pl\/wp-content\/uploads\/2022\/09\/received_784400879511731-01.jpeg\" alt=\"\" width=\"1144\" height=\"730\" class=\"alignnone size-full wp-image-21458\" srcset=\"https:\/\/ostrowskatv.pl\/wp-content\/uploads\/2022\/09\/received_784400879511731-01.jpeg 1144w, https:\/\/ostrowskatv.pl\/wp-content\/uploads\/2022\/09\/received_784400879511731-01-300x191.jpeg 300w, https:\/\/ostrowskatv.pl\/wp-content\/uploads\/2022\/09\/received_784400879511731-01-564x360.jpeg 564w\" sizes=\"auto, (max-width: 1144px) 100vw, 1144px\" \/><\/p>\n","protected":false},"excerpt":{"rendered":"We wtorek ruszy\u0142a sprzeda\u017c w\u0119gla z importu. Ten przyp\u0142yn\u0105\u0142 do Polski z Kolumbii. Ch\u0119tni do zapisu ustawiali si\u0119 od godziny 4.30. Zar\u00f3wno ORZECH \n<a class=\"moretag\" href=\"https:\/\/ostrowskatv.pl\/?p=21457\"> [...]<\/a>","protected":false},"author":1,"featured_media":21459,"comment_status":"open","ping_status":"closed","sticky":false,"template":"","format":"standard","meta":{"footnotes":""},"categories":[1],"tags":[2],"class_list":["post-21457","post","type-post","status-publish","format-standard","has-post-thumbnail","hentry","category-news","tag-ostrow-wielkopolski"],"_links":{"self":[{"href":"https:\/\/ostrowskatv.pl\/index.php?rest_route=\/wp\/v2\/posts\/21457","targetHints":{"allow":["GET"]}}],"collection":[{"href":"https:\/\/ostrowskatv.pl\/index.php?rest_route=\/wp\/v2\/posts"}],"about":[{"href":"https:\/\/ostrowskatv.pl\/index.php?rest_route=\/wp\/v2\/types\/post"}],"author":[{"embeddable":true,"href":"https:\/\/ostrowskatv.pl\/index.php?rest_route=\/wp\/v2\/users\/1"}],"replies":[{"embeddable":true,"href":"https:\/\/ostrowskatv.pl\/index.php?rest_route=%2Fwp%2Fv2%2Fcomments&post=21457"}],"version-history":[{"count":0,"href":"https:\/\/ostrowskatv.pl\/index.php?rest_route=\/wp\/v2\/posts\/21457\/revisions"}],"wp:featuredmedia":[{"embeddable":true,"href":"https:\/\/ostrowskatv.pl\/index.php?rest_route=\/wp\/v2\/media\/21459"}],"wp:attachment":[{"href":"https:\/\/ostrowskatv.pl\/index.php?rest_route=%2Fwp%2Fv2%2Fmedia&parent=21457"}],"wp:term":[{"taxonomy":"category","embeddable":true,"href":"https:\/\/ostrowskatv.pl\/index.php?rest_route=%2Fwp%2Fv2%2Fcategories&post=21457"},{"taxonomy":"post_tag","embeddable":true,"href":"https:\/\/ostrowskatv.pl\/index.php?rest_route=%2Fwp%2Fv2%2Ftags&post=21457"}],"curies":[{"name":"wp","href":"https:\/\/api.w.org\/{rel}","templated":true}]}}