{"id":2145,"date":"2016-09-03T09:24:42","date_gmt":"2016-09-03T08:24:42","guid":{"rendered":"http:\/\/ostrowska.tv\/?p=2145"},"modified":"2016-09-03T09:24:42","modified_gmt":"2016-09-03T08:24:42","slug":"po-tygodniu-znalezli-zwloki-poszukiwanego-utopil-sie","status":"publish","type":"post","link":"https:\/\/ostrowskatv.pl\/?p=2145","title":{"rendered":"Po tygodniu znale\u017ali zw\u0142oki poszukiwanego. Utopi\u0142 si\u0119"},"content":{"rendered":"<p><strong>W poprzedni weekend zagin\u0105\u0142 mieszkaniec Latowic. Po tygodniu od zagini\u0119cia znaleziono jego zw\u0142oki. Cia\u0142o unosi\u0142o si\u0119 na powierzchni rzeki O\u0142obok. Odnalaz\u0142 je stra\u017cak ochotnik.<\/strong><\/p>\n<p>Jak m\u00f3wi\u0105 okoliczni mieszka\u0144cy, 70-letni mieszkaniec Latowic pomaga\u0142 w jednym z pobliskich gospodarstw &#8211; kurniku. \u017by\u0142 samotnie. O jego zagini\u0119ciu powiadomiono policj\u0119 tydzie\u0144 wcze\u015bniej. W pi\u0105tek str\u00f3\u017ce prawa poprosili stra\u017cak\u00f3w ochotnik\u00f3w o przeprowadzenie poszukiwa\u0144 w\u015br\u00f3d okolicznych las\u00f3w, p\u00f3l, \u0142\u0105k. Pod wiecz\u00f3r jeden ze stra\u017cak\u00f3w natkn\u0105\u0142 si\u0119 na dryfuj\u0105ce w rzece cia\u0142o denata.<\/p>\n<p>Powiadomiono stra\u017c po\u017carn\u0105 z Ostrowa Wlkp., kt\u00f3ra dysponuje kombinezonami umo\u017cliwiaj\u0105cymi wej\u015bcie do wody bez zamaczania cia\u0142a. Tym bardziej, \u017ce na tym odcinku O\u0142obok, zdaniem mieszka\u0144c\u00f3w, ma wci\u0105\u017c brudne od \u015bciek\u00f3w dno. Dodatkowo na powierzchni by\u0142o sporo zielonej pokrywy, z kt\u00f3rej trzeba by\u0142o op\u0142uka\u0107 cia\u0142o topielca.<\/p>\n<p>Pod nadzorem prokuratora przeprowadzono ogl\u0119dziny na miejscu. Post\u0119powanie \u015bledczych spr\u00f3buje odtworzy\u0107 przyczyn\u0119 \u015bmierci m\u0119\u017cczyzny.<\/p>\n<div id='gallery-1' class='gallery galleryid-2145 gallery-columns-3 gallery-size-thumbnail'><figure class='gallery-item'>\n\t\t\t<div class='gallery-icon landscape'>\n\t\t\t\t<a href='https:\/\/ostrowskatv.pl\/?attachment_id=2146'><img loading=\"lazy\" decoding=\"async\" width=\"150\" height=\"150\" src=\"https:\/\/ostrowskatv.pl\/wp-content\/uploads\/2016\/09\/20160902_192053-150x150.jpg\" class=\"attachment-thumbnail size-thumbnail\" alt=\"\" \/><\/a>\n\t\t\t<\/div><\/figure><figure class='gallery-item'>\n\t\t\t<div class='gallery-icon landscape'>\n\t\t\t\t<a href='https:\/\/ostrowskatv.pl\/?attachment_id=2147'><img loading=\"lazy\" decoding=\"async\" width=\"150\" height=\"150\" src=\"https:\/\/ostrowskatv.pl\/wp-content\/uploads\/2016\/09\/20160902_192437-150x150.jpg\" class=\"attachment-thumbnail size-thumbnail\" alt=\"\" \/><\/a>\n\t\t\t<\/div><\/figure><figure class='gallery-item'>\n\t\t\t<div class='gallery-icon landscape'>\n\t\t\t\t<a href='https:\/\/ostrowskatv.pl\/?attachment_id=2148'><img loading=\"lazy\" decoding=\"async\" width=\"150\" height=\"150\" src=\"https:\/\/ostrowskatv.pl\/wp-content\/uploads\/2016\/09\/20160902_192706-150x150.jpg\" class=\"attachment-thumbnail size-thumbnail\" alt=\"\" \/><\/a>\n\t\t\t<\/div><\/figure><figure class='gallery-item'>\n\t\t\t<div class='gallery-icon landscape'>\n\t\t\t\t<a href='https:\/\/ostrowskatv.pl\/?attachment_id=2149'><img loading=\"lazy\" decoding=\"async\" width=\"150\" height=\"150\" src=\"https:\/\/ostrowskatv.pl\/wp-content\/uploads\/2016\/09\/20160902_194651_002-150x150.jpg\" class=\"attachment-thumbnail size-thumbnail\" alt=\"\" \/><\/a>\n\t\t\t<\/div><\/figure><figure class='gallery-item'>\n\t\t\t<div class='gallery-icon portrait'>\n\t\t\t\t<a href='https:\/\/ostrowskatv.pl\/?attachment_id=2150'><img loading=\"lazy\" decoding=\"async\" width=\"150\" height=\"150\" src=\"https:\/\/ostrowskatv.pl\/wp-content\/uploads\/2016\/09\/mapa-topielec-latowice-150x150.jpg\" class=\"attachment-thumbnail size-thumbnail\" alt=\"\" \/><\/a>\n\t\t\t<\/div><\/figure>\n\t\t<\/div>\n\n","protected":false},"excerpt":{"rendered":"W poprzedni weekend zagin\u0105\u0142 mieszkaniec Latowic. Po tygodniu od zagini\u0119cia znaleziono jego zw\u0142oki. Cia\u0142o unosi\u0142o si\u0119 na powierzchni rzeki O\u0142obok. Odnalaz\u0142 je stra\u017cak \n<a class=\"moretag\" href=\"https:\/\/ostrowskatv.pl\/?p=2145\"> [...]<\/a>","protected":false},"author":1,"featured_media":2149,"comment_status":"open","ping_status":"open","sticky":false,"template":"","format":"standard","meta":{"footnotes":""},"categories":[1],"tags":[103],"class_list":["post-2145","post","type-post","status-publish","format-standard","has-post-thumbnail","hentry","category-news","tag-gm-sieroszewice"],"_links":{"self":[{"href":"https:\/\/ostrowskatv.pl\/index.php?rest_route=\/wp\/v2\/posts\/2145","targetHints":{"allow":["GET"]}}],"collection":[{"href":"https:\/\/ostrowskatv.pl\/index.php?rest_route=\/wp\/v2\/posts"}],"about":[{"href":"https:\/\/ostrowskatv.pl\/index.php?rest_route=\/wp\/v2\/types\/post"}],"author":[{"embeddable":true,"href":"https:\/\/ostrowskatv.pl\/index.php?rest_route=\/wp\/v2\/users\/1"}],"replies":[{"embeddable":true,"href":"https:\/\/ostrowskatv.pl\/index.php?rest_route=%2Fwp%2Fv2%2Fcomments&post=2145"}],"version-history":[{"count":0,"href":"https:\/\/ostrowskatv.pl\/index.php?rest_route=\/wp\/v2\/posts\/2145\/revisions"}],"wp:featuredmedia":[{"embeddable":true,"href":"https:\/\/ostrowskatv.pl\/index.php?rest_route=\/wp\/v2\/media\/2149"}],"wp:attachment":[{"href":"https:\/\/ostrowskatv.pl\/index.php?rest_route=%2Fwp%2Fv2%2Fmedia&parent=2145"}],"wp:term":[{"taxonomy":"category","embeddable":true,"href":"https:\/\/ostrowskatv.pl\/index.php?rest_route=%2Fwp%2Fv2%2Fcategories&post=2145"},{"taxonomy":"post_tag","embeddable":true,"href":"https:\/\/ostrowskatv.pl\/index.php?rest_route=%2Fwp%2Fv2%2Ftags&post=2145"}],"curies":[{"name":"wp","href":"https:\/\/api.w.org\/{rel}","templated":true}]}}