{"id":21426,"date":"2022-09-21T11:28:06","date_gmt":"2022-09-21T10:28:06","guid":{"rendered":"https:\/\/ostrowskatv.pl\/?p=21426"},"modified":"2022-09-21T11:30:00","modified_gmt":"2022-09-21T10:30:00","slug":"77-latek-wyjechal-seicento-i-trafil-do-szpitala","status":"publish","type":"post","link":"https:\/\/ostrowskatv.pl\/?p=21426","title":{"rendered":"77-latek wyjecha\u0142 cinquecento i trafi\u0142 do szpitala"},"content":{"rendered":"<p><strong>Oko\u0142o godziny 6.40 rano w miejscowo\u015bci Gut\u00f3w (powiat ostrowski) dosz\u0142o do wypadku drogowego. 77-letni m\u0119\u017cczyzna kieruj\u0105c fiatem cinquecento w\u0142\u0105cza\u0142 si\u0119 do ruchu.<\/strong><\/p>\n<p>Ze wst\u0119pnych ustale\u0144 policjant\u00f3w wynika, \u017ce najprawdopodobniej nie ust\u0105pi\u0142 pierwsze\u0144stwa volkswagenowi passatowi kierowanemu przez 31-letniego m\u0119\u017cczyzn\u0119. W efekcie Volkswagen wjecha\u0142 w bok fiata.<\/p>\n<p>77-latka zabrano do szpitala, gdzie stwierdzono obra\u017cenia wewn\u0119trzne. Obaj kierowcy byli trze\u017awi.<\/p>\n","protected":false},"excerpt":{"rendered":"Oko\u0142o godziny 6.40 rano w miejscowo\u015bci Gut\u00f3w (powiat ostrowski) dosz\u0142o do wypadku drogowego. 77-letni m\u0119\u017cczyzna kieruj\u0105c fiatem cinquecento w\u0142\u0105cza\u0142 si\u0119 do ruchu. Ze \n<a class=\"moretag\" href=\"https:\/\/ostrowskatv.pl\/?p=21426\"> [...]<\/a>","protected":false},"author":1,"featured_media":21427,"comment_status":"open","ping_status":"closed","sticky":false,"template":"","format":"standard","meta":{"footnotes":""},"categories":[1],"tags":[11],"class_list":["post-21426","post","type-post","status-publish","format-standard","has-post-thumbnail","hentry","category-news","tag-wypadek"],"_links":{"self":[{"href":"https:\/\/ostrowskatv.pl\/index.php?rest_route=\/wp\/v2\/posts\/21426","targetHints":{"allow":["GET"]}}],"collection":[{"href":"https:\/\/ostrowskatv.pl\/index.php?rest_route=\/wp\/v2\/posts"}],"about":[{"href":"https:\/\/ostrowskatv.pl\/index.php?rest_route=\/wp\/v2\/types\/post"}],"author":[{"embeddable":true,"href":"https:\/\/ostrowskatv.pl\/index.php?rest_route=\/wp\/v2\/users\/1"}],"replies":[{"embeddable":true,"href":"https:\/\/ostrowskatv.pl\/index.php?rest_route=%2Fwp%2Fv2%2Fcomments&post=21426"}],"version-history":[{"count":0,"href":"https:\/\/ostrowskatv.pl\/index.php?rest_route=\/wp\/v2\/posts\/21426\/revisions"}],"wp:featuredmedia":[{"embeddable":true,"href":"https:\/\/ostrowskatv.pl\/index.php?rest_route=\/wp\/v2\/media\/21427"}],"wp:attachment":[{"href":"https:\/\/ostrowskatv.pl\/index.php?rest_route=%2Fwp%2Fv2%2Fmedia&parent=21426"}],"wp:term":[{"taxonomy":"category","embeddable":true,"href":"https:\/\/ostrowskatv.pl\/index.php?rest_route=%2Fwp%2Fv2%2Fcategories&post=21426"},{"taxonomy":"post_tag","embeddable":true,"href":"https:\/\/ostrowskatv.pl\/index.php?rest_route=%2Fwp%2Fv2%2Ftags&post=21426"}],"curies":[{"name":"wp","href":"https:\/\/api.w.org\/{rel}","templated":true}]}}