{"id":21417,"date":"2022-09-19T20:30:12","date_gmt":"2022-09-19T19:30:12","guid":{"rendered":"https:\/\/ostrowskatv.pl\/?p=21417"},"modified":"2022-09-19T20:30:12","modified_gmt":"2022-09-19T19:30:12","slug":"najechal-na-lezacego-rowerzyste","status":"publish","type":"post","link":"https:\/\/ostrowskatv.pl\/?p=21417","title":{"rendered":"Najecha\u0142 na le\u017c\u0105cego rowerzyst\u0119"},"content":{"rendered":"<p><strong>W R\u0105bczynie przy sklepie dosz\u0142o do wypadku, w kt\u00f3rym poszkodowany zosta\u0142 m\u0119\u017cczyzna. Przed godzin\u0105 19.30 kierowca samochodu marki mini najecha\u0142 na rowerzyst\u0119.<\/strong><\/p>\n<p>Ten prawdopodobnie ju\u017c wcze\u015bniej le\u017ca\u0142 na asfalcie. Widoczno\u015b\u0107 utrudnia\u0142 padaj\u0105cy deszcz i brak kamizelki za\u0142o\u017conej przez rowerzyst\u0119. M\u0119\u017cczyzna dozna\u0142 urazu nogi, g\u0142owy i by\u0142o podejrzenie \u017ce ma inne obra\u017cenia wewn\u0119trzne.<\/p>\n<p>Karetka zabra\u0142a poszkodowanego na sygnale do szpitala. Na miejsce dyspozytor numeru alarmowego wys\u0142a\u0142 wozy stra\u017cy po\u017carnej.<\/p>\n<p>Przypominamy, \u017ce warto nosi\u0107 ze sob\u0105 odblaski, a w terenach wiejskich chodzi\u0107 lew\u0105 stron\u0105 jezdni i najlepiej w kamizelce odblaskowej. No chyba, \u017ce wol\u0105 pa\u0144stwo zosta\u0107 potr\u0105conym.<\/p>\n<p><img loading=\"lazy\" decoding=\"async\" src=\"https:\/\/ostrowskatv.pl\/wp-content\/uploads\/2022\/09\/20220919_193426-01.jpeg\" alt=\"\" width=\"1366\" height=\"636\" class=\"alignnone size-full wp-image-21418\" srcset=\"https:\/\/ostrowskatv.pl\/wp-content\/uploads\/2022\/09\/20220919_193426-01.jpeg 1366w, https:\/\/ostrowskatv.pl\/wp-content\/uploads\/2022\/09\/20220919_193426-01-300x140.jpeg 300w, https:\/\/ostrowskatv.pl\/wp-content\/uploads\/2022\/09\/20220919_193426-01-640x298.jpeg 640w\" sizes=\"auto, (max-width: 1366px) 100vw, 1366px\" \/><\/p>\n<p><img loading=\"lazy\" decoding=\"async\" src=\"https:\/\/ostrowskatv.pl\/wp-content\/uploads\/2022\/09\/20220919_193522-01.jpeg\" alt=\"\" width=\"1366\" height=\"636\" class=\"alignnone size-full wp-image-21419\" srcset=\"https:\/\/ostrowskatv.pl\/wp-content\/uploads\/2022\/09\/20220919_193522-01.jpeg 1366w, https:\/\/ostrowskatv.pl\/wp-content\/uploads\/2022\/09\/20220919_193522-01-300x140.jpeg 300w, https:\/\/ostrowskatv.pl\/wp-content\/uploads\/2022\/09\/20220919_193522-01-640x298.jpeg 640w\" sizes=\"auto, (max-width: 1366px) 100vw, 1366px\" \/><\/p>\n<p><img loading=\"lazy\" decoding=\"async\" src=\"https:\/\/ostrowskatv.pl\/wp-content\/uploads\/2022\/09\/20220919_193548-01.jpeg\" alt=\"\" width=\"1366\" height=\"914\" class=\"alignnone size-full wp-image-21420\" srcset=\"https:\/\/ostrowskatv.pl\/wp-content\/uploads\/2022\/09\/20220919_193548-01.jpeg 1366w, https:\/\/ostrowskatv.pl\/wp-content\/uploads\/2022\/09\/20220919_193548-01-300x201.jpeg 300w, https:\/\/ostrowskatv.pl\/wp-content\/uploads\/2022\/09\/20220919_193548-01-538x360.jpeg 538w\" sizes=\"auto, (max-width: 1366px) 100vw, 1366px\" \/><\/p>\n<p><img loading=\"lazy\" decoding=\"async\" src=\"https:\/\/ostrowskatv.pl\/wp-content\/uploads\/2022\/09\/20220919_193600-01.jpeg\" alt=\"\" width=\"1365\" height=\"803\" class=\"alignnone size-full wp-image-21421\" srcset=\"https:\/\/ostrowskatv.pl\/wp-content\/uploads\/2022\/09\/20220919_193600-01.jpeg 1365w, https:\/\/ostrowskatv.pl\/wp-content\/uploads\/2022\/09\/20220919_193600-01-300x176.jpeg 300w, https:\/\/ostrowskatv.pl\/wp-content\/uploads\/2022\/09\/20220919_193600-01-612x360.jpeg 612w\" sizes=\"auto, (max-width: 1365px) 100vw, 1365px\" \/><\/p>\n<p><img loading=\"lazy\" decoding=\"async\" src=\"https:\/\/ostrowskatv.pl\/wp-content\/uploads\/2022\/09\/20220919_193654-01.jpeg\" alt=\"\" width=\"1366\" height=\"1025\" class=\"alignnone size-full wp-image-21422\" srcset=\"https:\/\/ostrowskatv.pl\/wp-content\/uploads\/2022\/09\/20220919_193654-01.jpeg 1366w, https:\/\/ostrowskatv.pl\/wp-content\/uploads\/2022\/09\/20220919_193654-01-300x225.jpeg 300w, https:\/\/ostrowskatv.pl\/wp-content\/uploads\/2022\/09\/20220919_193654-01-480x360.jpeg 480w\" sizes=\"auto, (max-width: 1366px) 100vw, 1366px\" \/><\/p>\n<p><img loading=\"lazy\" decoding=\"async\" src=\"https:\/\/ostrowskatv.pl\/wp-content\/uploads\/2022\/09\/20220919_193709-01.jpeg\" alt=\"\" width=\"1366\" height=\"1025\" class=\"alignnone size-full wp-image-21423\" srcset=\"https:\/\/ostrowskatv.pl\/wp-content\/uploads\/2022\/09\/20220919_193709-01.jpeg 1366w, https:\/\/ostrowskatv.pl\/wp-content\/uploads\/2022\/09\/20220919_193709-01-300x225.jpeg 300w, https:\/\/ostrowskatv.pl\/wp-content\/uploads\/2022\/09\/20220919_193709-01-480x360.jpeg 480w\" sizes=\"auto, (max-width: 1366px) 100vw, 1366px\" \/><\/p>\n<p><img loading=\"lazy\" decoding=\"async\" src=\"https:\/\/ostrowskatv.pl\/wp-content\/uploads\/2022\/09\/20220919_193808-01.jpeg\" alt=\"\" width=\"1366\" height=\"1025\" class=\"alignnone size-full wp-image-21424\" srcset=\"https:\/\/ostrowskatv.pl\/wp-content\/uploads\/2022\/09\/20220919_193808-01.jpeg 1366w, https:\/\/ostrowskatv.pl\/wp-content\/uploads\/2022\/09\/20220919_193808-01-300x225.jpeg 300w, https:\/\/ostrowskatv.pl\/wp-content\/uploads\/2022\/09\/20220919_193808-01-480x360.jpeg 480w\" sizes=\"auto, (max-width: 1366px) 100vw, 1366px\" \/><\/p>\n","protected":false},"excerpt":{"rendered":"W R\u0105bczynie przy sklepie dosz\u0142o do wypadku, w kt\u00f3rym poszkodowany zosta\u0142 m\u0119\u017cczyzna. Przed godzin\u0105 19.30 kierowca samochodu marki mini najecha\u0142 na rowerzyst\u0119. Ten \n<a class=\"moretag\" href=\"https:\/\/ostrowskatv.pl\/?p=21417\"> [...]<\/a>","protected":false},"author":1,"featured_media":21424,"comment_status":"open","ping_status":"closed","sticky":false,"template":"","format":"standard","meta":{"footnotes":""},"categories":[1],"tags":[110],"class_list":["post-21417","post","type-post","status-publish","format-standard","has-post-thumbnail","hentry","category-news","tag-rabczyn"],"_links":{"self":[{"href":"https:\/\/ostrowskatv.pl\/index.php?rest_route=\/wp\/v2\/posts\/21417","targetHints":{"allow":["GET"]}}],"collection":[{"href":"https:\/\/ostrowskatv.pl\/index.php?rest_route=\/wp\/v2\/posts"}],"about":[{"href":"https:\/\/ostrowskatv.pl\/index.php?rest_route=\/wp\/v2\/types\/post"}],"author":[{"embeddable":true,"href":"https:\/\/ostrowskatv.pl\/index.php?rest_route=\/wp\/v2\/users\/1"}],"replies":[{"embeddable":true,"href":"https:\/\/ostrowskatv.pl\/index.php?rest_route=%2Fwp%2Fv2%2Fcomments&post=21417"}],"version-history":[{"count":0,"href":"https:\/\/ostrowskatv.pl\/index.php?rest_route=\/wp\/v2\/posts\/21417\/revisions"}],"wp:featuredmedia":[{"embeddable":true,"href":"https:\/\/ostrowskatv.pl\/index.php?rest_route=\/wp\/v2\/media\/21424"}],"wp:attachment":[{"href":"https:\/\/ostrowskatv.pl\/index.php?rest_route=%2Fwp%2Fv2%2Fmedia&parent=21417"}],"wp:term":[{"taxonomy":"category","embeddable":true,"href":"https:\/\/ostrowskatv.pl\/index.php?rest_route=%2Fwp%2Fv2%2Fcategories&post=21417"},{"taxonomy":"post_tag","embeddable":true,"href":"https:\/\/ostrowskatv.pl\/index.php?rest_route=%2Fwp%2Fv2%2Ftags&post=21417"}],"curies":[{"name":"wp","href":"https:\/\/api.w.org\/{rel}","templated":true}]}}