{"id":214,"date":"2016-01-21T16:53:47","date_gmt":"2016-01-21T15:53:47","guid":{"rendered":"http:\/\/ostrowska.tv\/?p=214"},"modified":"2016-01-21T16:53:47","modified_gmt":"2016-01-21T15:53:47","slug":"urbaniak-vs-klimek-spor-o-srodki-zewnetrzne","status":"publish","type":"post","link":"https:\/\/ostrowskatv.pl\/?p=214","title":{"rendered":"Urbaniak vs Klimek. Sp\u00f3r o \u015brodki zewn\u0119trzne"},"content":{"rendered":"<p><strong>Radni PO twierdz\u0105, \u017ce prezydent Beata Klimek w ubieg\u0142ym roku pozyska\u0142a 500 tysi\u0119cy z\u0142otych w ramach \u015brodk\u00f3w zewn\u0119trznych, co stanowi bardzo skromny wynik przy \u015bredniej rocznej prezydenta Urbaniaka na poziomie 17 milion\u00f3w z\u0142otych. Co na ten temat s\u0105dz\u0105 przedstawiciele UM w Ostrowie Wielkopolskim?<\/strong><\/p>\n<p>&#8211;<em> Zarzut dotycz\u0105cy niskiego poziomu pozyskiwania \u015brodk\u00f3w zewn\u0119trznych mo\u017ce \u015bwiadczy\u0107 o braku dostatecznej wiedzy w temacie aplikowania o fundusze zewn\u0119trzne. Mo\u017ce by\u0107 te\u017c wyrazem z\u0142ej woli, pr\u00f3buj\u0105c stworzy\u0107 wra\u017cenie, \u017ce Gmina Miasto Ostr\u00f3w Wielkopolski jest nieaktywna w pozyskiwaniu funduszy zewn\u0119trznych<\/em> \u2013 czytamy w odpowiedzi Urz\u0119du Miejskiego w Ostrowie Wielkopolskim.<\/p>\n<p>Ostrowski magistrat twierdzi, \u017ce Klub Radnych Platformy Obywatelskiej kolejny raz przekazuje opinii publicznej nieprawdziwe informacje. W Urz\u0119dzie Miejskim informuj\u0105 nas, \u017ce miasto pozyska\u0142o ze \u015brodk\u00f3w zewn\u0119trznych znacznie wi\u0119ksz\u0105 sum\u0119 ni\u017c 500 000 z\u0142. &#8211; <em>Rzeczywista kwota jest blisko dwa razy wy\u017csza<\/em> \u2013 t\u0142umacz\u0105 nam w Biurze Prasowym.<\/p>\n<p>W\u0142adze miasta podkre\u015blaj\u0105 r\u00f3wnie\u017c, \u017ce nie jest to kwota ostateczna, poniewa\u017c w weryfikacji pozostaje nadal cz\u0119\u015b\u0107 wniosk\u00f3w z\u0142o\u017cona w 2015 roku. Przy pozytywnej ocenie mog\u0105 one liczy\u0107 na sumaryczne dofinansowanie w wysoko\u015bci ponad 1,5 miliona z\u0142otych. &#8211; <em>Koniecznym podkre\u015blenia jest fakt, i\u017c pan Radny Kornaszewski pr\u00f3buje niezbornie por\u00f3wnywa\u0107 ze s\u0105 sob\u0105 okres lat 2010 \u2013 2014 z pierwszym rokiem kadencji prezydent Beaty Klimek na stanowisku prezydenta miasta. O ile kadencja pana Jaros\u0142awa Urbaniaka rozpocz\u0119\u0142a si\u0119 w po\u0142owie zaawansowanej perspektywy finansowej Unii Europejskiej na lata 2007 \u2013 2013, o tyle kadencja Prezydent Beaty Klimek przypad\u0142a na dopiero rozpoczynaj\u0105c\u0105 si\u0119 perspektyw\u0119 finansow\u0105 Unii Europejskiej na lata 2014 \u2013 2020, w ramach kt\u00f3rej nie og\u0142oszono jeszcze wi\u0119kszo\u015bci nabor\u00f3w na dofinansowanie projekt\u00f3w. Wobec tego zarzut pana radnego jest ca\u0142kowicie chybiony. Sprawiedliwego podsumowania dokona\u0107 b\u0119dzie mo\u017cna po 4 latach kadencji obecnej prezydent miasta<\/em> \u2013 przekonuj\u0105 przedstawiciele ostrowskiego magistratu.<\/p>\n<p><strong>Czy trafiaj\u0105 do Pa\u0144stwa argumenty Urz\u0119du Miejskiego w Ostrowie Wielkopolskim? A mo\u017ce racj\u0119 ma Klub Radnych Platformy Obywatelskiej, kt\u00f3ry zarzuca w\u0142adzom na czele z prezydent Beat\u0105 Klimek znikom\u0105 aktywno\u015b\u0107 przy pozyskiwaniu \u015brodk\u00f3w zewn\u0119trznych? Zach\u0119camy do wyra\u017cania swoich opinii w komentarzach pod materia\u0142em.<\/strong><\/p>\n","protected":false},"excerpt":{"rendered":"Radni PO twierdz\u0105, \u017ce prezydent Beata Klimek w ubieg\u0142ym roku pozyska\u0142a 500 tysi\u0119cy z\u0142otych w ramach \u015brodk\u00f3w zewn\u0119trznych, co stanowi bardzo skromny wynik \n<a class=\"moretag\" href=\"https:\/\/ostrowskatv.pl\/?p=214\"> [...]<\/a>","protected":false},"author":1,"featured_media":145,"comment_status":"open","ping_status":"open","sticky":false,"template":"","format":"standard","meta":{"footnotes":""},"categories":[1],"tags":[32],"class_list":["post-214","post","type-post","status-publish","format-standard","has-post-thumbnail","hentry","category-news","tag-inwestycja"],"_links":{"self":[{"href":"https:\/\/ostrowskatv.pl\/index.php?rest_route=\/wp\/v2\/posts\/214","targetHints":{"allow":["GET"]}}],"collection":[{"href":"https:\/\/ostrowskatv.pl\/index.php?rest_route=\/wp\/v2\/posts"}],"about":[{"href":"https:\/\/ostrowskatv.pl\/index.php?rest_route=\/wp\/v2\/types\/post"}],"author":[{"embeddable":true,"href":"https:\/\/ostrowskatv.pl\/index.php?rest_route=\/wp\/v2\/users\/1"}],"replies":[{"embeddable":true,"href":"https:\/\/ostrowskatv.pl\/index.php?rest_route=%2Fwp%2Fv2%2Fcomments&post=214"}],"version-history":[{"count":0,"href":"https:\/\/ostrowskatv.pl\/index.php?rest_route=\/wp\/v2\/posts\/214\/revisions"}],"wp:featuredmedia":[{"embeddable":true,"href":"https:\/\/ostrowskatv.pl\/index.php?rest_route=\/wp\/v2\/media\/145"}],"wp:attachment":[{"href":"https:\/\/ostrowskatv.pl\/index.php?rest_route=%2Fwp%2Fv2%2Fmedia&parent=214"}],"wp:term":[{"taxonomy":"category","embeddable":true,"href":"https:\/\/ostrowskatv.pl\/index.php?rest_route=%2Fwp%2Fv2%2Fcategories&post=214"},{"taxonomy":"post_tag","embeddable":true,"href":"https:\/\/ostrowskatv.pl\/index.php?rest_route=%2Fwp%2Fv2%2Ftags&post=214"}],"curies":[{"name":"wp","href":"https:\/\/api.w.org\/{rel}","templated":true}]}}