{"id":2139,"date":"2016-09-02T11:02:08","date_gmt":"2016-09-02T10:02:08","guid":{"rendered":"http:\/\/ostrowska.tv\/?p=2139"},"modified":"2016-09-02T11:02:08","modified_gmt":"2016-09-02T10:02:08","slug":"motocyklista-drugi-raz-mial-wypadek","status":"publish","type":"post","link":"https:\/\/ostrowskatv.pl\/?p=2139","title":{"rendered":"Motocyklista drugi raz mia\u0142 wypadek"},"content":{"rendered":"<p><strong>W czwartek po godzinie 23:30 dosz\u0142o do gro\u017anego wypadku BMW z motocyklem Kawasaki. Do zderzenia dosz\u0142o dosz\u0142o na skrzy\u017cowaniu ulic Odolanowska\/D\u0142uga w Ostrowie Wlkp. Obra\u017cenia odni\u00f3s\u0142 18-latek jad\u0105cy jedno\u015bladem. Na miejsce zdarzenia wr\u00f3ci\u0142 z obanda\u017cowanymi stopami i r\u0119k\u0105. Jak si\u0119 okaza\u0142o, nie by\u0142 to pierwszy wypadek z jego udzia\u0142em.<\/strong><\/p>\n<p>18-letni mieszkaniec Tarcha\u0142 Ma\u0142ych po tym gdy zda\u0142 egzamin na kategori\u0119 A2 &#8211; mo\u017cliwo\u015b\u0107 jazdy mocniejszymi motocyklami pomimo do\u015b\u0107 m\u0142odego wieku 18 lat. W ostatnim czasie za zaoszcz\u0119dzone pieni\u0105dze przygotowa\u0142 do ko\u0144cz\u0105cego si\u0119 sezonu Kawasaki ER-5. Jest to maszyna potrafi\u0105 si\u0119 rozp\u0119dzi\u0107 do 185 km\/h i osi\u0105gaj\u0105ca pr\u0119dko\u015b\u0107 100km\/h w 6 sekund.<\/p>\n<p>M\u0142odzieniec wzi\u0105\u0142 sw\u00f3j nabytek i pojecha\u0142 z kolegami wykona\u0107 testow\u0105 jad\u0119 w okolicy Piask\u00f3w-Szczygliczki. Gdy wracali, jeden kolega na motocyklu, dw\u00f3ch kolejnych autem, dosz\u0142o do wypadku. Kierowca BMW jad\u0105cy ulic\u0105 D\u0142ug\u0105, jak sam przyzna\u0142, korzysta\u0142 w czasie jazdy z telefonu kom\u00f3rkowego. Spowodowa\u0142o to u niego rozproszenie uwagi i w efekcie nie zauwa\u017cy\u0142 znaku ust\u0105p pierwsze\u0144stwa. Zw\u0142aszcza, \u017ce doje\u017cd\u017ca\u0142 do skrzy\u017cowania z pulsuj\u0105cymi na \u017c\u00f3\u0142to \u015bwiat\u0142ami.<\/p>\n<p>Pierwszemu motocykli\u015bcie uda\u0142o si\u0119 przejecha\u0107, natomiast drugi uderzy\u0142 w prawy-ty\u0142 BMW. Po tym przekozio\u0142kowa\u0142 pomi\u0119dzy znakami drogowymi i barierkami unikaj\u0105c zatrzymania si\u0119 na nich. Dzi\u0119ki temu nie odni\u00f3s\u0142 powa\u017cniejszych obra\u017ce\u0144.<\/p>\n<p>18-letni motocyklista pierwszy wypadek mia\u0142 w 2015 roku na pocz\u0105tku wakacji. W\u00f3wczas sko\u0144czy\u0142o si\u0119 na tzw. szynie w nodze maj\u0105cej usprawni\u0107 z\u0142aman\u0105 nog\u0119.<\/p>\n<div id='gallery-1' class='gallery galleryid-2139 gallery-columns-3 gallery-size-thumbnail'><figure class='gallery-item'>\n\t\t\t<div class='gallery-icon landscape'>\n\t\t\t\t<a href='https:\/\/ostrowskatv.pl\/?attachment_id=2141'><img loading=\"lazy\" decoding=\"async\" width=\"150\" height=\"150\" src=\"https:\/\/ostrowskatv.pl\/wp-content\/uploads\/2016\/09\/20160901_235858-150x150.jpg\" class=\"attachment-thumbnail size-thumbnail\" alt=\"\" \/><\/a>\n\t\t\t<\/div><\/figure><figure class='gallery-item'>\n\t\t\t<div class='gallery-icon landscape'>\n\t\t\t\t<a href='https:\/\/ostrowskatv.pl\/?attachment_id=2142'><img loading=\"lazy\" decoding=\"async\" width=\"150\" height=\"150\" src=\"https:\/\/ostrowskatv.pl\/wp-content\/uploads\/2016\/09\/20160902_000131-150x150.jpg\" class=\"attachment-thumbnail size-thumbnail\" alt=\"\" \/><\/a>\n\t\t\t<\/div><\/figure><figure class='gallery-item'>\n\t\t\t<div class='gallery-icon landscape'>\n\t\t\t\t<a href='https:\/\/ostrowskatv.pl\/?attachment_id=2143'><img loading=\"lazy\" decoding=\"async\" width=\"150\" height=\"150\" src=\"https:\/\/ostrowskatv.pl\/wp-content\/uploads\/2016\/09\/20160902_000514-150x150.jpg\" class=\"attachment-thumbnail size-thumbnail\" alt=\"\" \/><\/a>\n\t\t\t<\/div><\/figure><figure class='gallery-item'>\n\t\t\t<div class='gallery-icon landscape'>\n\t\t\t\t<a href='https:\/\/ostrowskatv.pl\/?attachment_id=2140'><img loading=\"lazy\" decoding=\"async\" width=\"150\" height=\"150\" src=\"https:\/\/ostrowskatv.pl\/wp-content\/uploads\/2016\/09\/20160902_001148-150x150.jpg\" class=\"attachment-thumbnail size-thumbnail\" alt=\"\" \/><\/a>\n\t\t\t<\/div><\/figure>\n\t\t<\/div>\n\n","protected":false},"excerpt":{"rendered":"W czwartek po godzinie 23:30 dosz\u0142o do gro\u017anego wypadku BMW z motocyklem Kawasaki. Do zderzenia dosz\u0142o dosz\u0142o na skrzy\u017cowaniu ulic Odolanowska\/D\u0142uga w Ostrowie \n<a class=\"moretag\" href=\"https:\/\/ostrowskatv.pl\/?p=2139\"> [...]<\/a>","protected":false},"author":1,"featured_media":2140,"comment_status":"open","ping_status":"open","sticky":false,"template":"","format":"standard","meta":{"footnotes":""},"categories":[1],"tags":[2],"class_list":["post-2139","post","type-post","status-publish","format-standard","has-post-thumbnail","hentry","category-news","tag-ostrow-wielkopolski"],"_links":{"self":[{"href":"https:\/\/ostrowskatv.pl\/index.php?rest_route=\/wp\/v2\/posts\/2139","targetHints":{"allow":["GET"]}}],"collection":[{"href":"https:\/\/ostrowskatv.pl\/index.php?rest_route=\/wp\/v2\/posts"}],"about":[{"href":"https:\/\/ostrowskatv.pl\/index.php?rest_route=\/wp\/v2\/types\/post"}],"author":[{"embeddable":true,"href":"https:\/\/ostrowskatv.pl\/index.php?rest_route=\/wp\/v2\/users\/1"}],"replies":[{"embeddable":true,"href":"https:\/\/ostrowskatv.pl\/index.php?rest_route=%2Fwp%2Fv2%2Fcomments&post=2139"}],"version-history":[{"count":0,"href":"https:\/\/ostrowskatv.pl\/index.php?rest_route=\/wp\/v2\/posts\/2139\/revisions"}],"wp:featuredmedia":[{"embeddable":true,"href":"https:\/\/ostrowskatv.pl\/index.php?rest_route=\/wp\/v2\/media\/2140"}],"wp:attachment":[{"href":"https:\/\/ostrowskatv.pl\/index.php?rest_route=%2Fwp%2Fv2%2Fmedia&parent=2139"}],"wp:term":[{"taxonomy":"category","embeddable":true,"href":"https:\/\/ostrowskatv.pl\/index.php?rest_route=%2Fwp%2Fv2%2Fcategories&post=2139"},{"taxonomy":"post_tag","embeddable":true,"href":"https:\/\/ostrowskatv.pl\/index.php?rest_route=%2Fwp%2Fv2%2Ftags&post=2139"}],"curies":[{"name":"wp","href":"https:\/\/api.w.org\/{rel}","templated":true}]}}