{"id":2134,"date":"2016-09-01T10:51:26","date_gmt":"2016-09-01T09:51:26","guid":{"rendered":"http:\/\/ostrowska.tv\/?p=2134"},"modified":"2016-09-01T10:51:26","modified_gmt":"2016-09-01T09:51:26","slug":"splonal-vw-passat-wlasciciel-byl-w-monopolowym","status":"publish","type":"post","link":"https:\/\/ostrowskatv.pl\/?p=2134","title":{"rendered":"Sp\u0142on\u0105\u0142 VW Passat. W\u0142a\u015bciciel by\u0142 w monopolowym"},"content":{"rendered":"<p><strong>W \u015brod\u0119 po godzinie 23:00 w\u0142a\u015bciciel s\u0119dziwego Volkswagena Passata uda\u0142 si\u0119 do sklepu monopolowego. Zaparkowa\u0142 na ul. Kr\u00f3lowej Jadwigi, nieopodal Tuwima. Gdy wyszed\u0142 ze sklepu zauwa\u017cy\u0142 rozpoczynaj\u0105cy si\u0119 po\u017car auta. Pr\u00f3bowano go ugasi\u0107 ga\u015bnic\u0105 samochodow\u0105 oraz znacznie wi\u0119ksz\u0105 ga\u015bnic\u0105 z pobliskiego sklepu. Bezskutecznie. Na pomoc wezwano stra\u017c po\u017carn\u0105, kt\u00f3ra w kilkadziesi\u0105t sekund od przybycia poradzi\u0142a sobie z zagro\u017ceniem. A takowe istnia\u0142o, poniewa\u017c samoch\u00f3d by\u0142 wyposa\u017cony w instalacj\u0119 gazow\u0105.<\/strong><\/p>\n<div style=\"width: 640px;\" class=\"wp-video\"><video class=\"wp-video-shortcode\" id=\"video-2134-1\" width=\"640\" height=\"360\" preload=\"metadata\" controls=\"controls\"><source type=\"video\/mp4\" src=\"http:\/\/ostrowska.tv\/wp-content\/uploads\/2016\/09\/pozar-vw.mp4?_=1\" \/><a href=\"http:\/\/ostrowska.tv\/wp-content\/uploads\/2016\/09\/pozar-vw.mp4\">http:\/\/ostrowska.tv\/wp-content\/uploads\/2016\/09\/pozar-vw.mp4<\/a><\/video><\/div>\n","protected":false},"excerpt":{"rendered":"W \u015brod\u0119 po godzinie 23:00 w\u0142a\u015bciciel s\u0119dziwego Volkswagena Passata uda\u0142 si\u0119 do sklepu monopolowego. Zaparkowa\u0142 na ul. Kr\u00f3lowej Jadwigi, nieopodal Tuwima. Gdy wyszed\u0142 \n<a class=\"moretag\" href=\"https:\/\/ostrowskatv.pl\/?p=2134\"> [...]<\/a>","protected":false},"author":1,"featured_media":2136,"comment_status":"open","ping_status":"open","sticky":false,"template":"","format":"standard","meta":{"footnotes":""},"categories":[1],"tags":[2],"class_list":["post-2134","post","type-post","status-publish","format-standard","has-post-thumbnail","hentry","category-news","tag-ostrow-wielkopolski"],"_links":{"self":[{"href":"https:\/\/ostrowskatv.pl\/index.php?rest_route=\/wp\/v2\/posts\/2134","targetHints":{"allow":["GET"]}}],"collection":[{"href":"https:\/\/ostrowskatv.pl\/index.php?rest_route=\/wp\/v2\/posts"}],"about":[{"href":"https:\/\/ostrowskatv.pl\/index.php?rest_route=\/wp\/v2\/types\/post"}],"author":[{"embeddable":true,"href":"https:\/\/ostrowskatv.pl\/index.php?rest_route=\/wp\/v2\/users\/1"}],"replies":[{"embeddable":true,"href":"https:\/\/ostrowskatv.pl\/index.php?rest_route=%2Fwp%2Fv2%2Fcomments&post=2134"}],"version-history":[{"count":0,"href":"https:\/\/ostrowskatv.pl\/index.php?rest_route=\/wp\/v2\/posts\/2134\/revisions"}],"wp:featuredmedia":[{"embeddable":true,"href":"https:\/\/ostrowskatv.pl\/index.php?rest_route=\/wp\/v2\/media\/2136"}],"wp:attachment":[{"href":"https:\/\/ostrowskatv.pl\/index.php?rest_route=%2Fwp%2Fv2%2Fmedia&parent=2134"}],"wp:term":[{"taxonomy":"category","embeddable":true,"href":"https:\/\/ostrowskatv.pl\/index.php?rest_route=%2Fwp%2Fv2%2Fcategories&post=2134"},{"taxonomy":"post_tag","embeddable":true,"href":"https:\/\/ostrowskatv.pl\/index.php?rest_route=%2Fwp%2Fv2%2Ftags&post=2134"}],"curies":[{"name":"wp","href":"https:\/\/api.w.org\/{rel}","templated":true}]}}