{"id":2129,"date":"2016-08-30T13:18:12","date_gmt":"2016-08-30T12:18:12","guid":{"rendered":"http:\/\/ostrowska.tv\/?p=2129"},"modified":"2016-08-30T14:06:51","modified_gmt":"2016-08-30T13:06:51","slug":"2129","status":"publish","type":"post","link":"https:\/\/ostrowskatv.pl\/?p=2129","title":{"rendered":"Rewolucja polityczna &#8211; zastosowano odpowiedzialno\u015b\u0107 zbiorow\u0105"},"content":{"rendered":"<p><strong>Rewolucja polityczna w Ostrowie Wlkp. pod\u0105\u017ca niczym Pendolino. Po tym gdy kilku radnych wyst\u0105pi\u0142o z klubu Platformy Obywatelskiej, nic ju\u017c nie b\u0119dzie takie oczywiste. Prezydent Beata Klimek wygrywaj\u0105c wybory prezydenckie, wiedzia\u0142a, \u017ce jej prezydentura b\u0119dzie trudna. Przyczyn\u0105 by\u0142a wi\u0119kszo\u015b\u0107 w Radzie Miejskiej osi\u0105gni\u0119ta przez opozycyjnych radnych z PO.\u00a0 Wiadomo by\u0142o, \u017ce b\u0119d\u0105 blokowa\u0107 wiele decyzji, istotnych z punktu widzenia prezydent Klimek. Z drugiej strony zapewnia\u0142o to idealny uk\u0142ad wype\u0142niaj\u0105cy has\u0142o: patrze\u0107 w\u0142adzy na r\u0119ce. W interesie opozycyjnych radnych by\u0142o wyci\u0105ga\u0107 wszystkie nieprawid\u0142owo\u015bci w zarz\u0105dzaniu miastem. Obecnie prezydent Klimek rozegra\u0142a swoich wrog\u00f3w, rozbijaj\u0105c klub radnych PO maj\u0105cy do niedawna wi\u0119kszo\u015b\u0107.<\/strong><\/p>\n<p>Dzi\u015b, na sierpniowej sesji Rady Miejskiej jednym g\u0142osem (12 do 11 ) przeszed\u0142 wniosek uchwa\u0142y, w wyniku kt\u00f3rej zmieniono wszystkich przewodnicz\u0105cych komisji. Kluczowym okaza\u0142 si\u0119 g\u0142os radnego Zygmunta Malika. Do niedawna wiele lat funkcjonowa\u0142 w ramach Platformy Obywatelskiej. Po g\u0142osowaniu zapytany dlaczego podni\u00f3s\u0142 r\u0119k\u0119 za zmianami, stwierdzi\u0142, \u017ce zastosowa\u0142 odpowiedzialno\u015b\u0107 zbiorow\u0105. U jej pod\u0142o\u017ca znajdowa\u0142o si\u0119 zachowanie radnego Andrzeja Kornaszewskiego, kt\u00f3ry by\u0142 inicjatorem g\u0142osowania przeciwko absolutorium dla prezydent Klimek. Dzisiejszym g\u0142osowaniem radny Malik mo\u017ce wymierzy\u0142 sprawiedliwo\u015b\u0107, ale tym samym obci\u0105\u017cy\u0142 ni\u0105 niewinnych przyjaci\u00f3\u0142 z polityki.<\/p>\n<p>U\u017cycie okre\u015blenia &#8222;odpowiedzialno\u015b\u0107 zbiorowa&#8221; mo\u017ce bulwersowa\u0107. Bowiem le\u017cy ona u podstaw nienawi\u015bci rasowej. By\u0142a pretekstem tak\u017ce do gn\u0119bienia licznych grup etnicznych. Najcz\u0119\u015bciej pos\u0142ugiwali si\u0119 ni\u0105 przedstawiciele zbrodniczych system\u00f3w totalitarnych m.in. nazistowskiego i sowieckiego. Odpowiedzialno\u015b\u0107 zbiorowa s\u0142u\u017cy\u0142a do wielu zbrodni.<\/p>\n<p>Poni\u017cej przedstawiamy zmiany personalne w poszczeg\u00f3lnych komisjach:<\/p>\n<p>Bud\u017cetu i Finans\u00f3w: <strong>Milen\u0119 Kowalsk\u0105 <\/strong>zast\u0105pi\u0142<strong> \u0141ukasz J\u0119drzejak<\/strong>, syn by\u0142ego starosty ostrowskiego.<\/p>\n<p>Dzia\u0142alno\u015bci Gospodarczej, \u0141adu Przestrzennego i Gospodarki Gruntami: <strong>Mariusza Lekiego <\/strong>zast\u0105pi\u0142<strong> Alojzy Motylewski<\/strong>, zaanga\u017cowany w kampani\u0119 prezydenck\u0105 Beaty Klimek.<\/p>\n<p><span class=\"_5yl5\">Polityki Spo\u0142ecznej ,Zdrowia i Ochrony \u015arodowiska<\/span>: <strong>Wojciecha Kornaszewskiego <\/strong>zast\u0105pi\u0142a<strong> Teresa Burkietowicz<\/strong> (od &#8222;dupy wo\u0142owej&#8221;)<\/p>\n<p>Bezpiecze\u0144stwa i Porz\u0105dku Publicznego: <strong>Mariana Herwicha<\/strong> zast\u0105pi\u0142 <strong>Zygmunt Banasiak<\/strong>, osiedlowiec<\/p>\n<p>Edukacji, Kultury, Kultury Fizycznej i Sportu: <strong>Mariusza Nowaka<\/strong> zast\u0105pi\u0142a <strong>Magdalena Waliszewska.<\/strong><\/p>\n<p>Obawy wywo\u0142a\u0142a zmiana przewodnicz\u0105cego komisji rewizyjnej. Obecnie pod kierownictwem <strong>Andrzeja Kornaszewskiego<\/strong> podejmowane s\u0105 wa\u017cne tematy, kt\u00f3re najpewniej wyka\u017c\u0105 spore nieprawid\u0142owo\u015bci. <strong>Mariusz Leki<\/strong> zasugerowa\u0142, \u017ce &#8222;nie wszystkim zale\u017cy, \u017ceby\u015bmy doszli prawdy&#8221;. Na co odpowiedzia\u0142a nowa przewodnicz\u0105ca <strong>Aleksandra Zuchowska<\/strong> i zapewni\u0142a, \u017ce wszelkie sprawy zostan\u0105 nale\u017cycie sprawdzone.<\/p>\n","protected":false},"excerpt":{"rendered":"Rewolucja polityczna w Ostrowie Wlkp. pod\u0105\u017ca niczym Pendolino. Po tym gdy kilku radnych wyst\u0105pi\u0142o z klubu Platformy Obywatelskiej, nic ju\u017c nie b\u0119dzie takie \n<a class=\"moretag\" href=\"https:\/\/ostrowskatv.pl\/?p=2129\"> [...]<\/a>","protected":false},"author":1,"featured_media":2130,"comment_status":"open","ping_status":"open","sticky":false,"template":"","format":"standard","meta":{"footnotes":""},"categories":[1],"tags":[2],"class_list":["post-2129","post","type-post","status-publish","format-standard","has-post-thumbnail","hentry","category-news","tag-ostrow-wielkopolski"],"_links":{"self":[{"href":"https:\/\/ostrowskatv.pl\/index.php?rest_route=\/wp\/v2\/posts\/2129","targetHints":{"allow":["GET"]}}],"collection":[{"href":"https:\/\/ostrowskatv.pl\/index.php?rest_route=\/wp\/v2\/posts"}],"about":[{"href":"https:\/\/ostrowskatv.pl\/index.php?rest_route=\/wp\/v2\/types\/post"}],"author":[{"embeddable":true,"href":"https:\/\/ostrowskatv.pl\/index.php?rest_route=\/wp\/v2\/users\/1"}],"replies":[{"embeddable":true,"href":"https:\/\/ostrowskatv.pl\/index.php?rest_route=%2Fwp%2Fv2%2Fcomments&post=2129"}],"version-history":[{"count":0,"href":"https:\/\/ostrowskatv.pl\/index.php?rest_route=\/wp\/v2\/posts\/2129\/revisions"}],"wp:featuredmedia":[{"embeddable":true,"href":"https:\/\/ostrowskatv.pl\/index.php?rest_route=\/wp\/v2\/media\/2130"}],"wp:attachment":[{"href":"https:\/\/ostrowskatv.pl\/index.php?rest_route=%2Fwp%2Fv2%2Fmedia&parent=2129"}],"wp:term":[{"taxonomy":"category","embeddable":true,"href":"https:\/\/ostrowskatv.pl\/index.php?rest_route=%2Fwp%2Fv2%2Fcategories&post=2129"},{"taxonomy":"post_tag","embeddable":true,"href":"https:\/\/ostrowskatv.pl\/index.php?rest_route=%2Fwp%2Fv2%2Ftags&post=2129"}],"curies":[{"name":"wp","href":"https:\/\/api.w.org\/{rel}","templated":true}]}}