{"id":21283,"date":"2022-09-16T15:14:21","date_gmt":"2022-09-16T14:14:21","guid":{"rendered":"https:\/\/ostrowskatv.pl\/?p=21283"},"modified":"2022-09-16T15:14:21","modified_gmt":"2022-09-16T14:14:21","slug":"wjechala-na-czerwonym-na-alei-slowackiego-doszlo-do-zderzenia","status":"publish","type":"post","link":"https:\/\/ostrowskatv.pl\/?p=21283","title":{"rendered":"Wjecha\u0142a na czerwonym na alei S\u0142owackiego. Dosz\u0142o do zderzenia"},"content":{"rendered":"<p><strong>Oko\u0142o godziny 15.40 na skrzy\u017cowaniu alei S\u0142owackiego oraz ulicy Kr. Jadwigi w Ostrowie Wielkopolskim dosz\u0142o do zderzenia dw\u00f3ch aut osobowych.<\/strong><\/p>\n<p>Kobieta w \u015brednim wieku jad\u0105c samochodem Dacia alej\u0105 S\u0142owackiego w kierunku Kalisza wjecha\u0142a na czerwonym \u015bwietle. Od strony ma\u0142ego ko\u015bci\u00f3\u0142ka wjecha\u0142 ford kierowany przez m\u0142od\u0105 kobiet\u0119 z oko\u0142o rocznym dzieckiem.<\/p>\n<p>Na miejsce wys\u0142ano stra\u017c po\u017carn\u0105, karetk\u0119 pogotowia ratunkowego oraz policj\u0119. Medycy zostali wezwani do zbadania os\u00f3b z auta poszkodowanych.<\/p>\n<p><img loading=\"lazy\" decoding=\"async\" src=\"https:\/\/ostrowskatv.pl\/wp-content\/uploads\/2022\/09\/20220916_161209-01.jpeg\" alt=\"\" width=\"1366\" height=\"1025\" class=\"alignnone size-full wp-image-21291\" srcset=\"https:\/\/ostrowskatv.pl\/wp-content\/uploads\/2022\/09\/20220916_161209-01.jpeg 1366w, https:\/\/ostrowskatv.pl\/wp-content\/uploads\/2022\/09\/20220916_161209-01-300x225.jpeg 300w, https:\/\/ostrowskatv.pl\/wp-content\/uploads\/2022\/09\/20220916_161209-01-480x360.jpeg 480w\" sizes=\"auto, (max-width: 1366px) 100vw, 1366px\" \/><\/p>\n<p><img loading=\"lazy\" decoding=\"async\" src=\"https:\/\/ostrowskatv.pl\/wp-content\/uploads\/2022\/09\/20220916_155616-01-1.jpeg\" alt=\"\" width=\"1366\" height=\"1025\" class=\"alignnone size-full wp-image-21292\" srcset=\"https:\/\/ostrowskatv.pl\/wp-content\/uploads\/2022\/09\/20220916_155616-01-1.jpeg 1366w, https:\/\/ostrowskatv.pl\/wp-content\/uploads\/2022\/09\/20220916_155616-01-1-300x225.jpeg 300w, https:\/\/ostrowskatv.pl\/wp-content\/uploads\/2022\/09\/20220916_155616-01-1-480x360.jpeg 480w\" sizes=\"auto, (max-width: 1366px) 100vw, 1366px\" \/><\/p>\n<p><img loading=\"lazy\" decoding=\"async\" src=\"https:\/\/ostrowskatv.pl\/wp-content\/uploads\/2022\/09\/20220916_155613-01-1.jpeg\" alt=\"\" width=\"1025\" height=\"1366\" class=\"alignnone size-full wp-image-21293\" srcset=\"https:\/\/ostrowskatv.pl\/wp-content\/uploads\/2022\/09\/20220916_155613-01-1.jpeg 1025w, https:\/\/ostrowskatv.pl\/wp-content\/uploads\/2022\/09\/20220916_155613-01-1-225x300.jpeg 225w, https:\/\/ostrowskatv.pl\/wp-content\/uploads\/2022\/09\/20220916_155613-01-1-270x360.jpeg 270w\" sizes=\"auto, (max-width: 1025px) 100vw, 1025px\" \/><\/p>\n<p><img loading=\"lazy\" decoding=\"async\" src=\"https:\/\/ostrowskatv.pl\/wp-content\/uploads\/2022\/09\/20220916_155609-01-1.jpeg\" alt=\"\" width=\"1366\" height=\"1025\" class=\"alignnone size-full wp-image-21294\" srcset=\"https:\/\/ostrowskatv.pl\/wp-content\/uploads\/2022\/09\/20220916_155609-01-1.jpeg 1366w, https:\/\/ostrowskatv.pl\/wp-content\/uploads\/2022\/09\/20220916_155609-01-1-300x225.jpeg 300w, https:\/\/ostrowskatv.pl\/wp-content\/uploads\/2022\/09\/20220916_155609-01-1-480x360.jpeg 480w\" sizes=\"auto, (max-width: 1366px) 100vw, 1366px\" \/><\/p>\n<p><img loading=\"lazy\" decoding=\"async\" src=\"https:\/\/ostrowskatv.pl\/wp-content\/uploads\/2022\/09\/20220916_155500-01-1.jpeg\" alt=\"\" width=\"1366\" height=\"580\" class=\"alignnone size-full wp-image-21295\" srcset=\"https:\/\/ostrowskatv.pl\/wp-content\/uploads\/2022\/09\/20220916_155500-01-1.jpeg 1366w, https:\/\/ostrowskatv.pl\/wp-content\/uploads\/2022\/09\/20220916_155500-01-1-300x127.jpeg 300w, https:\/\/ostrowskatv.pl\/wp-content\/uploads\/2022\/09\/20220916_155500-01-1-640x272.jpeg 640w\" sizes=\"auto, (max-width: 1366px) 100vw, 1366px\" \/><\/p>\n<p><img loading=\"lazy\" decoding=\"async\" src=\"https:\/\/ostrowskatv.pl\/wp-content\/uploads\/2022\/09\/20220916_154830-01-1.jpeg\" alt=\"\" width=\"1366\" height=\"501\" class=\"alignnone size-full wp-image-21296\" srcset=\"https:\/\/ostrowskatv.pl\/wp-content\/uploads\/2022\/09\/20220916_154830-01-1.jpeg 1366w, https:\/\/ostrowskatv.pl\/wp-content\/uploads\/2022\/09\/20220916_154830-01-1-300x110.jpeg 300w, https:\/\/ostrowskatv.pl\/wp-content\/uploads\/2022\/09\/20220916_154830-01-1-640x235.jpeg 640w\" sizes=\"auto, (max-width: 1366px) 100vw, 1366px\" \/><\/p>\n<p><img loading=\"lazy\" decoding=\"async\" src=\"https:\/\/ostrowskatv.pl\/wp-content\/uploads\/2022\/09\/20220916_154825-01-1.jpeg\" alt=\"\" width=\"1366\" height=\"1025\" class=\"alignnone size-full wp-image-21297\" srcset=\"https:\/\/ostrowskatv.pl\/wp-content\/uploads\/2022\/09\/20220916_154825-01-1.jpeg 1366w, https:\/\/ostrowskatv.pl\/wp-content\/uploads\/2022\/09\/20220916_154825-01-1-300x225.jpeg 300w, https:\/\/ostrowskatv.pl\/wp-content\/uploads\/2022\/09\/20220916_154825-01-1-480x360.jpeg 480w\" sizes=\"auto, (max-width: 1366px) 100vw, 1366px\" \/><\/p>\n","protected":false},"excerpt":{"rendered":"Oko\u0142o godziny 15.40 na skrzy\u017cowaniu alei S\u0142owackiego oraz ulicy Kr. Jadwigi w Ostrowie Wielkopolskim dosz\u0142o do zderzenia dw\u00f3ch aut osobowych. Kobieta w \u015brednim \n<a class=\"moretag\" href=\"https:\/\/ostrowskatv.pl\/?p=21283\"> [...]<\/a>","protected":false},"author":1,"featured_media":21297,"comment_status":"open","ping_status":"closed","sticky":false,"template":"","format":"standard","meta":{"footnotes":""},"categories":[1],"tags":[],"class_list":["post-21283","post","type-post","status-publish","format-standard","has-post-thumbnail","hentry","category-news"],"_links":{"self":[{"href":"https:\/\/ostrowskatv.pl\/index.php?rest_route=\/wp\/v2\/posts\/21283","targetHints":{"allow":["GET"]}}],"collection":[{"href":"https:\/\/ostrowskatv.pl\/index.php?rest_route=\/wp\/v2\/posts"}],"about":[{"href":"https:\/\/ostrowskatv.pl\/index.php?rest_route=\/wp\/v2\/types\/post"}],"author":[{"embeddable":true,"href":"https:\/\/ostrowskatv.pl\/index.php?rest_route=\/wp\/v2\/users\/1"}],"replies":[{"embeddable":true,"href":"https:\/\/ostrowskatv.pl\/index.php?rest_route=%2Fwp%2Fv2%2Fcomments&post=21283"}],"version-history":[{"count":0,"href":"https:\/\/ostrowskatv.pl\/index.php?rest_route=\/wp\/v2\/posts\/21283\/revisions"}],"wp:featuredmedia":[{"embeddable":true,"href":"https:\/\/ostrowskatv.pl\/index.php?rest_route=\/wp\/v2\/media\/21297"}],"wp:attachment":[{"href":"https:\/\/ostrowskatv.pl\/index.php?rest_route=%2Fwp%2Fv2%2Fmedia&parent=21283"}],"wp:term":[{"taxonomy":"category","embeddable":true,"href":"https:\/\/ostrowskatv.pl\/index.php?rest_route=%2Fwp%2Fv2%2Fcategories&post=21283"},{"taxonomy":"post_tag","embeddable":true,"href":"https:\/\/ostrowskatv.pl\/index.php?rest_route=%2Fwp%2Fv2%2Ftags&post=21283"}],"curies":[{"name":"wp","href":"https:\/\/api.w.org\/{rel}","templated":true}]}}