{"id":21280,"date":"2022-09-16T09:20:06","date_gmt":"2022-09-16T08:20:06","guid":{"rendered":"https:\/\/ostrowskatv.pl\/?p=21280"},"modified":"2022-09-16T09:20:06","modified_gmt":"2022-09-16T08:20:06","slug":"suszyli-grzyby-dom-prawie-poszedl-z-dymem","status":"publish","type":"post","link":"https:\/\/ostrowskatv.pl\/?p=21280","title":{"rendered":"Suszyli grzyby. Dom prawie poszed\u0142 z dymem"},"content":{"rendered":"<p><strong>O du\u017cym szcz\u0119\u015bciu w nieszcz\u0119\u015bciu mog\u0105 m\u00f3wi\u0107 mieszka\u0144cy pi\u0119knego domu przy ulicy Wi\u015bniowej w Rad\u0142owie (odnoga od ulicy Wiklinowej w Ostrowie Wlkp.) W pi\u0105tkowy poranek zapali\u0142a si\u0119 suszarka do grzyb\u00f3w.<\/strong><\/p>\n<p>O po\u017carze zorientowa\u0142 si\u0119 jeden z mieszka\u0144c\u00f3w posesji. Stra\u017c po\u017carn\u0105 powiadomi\u0142 o godzinie  8.44. Sytuacja by\u0142a o tyle gro\u017ana, \u017ce gara\u017c znajduje si\u0119 na parterze domu. Spaleniu uleg\u0142a wspomniana suszarka elektryczna do grzyb\u00f3w, a odymieniu pomieszczenie gara\u017cu i zaparkowany wewn\u0105trz samoch\u00f3d.<\/p>\n<p>Ta sytuacja pokazuje dlaczego warto inwestowa\u0107 w niedrogie czujniki dymu, kt\u00f3re natychmiast nas poinformuj\u0105 o zagro\u017ceniu i pozwol\u0105 ugasi\u0107 po\u017car w zarodku zanim przeniesie si\u0119 na kolejne pomieszczenia.<\/p>\n","protected":false},"excerpt":{"rendered":"O du\u017cym szcz\u0119\u015bciu w nieszcz\u0119\u015bciu mog\u0105 m\u00f3wi\u0107 mieszka\u0144cy pi\u0119knego domu przy ulicy Wi\u015bniowej w Rad\u0142owie (odnoga od ulicy Wiklinowej w Ostrowie Wlkp.) W \n<a class=\"moretag\" href=\"https:\/\/ostrowskatv.pl\/?p=21280\"> [...]<\/a>","protected":false},"author":1,"featured_media":21279,"comment_status":"open","ping_status":"closed","sticky":false,"template":"","format":"standard","meta":{"footnotes":""},"categories":[1],"tags":[7],"class_list":["post-21280","post","type-post","status-publish","format-standard","has-post-thumbnail","hentry","category-news","tag-pozar"],"_links":{"self":[{"href":"https:\/\/ostrowskatv.pl\/index.php?rest_route=\/wp\/v2\/posts\/21280","targetHints":{"allow":["GET"]}}],"collection":[{"href":"https:\/\/ostrowskatv.pl\/index.php?rest_route=\/wp\/v2\/posts"}],"about":[{"href":"https:\/\/ostrowskatv.pl\/index.php?rest_route=\/wp\/v2\/types\/post"}],"author":[{"embeddable":true,"href":"https:\/\/ostrowskatv.pl\/index.php?rest_route=\/wp\/v2\/users\/1"}],"replies":[{"embeddable":true,"href":"https:\/\/ostrowskatv.pl\/index.php?rest_route=%2Fwp%2Fv2%2Fcomments&post=21280"}],"version-history":[{"count":0,"href":"https:\/\/ostrowskatv.pl\/index.php?rest_route=\/wp\/v2\/posts\/21280\/revisions"}],"wp:featuredmedia":[{"embeddable":true,"href":"https:\/\/ostrowskatv.pl\/index.php?rest_route=\/wp\/v2\/media\/21279"}],"wp:attachment":[{"href":"https:\/\/ostrowskatv.pl\/index.php?rest_route=%2Fwp%2Fv2%2Fmedia&parent=21280"}],"wp:term":[{"taxonomy":"category","embeddable":true,"href":"https:\/\/ostrowskatv.pl\/index.php?rest_route=%2Fwp%2Fv2%2Fcategories&post=21280"},{"taxonomy":"post_tag","embeddable":true,"href":"https:\/\/ostrowskatv.pl\/index.php?rest_route=%2Fwp%2Fv2%2Ftags&post=21280"}],"curies":[{"name":"wp","href":"https:\/\/api.w.org\/{rel}","templated":true}]}}