{"id":21271,"date":"2022-09-15T17:55:52","date_gmt":"2022-09-15T16:55:52","guid":{"rendered":"https:\/\/ostrowskatv.pl\/?p=21271"},"modified":"2022-09-15T17:57:04","modified_gmt":"2022-09-15T16:57:04","slug":"ostrowianin-probowal-opanowac-wscieklych-kaliszan","status":"publish","type":"post","link":"https:\/\/ostrowskatv.pl\/?p=21271","title":{"rendered":"Ostrowianin pr\u00f3bowa\u0142 opanowa\u0107 w\u015bciek\u0142ych kaliszan"},"content":{"rendered":"<p><strong>W \u015brod\u0119 wieczorem w Kaliszu odby\u0142o si\u0119 spotkanie konsultacyjne dotycz\u0105ce zaproponowanych czterech wariant\u00f3w poprowadzenia linii kolejowej du\u017cej pr\u0119dko\u015bci na trasie \u0141\u00f3d\u017a &#8211; Kalisz &#8211; Pozna\u0144 w zwi\u0105zku z planowan\u0105 budow\u0105 Centralnego Portu Komunikacyjnego. Do hali OSiR przysz\u0142o kilkuset mieszka\u0144c\u00f3w nie tylko Kalisza, ale tak\u017ce B\u0142aszek czy wojew\u00f3dztwa mazowieckiego. Atmosfera by\u0142a napi\u0119ta.<\/strong><\/p>\n<p>Organizatorami spotkania by\u0142a sp\u00f3\u0142ka CPK. Za sto\u0142em zasiedli przedstawiciele biura projektowego z Poznania oraz pracownicy sp\u00f3\u0142ki CPK, a w\u015br\u00f3d nich ostrowianin Micha\u0142 Kmiecik, pe\u0142ni\u0105cy funkcj\u0119 koordynatora ds. konsultacji spo\u0142ecznych. Przysz\u0142o mu si\u0119 wczoraj zmierzy\u0107 z rozgoryczonymi mieszka\u0144cami, kt\u00f3rych plan powstania tej inwestycji mo\u017ce pozbawi\u0107 rodzinnych dom\u00f3w.<\/p>\n<p>Od pocz\u0105tku inicjatyw\u0119 chcia\u0142 przej\u0105\u0107 by\u0142y pose\u0142 z Mazowsza (\u017c\u00f3\u0142ta czapka). Przekrzykiwa\u0142 si\u0119 z prowadz\u0105cym, ale da\u0142 si\u0119 nam\u00f3wi\u0107 na organizacyjny porz\u0105dek. W jego ramach najpierw w du\u017cym skr\u00f3cie przedstawiono przebieg kolei du\u017cej pr\u0119dko\u015bci, a p\u00f3\u017aniej ka\u017cdy zainteresowany m\u00f3g\u0142by zabra\u0107 g\u0142os. T\u0142um skandowa\u0142 do prowadz\u0105cego &#8222;oddaj mikrofon!&#8221;.<\/p>\n<p><img loading=\"lazy\" decoding=\"async\" src=\"https:\/\/ostrowskatv.pl\/wp-content\/uploads\/2022\/09\/cpk-transparent.jpg\" alt=\"\" width=\"1920\" height=\"1080\" class=\"alignnone size-full wp-image-21275\" srcset=\"https:\/\/ostrowskatv.pl\/wp-content\/uploads\/2022\/09\/cpk-transparent.jpg 1920w, https:\/\/ostrowskatv.pl\/wp-content\/uploads\/2022\/09\/cpk-transparent-300x169.jpg 300w, https:\/\/ostrowskatv.pl\/wp-content\/uploads\/2022\/09\/cpk-transparent-640x360.jpg 640w, https:\/\/ostrowskatv.pl\/wp-content\/uploads\/2022\/09\/cpk-transparent-1536x864.jpg 1536w\" sizes=\"auto, (max-width: 1920px) 100vw, 1920px\" \/><\/p>\n<p>Po chwili na sal\u0119 przyjecha\u0142a grupka z B\u0142aszek (powiat sieradzki) z w\u0142asnym g\u0142o\u015bnikiem i mikrofonem. Przez mieszkaniec wojew\u00f3dztwa mazowieckiego zacz\u0105\u0142 przekrzykiwa\u0107 si\u0119 z prowadz\u0105cym co mog\u0142o zako\u0144czy\u0107 spotkanie, ale emocje zosta\u0142y wystudzone. <\/p>\n<p>Dwa z czterech wariant\u00f3w zak\u0142ada\u0142y, \u017ce kolej du\u017cej pr\u0119dko\u015bci wjedzie na dotychczasowy dworzec w Kaliszu. Spowodowa\u0142oby to wyburzenie oko\u0142o 100 dom\u00f3w. Nie trzeba du\u017cej wyobra\u017ani, \u017ceby przewidzie\u0107 reakcje zamieszkuj\u0105cych je dom\u00f3w. Dwa pozosta\u0142e warianty przewidywa\u0142y przejazd na po\u0142udnie od Kalisza i dalej na Pleszew.<\/p>\n<p>Przedstawiciel CPK powiedzia\u0142, \u017ce w ci\u0105gu doby przez Kalisz ma przeje\u017cd\u017ca\u0107 17 par poci\u0105g\u00f3w Kolei Du\u017cych Pr\u0119dko\u015bci oraz 20 par pozosta\u0142ych poci\u0105g\u00f3w. Jednocze\u015bnie poinformowano, \u017ce w ca\u0142ym 2021 roku do poci\u0105g\u00f3w z kaliskiego dworca wsiad\u0142o 1100 os\u00f3b.<\/p>\n<p>Protestuj\u0105cy przeciwko omawianym wariantom m\u00f3wili, \u017ce bilety na Kolej Du\u017cych Pr\u0119dko\u015bci b\u0119d\u0105 dro\u017csze od tych na poci\u0105gi intercity i nie b\u0119dzie nimi zainteresowania. Z tego powodu nie powinno si\u0119 realizowa\u0107 tej inwestycji. Przedstawiciel CPK powiedzia\u0142 jednak, \u017ce w Europie d\u0105\u017cy si\u0119 do ograniczania wjazd\u00f3w autami do centr\u00f3w miast i to ma spowodowa\u0107 wzrost zainteresowania kolejami du\u017cych pr\u0119dko\u015bci.<\/p>\n<p>Pan Micha\u0142 Kmiecik wyst\u0119powa\u0142 w czerwonej koszuli. Jego opanowanie mo\u017cna obejrze\u0107 na poni\u017cszym filmie.<\/p>\n<p><iframe loading=\"lazy\" title=\"Du\u017ce emocje na konsultacjach m w sprawie Kolei Du\u017cych Pr\u0119dko\u015bci - Centralny Port Komunikacyjny\" width=\"747\" height=\"420\" src=\"https:\/\/www.youtube.com\/embed\/hVHfH1pPG8Q?feature=oembed\" frameborder=\"0\" allow=\"accelerometer; autoplay; clipboard-write; encrypted-media; gyroscope; picture-in-picture; web-share\" referrerpolicy=\"strict-origin-when-cross-origin\" allowfullscreen><\/iframe><\/p>\n","protected":false},"excerpt":{"rendered":"W \u015brod\u0119 wieczorem w Kaliszu odby\u0142o si\u0119 spotkanie konsultacyjne dotycz\u0105ce zaproponowanych czterech wariant\u00f3w poprowadzenia linii kolejowej du\u017cej pr\u0119dko\u015bci na trasie \u0141\u00f3d\u017a &#8211; Kalisz \n<a class=\"moretag\" href=\"https:\/\/ostrowskatv.pl\/?p=21271\"> [...]<\/a>","protected":false},"author":1,"featured_media":21274,"comment_status":"open","ping_status":"closed","sticky":false,"template":"","format":"standard","meta":{"footnotes":""},"categories":[1],"tags":[251],"class_list":["post-21271","post","type-post","status-publish","format-standard","has-post-thumbnail","hentry","category-news","tag-pkp"],"_links":{"self":[{"href":"https:\/\/ostrowskatv.pl\/index.php?rest_route=\/wp\/v2\/posts\/21271","targetHints":{"allow":["GET"]}}],"collection":[{"href":"https:\/\/ostrowskatv.pl\/index.php?rest_route=\/wp\/v2\/posts"}],"about":[{"href":"https:\/\/ostrowskatv.pl\/index.php?rest_route=\/wp\/v2\/types\/post"}],"author":[{"embeddable":true,"href":"https:\/\/ostrowskatv.pl\/index.php?rest_route=\/wp\/v2\/users\/1"}],"replies":[{"embeddable":true,"href":"https:\/\/ostrowskatv.pl\/index.php?rest_route=%2Fwp%2Fv2%2Fcomments&post=21271"}],"version-history":[{"count":0,"href":"https:\/\/ostrowskatv.pl\/index.php?rest_route=\/wp\/v2\/posts\/21271\/revisions"}],"wp:featuredmedia":[{"embeddable":true,"href":"https:\/\/ostrowskatv.pl\/index.php?rest_route=\/wp\/v2\/media\/21274"}],"wp:attachment":[{"href":"https:\/\/ostrowskatv.pl\/index.php?rest_route=%2Fwp%2Fv2%2Fmedia&parent=21271"}],"wp:term":[{"taxonomy":"category","embeddable":true,"href":"https:\/\/ostrowskatv.pl\/index.php?rest_route=%2Fwp%2Fv2%2Fcategories&post=21271"},{"taxonomy":"post_tag","embeddable":true,"href":"https:\/\/ostrowskatv.pl\/index.php?rest_route=%2Fwp%2Fv2%2Ftags&post=21271"}],"curies":[{"name":"wp","href":"https:\/\/api.w.org\/{rel}","templated":true}]}}