{"id":21261,"date":"2022-09-14T16:41:48","date_gmt":"2022-09-14T15:41:48","guid":{"rendered":"https:\/\/ostrowskatv.pl\/?p=21261"},"modified":"2022-09-14T16:41:48","modified_gmt":"2022-09-14T15:41:48","slug":"nie-dostrzegl-gluchoniemej","status":"publish","type":"post","link":"https:\/\/ostrowskatv.pl\/?p=21261","title":{"rendered":"Nie dostrzeg\u0142 g\u0142uchoniemej"},"content":{"rendered":"<p><strong>M\u0119\u017cczyzna kieruj\u0105c mercedesem jecha\u0142 ulic\u0105 Kr. Jadwigi w Ostrowie Wielkopolskim. Pokonuj\u0105c skrzy\u017cowanie z ulic\u0105 Reymonta nie dostrzeg\u0142 fiata, kt\u00f3rym kierowa\u0142a g\u0142uchoniema kobieta.<\/strong><\/p>\n<p>Auta zosta\u0142y powa\u017cnie rozbite. Na miejsce wezwano stra\u017c po\u017carn\u0105. Dyspozytor numeru alarmowego wys\u0142a\u0142 r\u00f3wnie\u017c karetk\u0119 pogotowia ratunkowego. Nikt jednak nie wymaga\u0142 pomocy medycznej. <\/p>\n<p>M\u0119\u017cczyzna przyzna\u0142 si\u0119 do spowodowania kolizji. Do zdarzenia dosz\u0142o o godzinie 15. <\/p>\n<p><img loading=\"lazy\" decoding=\"async\" src=\"https:\/\/ostrowskatv.pl\/wp-content\/uploads\/2022\/09\/20220914_152341-01.jpeg\" alt=\"\" width=\"1366\" height=\"757\" class=\"alignnone size-full wp-image-21262\" srcset=\"https:\/\/ostrowskatv.pl\/wp-content\/uploads\/2022\/09\/20220914_152341-01.jpeg 1366w, https:\/\/ostrowskatv.pl\/wp-content\/uploads\/2022\/09\/20220914_152341-01-300x166.jpeg 300w, https:\/\/ostrowskatv.pl\/wp-content\/uploads\/2022\/09\/20220914_152341-01-640x355.jpeg 640w\" sizes=\"auto, (max-width: 1366px) 100vw, 1366px\" \/><\/p>\n<p><img loading=\"lazy\" decoding=\"async\" src=\"https:\/\/ostrowskatv.pl\/wp-content\/uploads\/2022\/09\/20220914_151828-01.jpeg\" alt=\"\" width=\"1366\" height=\"814\" class=\"alignnone size-full wp-image-21263\" srcset=\"https:\/\/ostrowskatv.pl\/wp-content\/uploads\/2022\/09\/20220914_151828-01.jpeg 1366w, https:\/\/ostrowskatv.pl\/wp-content\/uploads\/2022\/09\/20220914_151828-01-300x179.jpeg 300w, https:\/\/ostrowskatv.pl\/wp-content\/uploads\/2022\/09\/20220914_151828-01-604x360.jpeg 604w\" sizes=\"auto, (max-width: 1366px) 100vw, 1366px\" \/><\/p>\n<p><img loading=\"lazy\" decoding=\"async\" src=\"https:\/\/ostrowskatv.pl\/wp-content\/uploads\/2022\/09\/20220914_151816-01.jpeg\" alt=\"\" width=\"1366\" height=\"644\" class=\"alignnone size-full wp-image-21264\" srcset=\"https:\/\/ostrowskatv.pl\/wp-content\/uploads\/2022\/09\/20220914_151816-01.jpeg 1366w, https:\/\/ostrowskatv.pl\/wp-content\/uploads\/2022\/09\/20220914_151816-01-300x141.jpeg 300w, https:\/\/ostrowskatv.pl\/wp-content\/uploads\/2022\/09\/20220914_151816-01-640x302.jpeg 640w\" sizes=\"auto, (max-width: 1366px) 100vw, 1366px\" \/><\/p>\n<p><img loading=\"lazy\" decoding=\"async\" src=\"https:\/\/ostrowskatv.pl\/wp-content\/uploads\/2022\/09\/20220914_151719-01.jpeg\" alt=\"\" width=\"1109\" height=\"1366\" class=\"alignnone size-full wp-image-21265\" srcset=\"https:\/\/ostrowskatv.pl\/wp-content\/uploads\/2022\/09\/20220914_151719-01.jpeg 1109w, https:\/\/ostrowskatv.pl\/wp-content\/uploads\/2022\/09\/20220914_151719-01-244x300.jpeg 244w, https:\/\/ostrowskatv.pl\/wp-content\/uploads\/2022\/09\/20220914_151719-01-292x360.jpeg 292w\" sizes=\"auto, (max-width: 1109px) 100vw, 1109px\" \/><\/p>\n<p><img loading=\"lazy\" decoding=\"async\" src=\"https:\/\/ostrowskatv.pl\/wp-content\/uploads\/2022\/09\/20220914_151250-01.jpeg\" alt=\"\" width=\"1366\" height=\"799\" class=\"alignnone size-full wp-image-21266\" srcset=\"https:\/\/ostrowskatv.pl\/wp-content\/uploads\/2022\/09\/20220914_151250-01.jpeg 1366w, https:\/\/ostrowskatv.pl\/wp-content\/uploads\/2022\/09\/20220914_151250-01-300x175.jpeg 300w, https:\/\/ostrowskatv.pl\/wp-content\/uploads\/2022\/09\/20220914_151250-01-615x360.jpeg 615w, https:\/\/ostrowskatv.pl\/wp-content\/uploads\/2022\/09\/20220914_151250-01-752x440.jpeg 752w\" sizes=\"auto, (max-width: 1366px) 100vw, 1366px\" \/><\/p>\n<p><img loading=\"lazy\" decoding=\"async\" src=\"https:\/\/ostrowskatv.pl\/wp-content\/uploads\/2022\/09\/20220914_151243-01.jpeg\" alt=\"\" width=\"1366\" height=\"836\" class=\"alignnone size-full wp-image-21267\" srcset=\"https:\/\/ostrowskatv.pl\/wp-content\/uploads\/2022\/09\/20220914_151243-01.jpeg 1366w, https:\/\/ostrowskatv.pl\/wp-content\/uploads\/2022\/09\/20220914_151243-01-300x184.jpeg 300w, https:\/\/ostrowskatv.pl\/wp-content\/uploads\/2022\/09\/20220914_151243-01-588x360.jpeg 588w\" sizes=\"auto, (max-width: 1366px) 100vw, 1366px\" \/><\/p>\n","protected":false},"excerpt":{"rendered":"M\u0119\u017cczyzna kieruj\u0105c mercedesem jecha\u0142 ulic\u0105 Kr. Jadwigi w Ostrowie Wielkopolskim. Pokonuj\u0105c skrzy\u017cowanie z ulic\u0105 Reymonta nie dostrzeg\u0142 fiata, kt\u00f3rym kierowa\u0142a g\u0142uchoniema kobieta. Auta \n<a class=\"moretag\" href=\"https:\/\/ostrowskatv.pl\/?p=21261\"> [...]<\/a>","protected":false},"author":1,"featured_media":21267,"comment_status":"open","ping_status":"closed","sticky":false,"template":"","format":"standard","meta":{"footnotes":""},"categories":[1],"tags":[2],"class_list":["post-21261","post","type-post","status-publish","format-standard","has-post-thumbnail","hentry","category-news","tag-ostrow-wielkopolski"],"_links":{"self":[{"href":"https:\/\/ostrowskatv.pl\/index.php?rest_route=\/wp\/v2\/posts\/21261","targetHints":{"allow":["GET"]}}],"collection":[{"href":"https:\/\/ostrowskatv.pl\/index.php?rest_route=\/wp\/v2\/posts"}],"about":[{"href":"https:\/\/ostrowskatv.pl\/index.php?rest_route=\/wp\/v2\/types\/post"}],"author":[{"embeddable":true,"href":"https:\/\/ostrowskatv.pl\/index.php?rest_route=\/wp\/v2\/users\/1"}],"replies":[{"embeddable":true,"href":"https:\/\/ostrowskatv.pl\/index.php?rest_route=%2Fwp%2Fv2%2Fcomments&post=21261"}],"version-history":[{"count":0,"href":"https:\/\/ostrowskatv.pl\/index.php?rest_route=\/wp\/v2\/posts\/21261\/revisions"}],"wp:featuredmedia":[{"embeddable":true,"href":"https:\/\/ostrowskatv.pl\/index.php?rest_route=\/wp\/v2\/media\/21267"}],"wp:attachment":[{"href":"https:\/\/ostrowskatv.pl\/index.php?rest_route=%2Fwp%2Fv2%2Fmedia&parent=21261"}],"wp:term":[{"taxonomy":"category","embeddable":true,"href":"https:\/\/ostrowskatv.pl\/index.php?rest_route=%2Fwp%2Fv2%2Fcategories&post=21261"},{"taxonomy":"post_tag","embeddable":true,"href":"https:\/\/ostrowskatv.pl\/index.php?rest_route=%2Fwp%2Fv2%2Ftags&post=21261"}],"curies":[{"name":"wp","href":"https:\/\/api.w.org\/{rel}","templated":true}]}}