{"id":21249,"date":"2022-09-12T08:31:04","date_gmt":"2022-09-12T07:31:04","guid":{"rendered":"https:\/\/ostrowskatv.pl\/?p=21249"},"modified":"2022-09-12T08:32:03","modified_gmt":"2022-09-12T07:32:03","slug":"wpadl-w-klopoty-przez-zmeczenie","status":"publish","type":"post","link":"https:\/\/ostrowskatv.pl\/?p=21249","title":{"rendered":"Wpad\u0142 w k\u0142opoty przez zm\u0119czenie?"},"content":{"rendered":"<p><strong>Tu\u017c przed p\u00f3\u0142noc\u0105 dosz\u0142o do niebezpiecznego zdarzenia drogowego na trasie Chruszczyny-Chwaliszew. Mieszkaniec powiatu kaliskiego jad\u0105c oplem cors\u0105 straci\u0142 panowanie nad autem i wypad\u0142 do przydro\u017cnego rowu. Auto przewr\u00f3ci\u0142o si\u0119 na dach.<\/strong><\/p>\n<p>Na szcz\u0119\u015bcie kierowcy nic si\u0119 nie sta\u0142o i wyszed\u0142 z pojazdu o w\u0142asnych si\u0142ach. By\u0142 trze\u017awy. K\u0142opotem okaza\u0142a si\u0119 konieczno\u015b\u0107 wydobycia uszkodzonego auta w \u015brodku nocy i naprawa zniszcze\u0144.<\/p>\n","protected":false},"excerpt":{"rendered":"Tu\u017c przed p\u00f3\u0142noc\u0105 dosz\u0142o do niebezpiecznego zdarzenia drogowego na trasie Chruszczyny-Chwaliszew. Mieszkaniec powiatu kaliskiego jad\u0105c oplem cors\u0105 straci\u0142 panowanie nad autem i wypad\u0142 \n<a class=\"moretag\" href=\"https:\/\/ostrowskatv.pl\/?p=21249\"> [...]<\/a>","protected":false},"author":1,"featured_media":21252,"comment_status":"open","ping_status":"closed","sticky":false,"template":"","format":"standard","meta":{"footnotes":""},"categories":[1],"tags":[48],"class_list":["post-21249","post","type-post","status-publish","format-standard","has-post-thumbnail","hentry","category-news","tag-kolizja"],"_links":{"self":[{"href":"https:\/\/ostrowskatv.pl\/index.php?rest_route=\/wp\/v2\/posts\/21249","targetHints":{"allow":["GET"]}}],"collection":[{"href":"https:\/\/ostrowskatv.pl\/index.php?rest_route=\/wp\/v2\/posts"}],"about":[{"href":"https:\/\/ostrowskatv.pl\/index.php?rest_route=\/wp\/v2\/types\/post"}],"author":[{"embeddable":true,"href":"https:\/\/ostrowskatv.pl\/index.php?rest_route=\/wp\/v2\/users\/1"}],"replies":[{"embeddable":true,"href":"https:\/\/ostrowskatv.pl\/index.php?rest_route=%2Fwp%2Fv2%2Fcomments&post=21249"}],"version-history":[{"count":0,"href":"https:\/\/ostrowskatv.pl\/index.php?rest_route=\/wp\/v2\/posts\/21249\/revisions"}],"wp:featuredmedia":[{"embeddable":true,"href":"https:\/\/ostrowskatv.pl\/index.php?rest_route=\/wp\/v2\/media\/21252"}],"wp:attachment":[{"href":"https:\/\/ostrowskatv.pl\/index.php?rest_route=%2Fwp%2Fv2%2Fmedia&parent=21249"}],"wp:term":[{"taxonomy":"category","embeddable":true,"href":"https:\/\/ostrowskatv.pl\/index.php?rest_route=%2Fwp%2Fv2%2Fcategories&post=21249"},{"taxonomy":"post_tag","embeddable":true,"href":"https:\/\/ostrowskatv.pl\/index.php?rest_route=%2Fwp%2Fv2%2Ftags&post=21249"}],"curies":[{"name":"wp","href":"https:\/\/api.w.org\/{rel}","templated":true}]}}