{"id":21228,"date":"2022-09-10T17:50:09","date_gmt":"2022-09-10T16:50:09","guid":{"rendered":"https:\/\/ostrowskatv.pl\/?p=21228"},"modified":"2022-09-10T17:50:09","modified_gmt":"2022-09-10T16:50:09","slug":"wjechala-w-rowerzystke-o-wschodzie-slonca","status":"publish","type":"post","link":"https:\/\/ostrowskatv.pl\/?p=21228","title":{"rendered":"Wjecha\u0142a w rowerzystk\u0119 o wschodzie s\u0142o\u0144ca"},"content":{"rendered":"<p><strong>Dzi\u015b s\u0142o\u0144ce wschodzi\u0142o o godzinie 6.21. Mniej wi\u0119cej o tej porze dosz\u0142o do potr\u0105cenia rowerzystki przez m\u0142od\u0105 kieruj\u0105c\u0105 samochodem osobowym. Rowerzystka trafi\u0142a do szpitala.<\/strong><\/p>\n<p>O \u015bwicie 19-letnia rowerzystka jecha\u0142a od strony Koryt w kierunku Raszkowa. W miejscowo\u015bci Ligota wjecha\u0142a w ty\u0142 roweru 23-letnia kieruj\u0105ca fordem fiest\u0105. Poszkodowan\u0105 rowerzystk\u0119 zabrano do szpitala. <\/p>\n<p>Obie kobiety by\u0142y trze\u017awe.<\/p>\n","protected":false},"excerpt":{"rendered":"Dzi\u015b s\u0142o\u0144ce wschodzi\u0142o o godzinie 6.21. Mniej wi\u0119cej o tej porze dosz\u0142o do potr\u0105cenia rowerzystki przez m\u0142od\u0105 kieruj\u0105c\u0105 samochodem osobowym. Rowerzystka trafi\u0142a do \n<a class=\"moretag\" href=\"https:\/\/ostrowskatv.pl\/?p=21228\"> [...]<\/a>","protected":false},"author":1,"featured_media":21227,"comment_status":"open","ping_status":"closed","sticky":false,"template":"","format":"standard","meta":{"footnotes":""},"categories":[1],"tags":[11],"class_list":["post-21228","post","type-post","status-publish","format-standard","has-post-thumbnail","hentry","category-news","tag-wypadek"],"_links":{"self":[{"href":"https:\/\/ostrowskatv.pl\/index.php?rest_route=\/wp\/v2\/posts\/21228","targetHints":{"allow":["GET"]}}],"collection":[{"href":"https:\/\/ostrowskatv.pl\/index.php?rest_route=\/wp\/v2\/posts"}],"about":[{"href":"https:\/\/ostrowskatv.pl\/index.php?rest_route=\/wp\/v2\/types\/post"}],"author":[{"embeddable":true,"href":"https:\/\/ostrowskatv.pl\/index.php?rest_route=\/wp\/v2\/users\/1"}],"replies":[{"embeddable":true,"href":"https:\/\/ostrowskatv.pl\/index.php?rest_route=%2Fwp%2Fv2%2Fcomments&post=21228"}],"version-history":[{"count":0,"href":"https:\/\/ostrowskatv.pl\/index.php?rest_route=\/wp\/v2\/posts\/21228\/revisions"}],"wp:featuredmedia":[{"embeddable":true,"href":"https:\/\/ostrowskatv.pl\/index.php?rest_route=\/wp\/v2\/media\/21227"}],"wp:attachment":[{"href":"https:\/\/ostrowskatv.pl\/index.php?rest_route=%2Fwp%2Fv2%2Fmedia&parent=21228"}],"wp:term":[{"taxonomy":"category","embeddable":true,"href":"https:\/\/ostrowskatv.pl\/index.php?rest_route=%2Fwp%2Fv2%2Fcategories&post=21228"},{"taxonomy":"post_tag","embeddable":true,"href":"https:\/\/ostrowskatv.pl\/index.php?rest_route=%2Fwp%2Fv2%2Ftags&post=21228"}],"curies":[{"name":"wp","href":"https:\/\/api.w.org\/{rel}","templated":true}]}}