{"id":21200,"date":"2022-09-10T10:25:54","date_gmt":"2022-09-10T09:25:54","guid":{"rendered":"https:\/\/ostrowskatv.pl\/?p=21200"},"modified":"2022-09-10T10:29:17","modified_gmt":"2022-09-10T09:29:17","slug":"ratuja-rzeke-barycz-widac-co-do-niej-splywa","status":"publish","type":"post","link":"https:\/\/ostrowskatv.pl\/?p=21200","title":{"rendered":"Ratuj\u0105 rzek\u0119 Barycz. Wida\u0107 co do niej sp\u0142ywa"},"content":{"rendered":"<p><strong>Od kilku dni stra\u017cacy ochotnicy m.in. z Odolanowa, Tarcha\u0142 Wielkich, a tak\u017ce instytucje walcz\u0105 z problemem, kt\u00f3ry pojawi\u0142 si\u0119 na rzece Barycz. Po ostatnich ulewach Barycz wyla\u0142a na pobliskie \u0142\u0105ki tworz\u0105c rozlewiska. <\/strong><\/p>\n<p>Spowodowa\u0142o to, \u017ce zacz\u0119\u0142y nast\u0119powa\u0107 pewne procesy gnilne, a te zanieczyszczenia zacz\u0119\u0142y sp\u0142ywa\u0107 z p\u00f3l do koryta rzeki. W efekcie po powierzchni rzeki p\u0142ynie szarawa substancja. Spowodowa\u0142o to r\u00f3wnie\u017c spadek natlenienia wody. Zauwa\u017cono kilka zdech\u0142ych ryb w samym Odolanowie. Wy\u0142owiono kilka rak\u00f3w i wywieziono je do pobliskich staw\u00f3w. (ci\u0105g dalszy pod zdj\u0119ciami)<\/p>\n<p><img loading=\"lazy\" decoding=\"async\" class=\"alignnone size-full wp-image-21202\" src=\"https:\/\/ostrowskatv.pl\/wp-content\/uploads\/2022\/09\/barycz-straz-5.jpg\" alt=\"\" width=\"1333\" height=\"643\" srcset=\"https:\/\/ostrowskatv.pl\/wp-content\/uploads\/2022\/09\/barycz-straz-5.jpg 1333w, https:\/\/ostrowskatv.pl\/wp-content\/uploads\/2022\/09\/barycz-straz-5-300x145.jpg 300w, https:\/\/ostrowskatv.pl\/wp-content\/uploads\/2022\/09\/barycz-straz-5-640x309.jpg 640w\" sizes=\"auto, (max-width: 1333px) 100vw, 1333px\" \/><\/p>\n<p><img loading=\"lazy\" decoding=\"async\" class=\"alignnone size-full wp-image-21203\" src=\"https:\/\/ostrowskatv.pl\/wp-content\/uploads\/2022\/09\/odolanow-pole-barycz4.jpg\" alt=\"\" width=\"1333\" height=\"821\" srcset=\"https:\/\/ostrowskatv.pl\/wp-content\/uploads\/2022\/09\/odolanow-pole-barycz4.jpg 1333w, https:\/\/ostrowskatv.pl\/wp-content\/uploads\/2022\/09\/odolanow-pole-barycz4-300x185.jpg 300w, https:\/\/ostrowskatv.pl\/wp-content\/uploads\/2022\/09\/odolanow-pole-barycz4-585x360.jpg 585w\" sizes=\"auto, (max-width: 1333px) 100vw, 1333px\" \/><\/p>\n<p><img loading=\"lazy\" decoding=\"async\" class=\"alignnone size-full wp-image-21204\" src=\"https:\/\/ostrowskatv.pl\/wp-content\/uploads\/2022\/09\/odolanow-pole-barycz3.jpg\" alt=\"\" width=\"1333\" height=\"750\" srcset=\"https:\/\/ostrowskatv.pl\/wp-content\/uploads\/2022\/09\/odolanow-pole-barycz3.jpg 1333w, https:\/\/ostrowskatv.pl\/wp-content\/uploads\/2022\/09\/odolanow-pole-barycz3-300x169.jpg 300w, https:\/\/ostrowskatv.pl\/wp-content\/uploads\/2022\/09\/odolanow-pole-barycz3-640x360.jpg 640w\" sizes=\"auto, (max-width: 1333px) 100vw, 1333px\" \/><\/p>\n<p><img loading=\"lazy\" decoding=\"async\" class=\"alignnone size-full wp-image-21205\" src=\"https:\/\/ostrowskatv.pl\/wp-content\/uploads\/2022\/09\/odolanow-pole-barycz2.jpg\" alt=\"\" width=\"1333\" height=\"750\" srcset=\"https:\/\/ostrowskatv.pl\/wp-content\/uploads\/2022\/09\/odolanow-pole-barycz2.jpg 1333w, https:\/\/ostrowskatv.pl\/wp-content\/uploads\/2022\/09\/odolanow-pole-barycz2-300x169.jpg 300w, https:\/\/ostrowskatv.pl\/wp-content\/uploads\/2022\/09\/odolanow-pole-barycz2-640x360.jpg 640w\" sizes=\"auto, (max-width: 1333px) 100vw, 1333px\" \/><\/p>\n<p><img loading=\"lazy\" decoding=\"async\" class=\"alignnone size-full wp-image-21206\" src=\"https:\/\/ostrowskatv.pl\/wp-content\/uploads\/2022\/09\/odolanow-pole-barycz.jpg\" alt=\"\" width=\"1333\" height=\"750\" srcset=\"https:\/\/ostrowskatv.pl\/wp-content\/uploads\/2022\/09\/odolanow-pole-barycz.jpg 1333w, https:\/\/ostrowskatv.pl\/wp-content\/uploads\/2022\/09\/odolanow-pole-barycz-300x169.jpg 300w, https:\/\/ostrowskatv.pl\/wp-content\/uploads\/2022\/09\/odolanow-pole-barycz-640x360.jpg 640w\" sizes=\"auto, (max-width: 1333px) 100vw, 1333px\" \/><\/p>\n<p>Instytucje odpowiedzialne za ochron\u0119 \u015brodowiska podj\u0119\u0142y decyzj\u0119 o konieczno\u015bci natlenienia wody. Jednostka OSP Tarcha\u0142y Wlk. zacz\u0119\u0142y napowietrza\u0107 wod\u0119 z pomoc\u0105 pomp przed Odolanowem, a przy ulicy Dworcowej dzia\u0142ania by\u0142y kontynuowane przez stra\u017cak\u00f3w ochotnik\u00f3w z miejscowej jednostki.<\/p>\n<p>Kolejnego dnia sp\u00f3\u0142ka Stawy Milickie dostarczy\u0142a pot\u0119\u017cn\u0105 pomp\u0119. Woda pobierana jest w\u0119\u017cem ss\u0105cym i po chwili wyrzucana jest w formie rozbryzgu do koryta rzeki.<\/p>\n<p><img loading=\"lazy\" decoding=\"async\" class=\"alignnone size-full wp-image-21207\" src=\"https:\/\/ostrowskatv.pl\/wp-content\/uploads\/2022\/09\/raki-barycz.jpg\" alt=\"\" width=\"1536\" height=\"2048\" srcset=\"https:\/\/ostrowskatv.pl\/wp-content\/uploads\/2022\/09\/raki-barycz.jpg 1536w, https:\/\/ostrowskatv.pl\/wp-content\/uploads\/2022\/09\/raki-barycz-225x300.jpg 225w, https:\/\/ostrowskatv.pl\/wp-content\/uploads\/2022\/09\/raki-barycz-270x360.jpg 270w, https:\/\/ostrowskatv.pl\/wp-content\/uploads\/2022\/09\/raki-barycz-1152x1536.jpg 1152w\" sizes=\"auto, (max-width: 1536px) 100vw, 1536px\" \/> <img loading=\"lazy\" decoding=\"async\" class=\"alignnone size-full wp-image-21208\" src=\"https:\/\/ostrowskatv.pl\/wp-content\/uploads\/2022\/09\/odolanow-pole-barycz9.jpg\" alt=\"\" width=\"1329\" height=\"1333\" srcset=\"https:\/\/ostrowskatv.pl\/wp-content\/uploads\/2022\/09\/odolanow-pole-barycz9.jpg 1329w, https:\/\/ostrowskatv.pl\/wp-content\/uploads\/2022\/09\/odolanow-pole-barycz9-300x300.jpg 300w, https:\/\/ostrowskatv.pl\/wp-content\/uploads\/2022\/09\/odolanow-pole-barycz9-359x360.jpg 359w, https:\/\/ostrowskatv.pl\/wp-content\/uploads\/2022\/09\/odolanow-pole-barycz9-150x150.jpg 150w\" sizes=\"auto, (max-width: 1329px) 100vw, 1329px\" \/> <img loading=\"lazy\" decoding=\"async\" class=\"alignnone size-full wp-image-21209\" src=\"https:\/\/ostrowskatv.pl\/wp-content\/uploads\/2022\/09\/odolanow-pole-barycz8.jpg\" alt=\"\" width=\"1333\" height=\"750\" srcset=\"https:\/\/ostrowskatv.pl\/wp-content\/uploads\/2022\/09\/odolanow-pole-barycz8.jpg 1333w, https:\/\/ostrowskatv.pl\/wp-content\/uploads\/2022\/09\/odolanow-pole-barycz8-300x169.jpg 300w, https:\/\/ostrowskatv.pl\/wp-content\/uploads\/2022\/09\/odolanow-pole-barycz8-640x360.jpg 640w\" sizes=\"auto, (max-width: 1333px) 100vw, 1333px\" \/> <img loading=\"lazy\" decoding=\"async\" class=\"alignnone size-full wp-image-21210\" src=\"https:\/\/ostrowskatv.pl\/wp-content\/uploads\/2022\/09\/odolanow-pole-barycz7.jpg\" alt=\"\" width=\"1333\" height=\"919\" srcset=\"https:\/\/ostrowskatv.pl\/wp-content\/uploads\/2022\/09\/odolanow-pole-barycz7.jpg 1333w, https:\/\/ostrowskatv.pl\/wp-content\/uploads\/2022\/09\/odolanow-pole-barycz7-300x207.jpg 300w, https:\/\/ostrowskatv.pl\/wp-content\/uploads\/2022\/09\/odolanow-pole-barycz7-522x360.jpg 522w\" sizes=\"auto, (max-width: 1333px) 100vw, 1333px\" \/> <img loading=\"lazy\" decoding=\"async\" class=\"alignnone size-full wp-image-21211\" src=\"https:\/\/ostrowskatv.pl\/wp-content\/uploads\/2022\/09\/odolanow-pole-barycz6.jpg\" alt=\"\" width=\"1333\" height=\"1326\" srcset=\"https:\/\/ostrowskatv.pl\/wp-content\/uploads\/2022\/09\/odolanow-pole-barycz6.jpg 1333w, https:\/\/ostrowskatv.pl\/wp-content\/uploads\/2022\/09\/odolanow-pole-barycz6-300x298.jpg 300w, https:\/\/ostrowskatv.pl\/wp-content\/uploads\/2022\/09\/odolanow-pole-barycz6-362x360.jpg 362w, https:\/\/ostrowskatv.pl\/wp-content\/uploads\/2022\/09\/odolanow-pole-barycz6-150x150.jpg 150w\" sizes=\"auto, (max-width: 1333px) 100vw, 1333px\" \/> <img loading=\"lazy\" decoding=\"async\" class=\"alignnone size-full wp-image-21212\" src=\"https:\/\/ostrowskatv.pl\/wp-content\/uploads\/2022\/09\/odolanow-pole-barycz5.jpg\" alt=\"\" width=\"1333\" height=\"1036\" srcset=\"https:\/\/ostrowskatv.pl\/wp-content\/uploads\/2022\/09\/odolanow-pole-barycz5.jpg 1333w, https:\/\/ostrowskatv.pl\/wp-content\/uploads\/2022\/09\/odolanow-pole-barycz5-300x233.jpg 300w, https:\/\/ostrowskatv.pl\/wp-content\/uploads\/2022\/09\/odolanow-pole-barycz5-463x360.jpg 463w\" sizes=\"auto, (max-width: 1333px) 100vw, 1333px\" \/> <img loading=\"lazy\" decoding=\"async\" class=\"alignnone size-full wp-image-21213\" src=\"https:\/\/ostrowskatv.pl\/wp-content\/uploads\/2022\/09\/odolanow2.jpg\" alt=\"\" width=\"756\" height=\"1008\" srcset=\"https:\/\/ostrowskatv.pl\/wp-content\/uploads\/2022\/09\/odolanow2.jpg 756w, https:\/\/ostrowskatv.pl\/wp-content\/uploads\/2022\/09\/odolanow2-225x300.jpg 225w, https:\/\/ostrowskatv.pl\/wp-content\/uploads\/2022\/09\/odolanow2-270x360.jpg 270w\" sizes=\"auto, (max-width: 756px) 100vw, 756px\" \/> <img loading=\"lazy\" decoding=\"async\" class=\"alignnone size-full wp-image-21214\" src=\"https:\/\/ostrowskatv.pl\/wp-content\/uploads\/2022\/09\/odolanow1.jpg\" alt=\"\" width=\"756\" height=\"1008\" srcset=\"https:\/\/ostrowskatv.pl\/wp-content\/uploads\/2022\/09\/odolanow1.jpg 756w, https:\/\/ostrowskatv.pl\/wp-content\/uploads\/2022\/09\/odolanow1-225x300.jpg 225w, https:\/\/ostrowskatv.pl\/wp-content\/uploads\/2022\/09\/odolanow1-270x360.jpg 270w\" sizes=\"auto, (max-width: 756px) 100vw, 756px\" \/><\/p>\n<p>Sp\u00f3\u0142ka Stawy Milickie poinformowa\u0142a, \u017ce udost\u0119pni\u0142a dwie specjalistyczne pompy, kt\u00f3re pomagaj\u0105 w natlenianiu rzeki Barycz. Urz\u0105dzenia zosta\u0142y u\u017cyczone PGW Wody Polskie, kt\u00f3re koordynuj\u0105 akcj\u0119 na rzece.<\/p>\n<blockquote><p>Wi\u0119ksza pompa ma wydajno\u015b\u0107 1250 m3\/h, natomiast mniejsza 475 m3\/h. Pompy zosta\u0142y zakupione przez Sp\u00f3\u0142k\u0119, dzi\u0119ki \u015brodkom finansowym przekazanym przez Samorz\u0105d Wojew\u00f3dztwa Dolno\u015bl\u0105skiego i b\u0119d\u0105 pracowa\u0107 bez przerwy przez najbli\u017cszych kilka dni, w mi\u0119dzyczasie na bie\u017c\u0105co b\u0119d\u0105 sprawdzane parametry wody.<\/p>\n<p>Wierzymy, \u017ce podj\u0119te dzia\u0142ania pomog\u0105 poprawi\u0107 warunki tlenowe wody. Jednocze\u015bnie informujemy, \u017ce rezerwat przyrody \u201eStawy Milickie\u201d jest bezpieczny, a nasi pracownicy stale monitoruj\u0105 wszystkie cieki wodne doprowadzaj\u0105ce wod\u0119 do staw\u00f3w.<\/p><\/blockquote>\n<p>W komentarzach mo\u017cna przeczyta\u0107 opinie internaut\u00f3w, kt\u00f3rzy doszukuj\u0105 si\u0119 przyczyn problem\u00f3w na rzece Barycz<\/p>\n<blockquote><p>\nMariusz Duczmal<br \/>\npracownicy z w\u00f3d polskich jedynie czego si\u0119 nauczyli to tego \u017ce nie zamkn\u0119li tam w czasie tych intensywnych opad\u00f3w jak to zrobili bodaj\u017ce dwa lata temu przez to woda wsz\u0119dzie wszystkimi mo\u017cliwymi rowami wypchn\u0119\u0142a. Teren Baryczy od Odolanowa , poprzez Uciech\u00f3w , Bartniki i Wr\u00f3bliniec jest taki \u017ce woda tutaj maksymalnie przybiera dob\u0119 po intensywnych opadach w Wielkopolsce i wtedy tamy musz\u0105 by\u0107 otwarte, kiedy\u015b tak samo zalewali uprawy rolnicze jak jaz Bolko by\u0142 pod dost\u0119pno\u015bci\u0105 staw\u00f3w milickich,jaz zamkni\u0119ty,wysoki poziom wody szed\u0142 po intensywnych opadach i wypycha\u0142 na rowy. Nie m\u00f3wi\u0119 \u017ce od wiosny mog\u0142y by\u0107 tamy przymkni\u0119te bo by\u0142a susza , ale urz\u0105d wody polskie powo\u0142any tylko po to \u017ceby pieni\u0105dze bra\u0107. Nawet jak ostatnio by\u0142 podwy\u017cszony poziom wody to nikt nie by\u0142 zainteresowany przytakn\u0105 tam\u0105 na Wr\u00f3bli\u0144cu przez zielsko. Teraz te\u017c wody polskie wiedzia\u0142y kilka dni wcze\u015bniej \u017ce p\u0142ynie jaki\u015b syf barycz\u0105,a nikogo nie poinformowa\u0142y. O tym co p\u0142ynie si\u0119 nikt nie dowie,tak jak ostatnio,bo b\u0119dzie \u017ce to jest winny kto\u015b wp\u0142ywowy i sprawa ucichnie, inne syfy gdzie mog\u0105 zarobi\u0107 na tym potrafi\u0105 odrazu wykry\u0107,a tu czarna magia dla nich. R\u0119ka r\u0119k\u0119 myje.<\/p><\/blockquote>\n<blockquote>\n<p>Piotr Borecki<br \/>\nale gdyby by\u0142y tamy zamkni\u0119te od wiosny to nie by\u0142o by problemu z zielskiem w odolanowie to struga jest a nie rzeka jak pami\u0119tam za.malego to zawsze by\u0142o zastawione i nie by\u0142o zniela a dzi\u015b prosz\u0119 sobie obaczuc woda nie ma kt\u00f3r\u0119dy p\u0142yn\u0105\u0107 nie chodzi \u017ceby spietrzyc na max ale o 30 cm i woda by si\u0119 dotleniala na tamach i zielska by nie ros\u0142o bo by by\u0142o na tyle g\u0142\u0119boko ze nie mia\u0142o by mo\u017cliwo\u015bci si\u0119 rozwin\u0105\u0107 a s\u0105 ludzie odpowiedzialni za to co po opadach mog\u0142y by podnie\u015b\u0107 tam\u0119 na dob\u0119 i spowrotem zastawi\u0107 adla mnie to jedne wielkie bagno a teraz mamy wi\u0119cej deficytu wody i powinni ja zatrzymywa\u0107 a nie puszcza\u0107 oni tego nie ogarna za du\u017co przepis\u00f3w i ludzi zarz\u0105dzaj\u0105cych<\/p><\/blockquote>\n<blockquote><p>\nMariusz Duczmal<br \/>\nno tak jest,przez to wspomnia\u0142em \u017ce od wiosny spokojnie tamy mog\u0142y spi\u0119trza\u0107 wod\u0119 bo by\u0142 deficyt,tylko otwiera\u0107 w momencie intensywnych opad\u00f3w. Ale to trzeba je\u017adzi\u0107 i robi\u0107, ale jak rz\u0105d PiS stworzy\u0142 instytucje wody polskie tylko do obsadzenia swoimi lud\u017ami i brania pieni\u0119dzy z naszych podatk\u00f3w to co si\u0119 dziwi\u0107. To ustrojstwo jest tak stworzone \u017ce nie ponosi za nic odpowiedzialno\u015bci niestety, a robota spada na innych i koszty zwi\u0105zane z ciekami wodnymi te\u017c ,bo kontrola poziomu wody to stra\u017c wysy\u0142ana,kontrola zanieczyszcze\u0144 w\u00f3d stra\u017c wysy\u0142ana, obecne natlenienie wody stra\u017c pracuje. Je\u017adzili\u015bmy z OSP kontrolowa\u0107 ostatnio poziom wody po tych intensywnych opadach, tama we Wr\u00f3bli\u0144cu zielskiem zawalona niesamowicie,zero ruchu ze strony w\u00f3d polskich, to jak ta woda mia\u0142a szybko opada\u0107 \u017ceby \u015bci\u0105gn\u0105\u0107 nadmiar z dop\u0142yw\u00f3w Baryczy ,a te z zalewisk upraw rolnych jak przep\u0142yw przez tam\u0119 ograniczony. Najlepiej niech zwykli ludzie wszystko robi\u0105,a oni tylko ty\u0142ki na fotelach b\u0119d\u0105 trzyma\u0107 o kas\u0119 z naszych podatk\u00f3w bra\u0107. Nast\u0119pna instytucje to ochrona \u015brodowiska, wielcy uczeni a nie potrafi\u0105 w laboratoriach sprawdzi\u0107 co p\u0142ynie w rzece,tak samo z Odr\u0105 by\u0142o, tylko idiota uwierzy \u017ce tylko na Odrze i tylko na tym odcinku brakowa\u0142o wody \u017ce ryby zacz\u0119\u0142y zdycha\u0107. R\u0119ka r\u0119k\u0119 myje. Jakby chcieli to by dawno doszli sk\u0105d to p\u0142ynie w Baryczy, Barycz nie ma tysi\u0105ca kilometr\u00f3w. Tylko oczy ludziom mydl\u0105, a najlepiej zagoni\u0107 na rolnik\u00f3w tak jak przy ostatnim zatruciu Baryczy,jak to wielcy niekt\u00f3rzy radni gminy Milicz naje\u017cd\u017cali na rolnik\u00f3w \u017ce to ich wina, a jak zacz\u0119\u0142y prywatne zdj\u0119cia sp\u0142ywa\u0107 sk\u0105d ten syf cieknie to sprawa ucich\u0142a,a od samorz\u0105dowc\u00f3w do tej pory s\u0142owa przepraszam nie us\u0142yszeli\u015bmy,wielcy inteligenci,a z drugiej strony zwyk\u0142e prostactwo wychodzi z niekt\u00f3rych.<\/p><\/blockquote>\n","protected":false},"excerpt":{"rendered":"Od kilku dni stra\u017cacy ochotnicy m.in. z Odolanowa, Tarcha\u0142 Wielkich, a tak\u017ce instytucje walcz\u0105 z problemem, kt\u00f3ry pojawi\u0142 si\u0119 na rzece Barycz. Po \n<a class=\"moretag\" href=\"https:\/\/ostrowskatv.pl\/?p=21200\"> [...]<\/a>","protected":false},"author":1,"featured_media":21212,"comment_status":"open","ping_status":"closed","sticky":false,"template":"","format":"standard","meta":{"footnotes":""},"categories":[1],"tags":[38],"class_list":["post-21200","post","type-post","status-publish","format-standard","has-post-thumbnail","hentry","category-news","tag-odolanow"],"_links":{"self":[{"href":"https:\/\/ostrowskatv.pl\/index.php?rest_route=\/wp\/v2\/posts\/21200","targetHints":{"allow":["GET"]}}],"collection":[{"href":"https:\/\/ostrowskatv.pl\/index.php?rest_route=\/wp\/v2\/posts"}],"about":[{"href":"https:\/\/ostrowskatv.pl\/index.php?rest_route=\/wp\/v2\/types\/post"}],"author":[{"embeddable":true,"href":"https:\/\/ostrowskatv.pl\/index.php?rest_route=\/wp\/v2\/users\/1"}],"replies":[{"embeddable":true,"href":"https:\/\/ostrowskatv.pl\/index.php?rest_route=%2Fwp%2Fv2%2Fcomments&post=21200"}],"version-history":[{"count":0,"href":"https:\/\/ostrowskatv.pl\/index.php?rest_route=\/wp\/v2\/posts\/21200\/revisions"}],"wp:featuredmedia":[{"embeddable":true,"href":"https:\/\/ostrowskatv.pl\/index.php?rest_route=\/wp\/v2\/media\/21212"}],"wp:attachment":[{"href":"https:\/\/ostrowskatv.pl\/index.php?rest_route=%2Fwp%2Fv2%2Fmedia&parent=21200"}],"wp:term":[{"taxonomy":"category","embeddable":true,"href":"https:\/\/ostrowskatv.pl\/index.php?rest_route=%2Fwp%2Fv2%2Fcategories&post=21200"},{"taxonomy":"post_tag","embeddable":true,"href":"https:\/\/ostrowskatv.pl\/index.php?rest_route=%2Fwp%2Fv2%2Ftags&post=21200"}],"curies":[{"name":"wp","href":"https:\/\/api.w.org\/{rel}","templated":true}]}}