{"id":21197,"date":"2022-09-09T18:21:04","date_gmt":"2022-09-09T17:21:04","guid":{"rendered":"https:\/\/ostrowskatv.pl\/?p=21197"},"modified":"2022-09-09T18:21:04","modified_gmt":"2022-09-09T17:21:04","slug":"skrecal-do-myjni-samochodowej-trafil-do-szpitala","status":"publish","type":"post","link":"https:\/\/ostrowskatv.pl\/?p=21197","title":{"rendered":"Skr\u0119ca\u0142 do myjni samochodowej. Trafi\u0142 do szpitala"},"content":{"rendered":"<p><strong>W Rososzycy zderzy\u0142y si\u0119 volkswagen passat oraz dostawcze iveco. Wed\u0142ug ustale\u0144 policji, kierowca passata skr\u0119ca\u0142 w lewo do myjni samochodowej. Jad\u0105cy za nim kierowca iveco nie zachowa\u0142 bezpiecznej odleg\u0142o\u015bci i widz\u0105c hamuj\u0105cego volkswagena podj\u0105\u0142 manewr obronny, kt\u00f3rym zako\u0144czy\u0142 si\u0119 uderzeniem w tylny lewy naro\u017cnik. <\/strong><\/p>\n<p>W efekcie passat wyl\u0105dowa\u0142 w pobliskim rowie, a kierowca do czasu przyjazdu ratownik\u00f3w medycznych przebywa\u0142 we wn\u0119trzu pojazdu. Na miejsce wezwano policj\u0119, a stra\u017cacy zostali zadysponowani dopiero do posprz\u0105tania skutk\u00f3w zdarzenia drogowego.<\/p>\n<p>Kierowc\u0119 passata zabrano do szpitala, ale tam okaza\u0142o si\u0119, \u017ce nie odni\u00f3s\u0142 powa\u017cniejszych obra\u017ce\u0144 cia\u0142a i zosta\u0142 wypuszczony.<\/p>\n<p><img loading=\"lazy\" decoding=\"async\" src=\"https:\/\/ostrowskatv.pl\/wp-content\/uploads\/2022\/09\/Ros6.jpeg\" alt=\"\" width=\"1200\" height=\"624\" class=\"alignnone size-full wp-image-21188\" srcset=\"https:\/\/ostrowskatv.pl\/wp-content\/uploads\/2022\/09\/Ros6.jpeg 1200w, https:\/\/ostrowskatv.pl\/wp-content\/uploads\/2022\/09\/Ros6-300x156.jpeg 300w, https:\/\/ostrowskatv.pl\/wp-content\/uploads\/2022\/09\/Ros6-640x333.jpeg 640w\" sizes=\"auto, (max-width: 1200px) 100vw, 1200px\" \/><\/p>\n<p><img loading=\"lazy\" decoding=\"async\" src=\"https:\/\/ostrowskatv.pl\/wp-content\/uploads\/2022\/09\/Ros5.jpeg\" alt=\"\" width=\"899\" height=\"858\" class=\"alignnone size-full wp-image-21187\" srcset=\"https:\/\/ostrowskatv.pl\/wp-content\/uploads\/2022\/09\/Ros5.jpeg 899w, https:\/\/ostrowskatv.pl\/wp-content\/uploads\/2022\/09\/Ros5-300x286.jpeg 300w, https:\/\/ostrowskatv.pl\/wp-content\/uploads\/2022\/09\/Ros5-377x360.jpeg 377w\" sizes=\"auto, (max-width: 899px) 100vw, 899px\" \/><\/p>\n<p><img loading=\"lazy\" decoding=\"async\" src=\"https:\/\/ostrowskatv.pl\/wp-content\/uploads\/2022\/09\/Ros4.jpeg\" alt=\"\" width=\"1114\" height=\"838\" class=\"alignnone size-full wp-image-21186\" srcset=\"https:\/\/ostrowskatv.pl\/wp-content\/uploads\/2022\/09\/Ros4.jpeg 1114w, https:\/\/ostrowskatv.pl\/wp-content\/uploads\/2022\/09\/Ros4-300x226.jpeg 300w, https:\/\/ostrowskatv.pl\/wp-content\/uploads\/2022\/09\/Ros4-479x360.jpeg 479w\" sizes=\"auto, (max-width: 1114px) 100vw, 1114px\" \/><\/p>\n<p><img loading=\"lazy\" decoding=\"async\" src=\"https:\/\/ostrowskatv.pl\/wp-content\/uploads\/2022\/09\/Ros3.jpeg\" alt=\"\" width=\"1200\" height=\"979\" class=\"alignnone size-full wp-image-21185\" srcset=\"https:\/\/ostrowskatv.pl\/wp-content\/uploads\/2022\/09\/Ros3.jpeg 1200w, https:\/\/ostrowskatv.pl\/wp-content\/uploads\/2022\/09\/Ros3-300x245.jpeg 300w, https:\/\/ostrowskatv.pl\/wp-content\/uploads\/2022\/09\/Ros3-441x360.jpeg 441w\" sizes=\"auto, (max-width: 1200px) 100vw, 1200px\" \/><\/p>\n<p><img loading=\"lazy\" decoding=\"async\" src=\"https:\/\/ostrowskatv.pl\/wp-content\/uploads\/2022\/09\/Ros2.jpeg\" alt=\"\" width=\"1200\" height=\"808\" class=\"alignnone size-full wp-image-21184\" srcset=\"https:\/\/ostrowskatv.pl\/wp-content\/uploads\/2022\/09\/Ros2.jpeg 1200w, https:\/\/ostrowskatv.pl\/wp-content\/uploads\/2022\/09\/Ros2-300x202.jpeg 300w, https:\/\/ostrowskatv.pl\/wp-content\/uploads\/2022\/09\/Ros2-535x360.jpeg 535w\" sizes=\"auto, (max-width: 1200px) 100vw, 1200px\" \/><\/p>\n<p><img loading=\"lazy\" decoding=\"async\" src=\"https:\/\/ostrowskatv.pl\/wp-content\/uploads\/2022\/09\/Ros1.jpeg\" alt=\"\" width=\"930\" height=\"700\" class=\"alignnone size-full wp-image-21183\" srcset=\"https:\/\/ostrowskatv.pl\/wp-content\/uploads\/2022\/09\/Ros1.jpeg 930w, https:\/\/ostrowskatv.pl\/wp-content\/uploads\/2022\/09\/Ros1-300x226.jpeg 300w, https:\/\/ostrowskatv.pl\/wp-content\/uploads\/2022\/09\/Ros1-478x360.jpeg 478w\" sizes=\"auto, (max-width: 930px) 100vw, 930px\" \/><\/p>\n","protected":false},"excerpt":{"rendered":"W Rososzycy zderzy\u0142y si\u0119 volkswagen passat oraz dostawcze iveco. Wed\u0142ug ustale\u0144 policji, kierowca passata skr\u0119ca\u0142 w lewo do myjni samochodowej. Jad\u0105cy za nim \n<a class=\"moretag\" href=\"https:\/\/ostrowskatv.pl\/?p=21197\"> [...]<\/a>","protected":false},"author":1,"featured_media":21185,"comment_status":"open","ping_status":"closed","sticky":false,"template":"","format":"standard","meta":{"footnotes":""},"categories":[1],"tags":[132],"class_list":["post-21197","post","type-post","status-publish","format-standard","has-post-thumbnail","hentry","category-news","tag-rososzyca"],"_links":{"self":[{"href":"https:\/\/ostrowskatv.pl\/index.php?rest_route=\/wp\/v2\/posts\/21197","targetHints":{"allow":["GET"]}}],"collection":[{"href":"https:\/\/ostrowskatv.pl\/index.php?rest_route=\/wp\/v2\/posts"}],"about":[{"href":"https:\/\/ostrowskatv.pl\/index.php?rest_route=\/wp\/v2\/types\/post"}],"author":[{"embeddable":true,"href":"https:\/\/ostrowskatv.pl\/index.php?rest_route=\/wp\/v2\/users\/1"}],"replies":[{"embeddable":true,"href":"https:\/\/ostrowskatv.pl\/index.php?rest_route=%2Fwp%2Fv2%2Fcomments&post=21197"}],"version-history":[{"count":0,"href":"https:\/\/ostrowskatv.pl\/index.php?rest_route=\/wp\/v2\/posts\/21197\/revisions"}],"wp:featuredmedia":[{"embeddable":true,"href":"https:\/\/ostrowskatv.pl\/index.php?rest_route=\/wp\/v2\/media\/21185"}],"wp:attachment":[{"href":"https:\/\/ostrowskatv.pl\/index.php?rest_route=%2Fwp%2Fv2%2Fmedia&parent=21197"}],"wp:term":[{"taxonomy":"category","embeddable":true,"href":"https:\/\/ostrowskatv.pl\/index.php?rest_route=%2Fwp%2Fv2%2Fcategories&post=21197"},{"taxonomy":"post_tag","embeddable":true,"href":"https:\/\/ostrowskatv.pl\/index.php?rest_route=%2Fwp%2Fv2%2Ftags&post=21197"}],"curies":[{"name":"wp","href":"https:\/\/api.w.org\/{rel}","templated":true}]}}