{"id":21194,"date":"2022-09-09T16:48:33","date_gmt":"2022-09-09T15:48:33","guid":{"rendered":"https:\/\/ostrowskatv.pl\/?p=21194"},"modified":"2022-09-09T16:49:11","modified_gmt":"2022-09-09T15:49:11","slug":"audi-wjechalo-w-plot-dwoch-mlodych-mezczyzn-ucieklo-jeden-zlapany","status":"publish","type":"post","link":"https:\/\/ostrowskatv.pl\/?p=21194","title":{"rendered":"Audi wjecha\u0142o w p\u0142ot. Dw\u00f3ch m\u0142odych m\u0119\u017cczyzn uciek\u0142o. Jeden z\u0142apany"},"content":{"rendered":"<p><strong>Dw\u00f3ch m\u0142odych m\u0119\u017cczyzn bra\u0142o udzia\u0142 w zdarzeniu drogowym do kt\u00f3rego dosz\u0142o oko\u0142o godziny 14.30 na skrzy\u017cowaniu ulic Ch\u0142apowskiego i Poniatowskiego. Audi na pleszewskich tablicach rejestracyjnych wpad\u0142o w ogrodzenie pobliskiej posesji.\u00a0<\/strong><\/p>\n<p>M\u0119\u017cczy\u017ani oddalili si\u0119 z miejsca zdarzenia. \u015awiadkowie poinformowali policj\u0119, a funkcjonariusze po kr\u00f3tkiej chwili zatrzymali pierwszego z podejrzanych. 22-letni mieszkaniec powiatu ostrowskiego wydmucha\u0142 prawie 2 promile alkoholu.<\/p>\n<p>Poniewa\u017c nie przyzna\u0142 si\u0119 do kierowania audi, dlatego wci\u0105\u017c poszukiwany jest drugi z m\u0119\u017cczyzn. Dodatkowo technicy zabezpieczyli \u015blady biologiczne, kt\u00f3re pozwol\u0105 przypisa\u0107 kierowanie pojazdem w chwili zdarzenia.<\/p>\n<p>Z pewno\u015bci\u0105 jedn\u0105 z kar b\u0119dzie mocno uszkodzone auto, konieczno\u015b\u0107 pokrycia naprawy ogrodzenia oraz zap\u0142acenie za spowodowanie kolizji.<\/p>\n<p><img loading=\"lazy\" decoding=\"async\" src=\"https:\/\/ostrowskatv.pl\/wp-content\/uploads\/2022\/09\/20220909_160953-01.jpeg\" alt=\"\" width=\"1366\" height=\"1025\" class=\"alignnone size-full wp-image-21193\" srcset=\"https:\/\/ostrowskatv.pl\/wp-content\/uploads\/2022\/09\/20220909_160953-01.jpeg 1366w, https:\/\/ostrowskatv.pl\/wp-content\/uploads\/2022\/09\/20220909_160953-01-300x225.jpeg 300w, https:\/\/ostrowskatv.pl\/wp-content\/uploads\/2022\/09\/20220909_160953-01-480x360.jpeg 480w\" sizes=\"auto, (max-width: 1366px) 100vw, 1366px\" \/><\/p>\n<p><img loading=\"lazy\" decoding=\"async\" src=\"https:\/\/ostrowskatv.pl\/wp-content\/uploads\/2022\/09\/20220909_160946-01.jpeg\" alt=\"\" width=\"1366\" height=\"742\" class=\"alignnone size-full wp-image-21192\" srcset=\"https:\/\/ostrowskatv.pl\/wp-content\/uploads\/2022\/09\/20220909_160946-01.jpeg 1366w, https:\/\/ostrowskatv.pl\/wp-content\/uploads\/2022\/09\/20220909_160946-01-300x163.jpeg 300w, https:\/\/ostrowskatv.pl\/wp-content\/uploads\/2022\/09\/20220909_160946-01-640x348.jpeg 640w\" sizes=\"auto, (max-width: 1366px) 100vw, 1366px\" \/><\/p>\n<p><img loading=\"lazy\" decoding=\"async\" src=\"https:\/\/ostrowskatv.pl\/wp-content\/uploads\/2022\/09\/20220909_160914-01.jpeg\" alt=\"\" width=\"899\" height=\"1366\" class=\"alignnone size-full wp-image-21190\" srcset=\"https:\/\/ostrowskatv.pl\/wp-content\/uploads\/2022\/09\/20220909_160914-01.jpeg 899w, https:\/\/ostrowskatv.pl\/wp-content\/uploads\/2022\/09\/20220909_160914-01-197x300.jpeg 197w, https:\/\/ostrowskatv.pl\/wp-content\/uploads\/2022\/09\/20220909_160914-01-237x360.jpeg 237w\" sizes=\"auto, (max-width: 899px) 100vw, 899px\" \/><\/p>\n<p><img loading=\"lazy\" decoding=\"async\" src=\"https:\/\/ostrowskatv.pl\/wp-content\/uploads\/2022\/09\/20220909_160920-01.jpeg\" alt=\"\" width=\"1025\" height=\"1366\" class=\"alignnone size-full wp-image-21191\" srcset=\"https:\/\/ostrowskatv.pl\/wp-content\/uploads\/2022\/09\/20220909_160920-01.jpeg 1025w, https:\/\/ostrowskatv.pl\/wp-content\/uploads\/2022\/09\/20220909_160920-01-225x300.jpeg 225w, https:\/\/ostrowskatv.pl\/wp-content\/uploads\/2022\/09\/20220909_160920-01-270x360.jpeg 270w\" sizes=\"auto, (max-width: 1025px) 100vw, 1025px\" \/><\/p>\n<p><img loading=\"lazy\" decoding=\"async\" src=\"https:\/\/ostrowskatv.pl\/wp-content\/uploads\/2022\/09\/20220909_160905-01.jpeg\" alt=\"\" width=\"1366\" height=\"1053\" class=\"alignnone size-full wp-image-21189\" srcset=\"https:\/\/ostrowskatv.pl\/wp-content\/uploads\/2022\/09\/20220909_160905-01.jpeg 1366w, https:\/\/ostrowskatv.pl\/wp-content\/uploads\/2022\/09\/20220909_160905-01-300x231.jpeg 300w, https:\/\/ostrowskatv.pl\/wp-content\/uploads\/2022\/09\/20220909_160905-01-467x360.jpeg 467w\" sizes=\"auto, (max-width: 1366px) 100vw, 1366px\" \/><\/p>\n","protected":false},"excerpt":{"rendered":"Dw\u00f3ch m\u0142odych m\u0119\u017cczyzn bra\u0142o udzia\u0142 w zdarzeniu drogowym do kt\u00f3rego dosz\u0142o oko\u0142o godziny 14.30 na skrzy\u017cowaniu ulic Ch\u0142apowskiego i Poniatowskiego. Audi na pleszewskich \n<a class=\"moretag\" href=\"https:\/\/ostrowskatv.pl\/?p=21194\"> [...]<\/a>","protected":false},"author":1,"featured_media":21192,"comment_status":"open","ping_status":"closed","sticky":false,"template":"","format":"standard","meta":{"footnotes":""},"categories":[1],"tags":[2],"class_list":["post-21194","post","type-post","status-publish","format-standard","has-post-thumbnail","hentry","category-news","tag-ostrow-wielkopolski"],"_links":{"self":[{"href":"https:\/\/ostrowskatv.pl\/index.php?rest_route=\/wp\/v2\/posts\/21194","targetHints":{"allow":["GET"]}}],"collection":[{"href":"https:\/\/ostrowskatv.pl\/index.php?rest_route=\/wp\/v2\/posts"}],"about":[{"href":"https:\/\/ostrowskatv.pl\/index.php?rest_route=\/wp\/v2\/types\/post"}],"author":[{"embeddable":true,"href":"https:\/\/ostrowskatv.pl\/index.php?rest_route=\/wp\/v2\/users\/1"}],"replies":[{"embeddable":true,"href":"https:\/\/ostrowskatv.pl\/index.php?rest_route=%2Fwp%2Fv2%2Fcomments&post=21194"}],"version-history":[{"count":0,"href":"https:\/\/ostrowskatv.pl\/index.php?rest_route=\/wp\/v2\/posts\/21194\/revisions"}],"wp:featuredmedia":[{"embeddable":true,"href":"https:\/\/ostrowskatv.pl\/index.php?rest_route=\/wp\/v2\/media\/21192"}],"wp:attachment":[{"href":"https:\/\/ostrowskatv.pl\/index.php?rest_route=%2Fwp%2Fv2%2Fmedia&parent=21194"}],"wp:term":[{"taxonomy":"category","embeddable":true,"href":"https:\/\/ostrowskatv.pl\/index.php?rest_route=%2Fwp%2Fv2%2Fcategories&post=21194"},{"taxonomy":"post_tag","embeddable":true,"href":"https:\/\/ostrowskatv.pl\/index.php?rest_route=%2Fwp%2Fv2%2Ftags&post=21194"}],"curies":[{"name":"wp","href":"https:\/\/api.w.org\/{rel}","templated":true}]}}