{"id":21174,"date":"2022-09-08T19:45:48","date_gmt":"2022-09-08T18:45:48","guid":{"rendered":"https:\/\/ostrowskatv.pl\/?p=21174"},"modified":"2022-09-08T19:47:33","modified_gmt":"2022-09-08T18:47:33","slug":"skradziono-charakterystyczny-samochod-w-ostrowie","status":"publish","type":"post","link":"https:\/\/ostrowskatv.pl\/?p=21174","title":{"rendered":"Skradziono charakterystyczny samoch\u00f3d w Ostrowie"},"content":{"rendered":"<p><strong>W \u015brod\u0119 rano zg\u0142oszono na ostrowskiej komendzie kradzie\u017c charakterystycznego samochodu. Z niestrze\u017conego parkingu skradziono renault captur 2015 r. kolor be\u017cowy z czarnym dachem. Numer rejestracyjny pojazdu to: POS 54791. Je\u017celi kto\u015b zauwa\u017cy\u0142 taki pojazd, proszony jest o kontakt z numerem 112.<\/strong><\/p>\n<p>Warto\u015b\u0107 samochodu oko\u0142o 45 tysi\u0119cy z\u0142otych.<\/p>\n<p><img loading=\"lazy\" decoding=\"async\" src=\"https:\/\/ostrowskatv.pl\/wp-content\/uploads\/2022\/09\/captur1.jpg\" alt=\"\" width=\"975\" height=\"582\" class=\"alignnone size-full wp-image-21178\" srcset=\"https:\/\/ostrowskatv.pl\/wp-content\/uploads\/2022\/09\/captur1.jpg 975w, https:\/\/ostrowskatv.pl\/wp-content\/uploads\/2022\/09\/captur1-300x179.jpg 300w, https:\/\/ostrowskatv.pl\/wp-content\/uploads\/2022\/09\/captur1-603x360.jpg 603w\" sizes=\"auto, (max-width: 975px) 100vw, 975px\" \/><\/p>\n<p><img loading=\"lazy\" decoding=\"async\" src=\"https:\/\/ostrowskatv.pl\/wp-content\/uploads\/2022\/09\/captur2.jpg\" alt=\"\" width=\"975\" height=\"432\" class=\"alignnone size-full wp-image-21179\" srcset=\"https:\/\/ostrowskatv.pl\/wp-content\/uploads\/2022\/09\/captur2.jpg 975w, https:\/\/ostrowskatv.pl\/wp-content\/uploads\/2022\/09\/captur2-300x133.jpg 300w, https:\/\/ostrowskatv.pl\/wp-content\/uploads\/2022\/09\/captur2-640x284.jpg 640w\" sizes=\"auto, (max-width: 975px) 100vw, 975px\" \/><\/p>\n<p><img loading=\"lazy\" decoding=\"async\" src=\"https:\/\/ostrowskatv.pl\/wp-content\/uploads\/2022\/09\/captur3.jpg\" alt=\"\" width=\"975\" height=\"432\" class=\"alignnone size-full wp-image-21180\" srcset=\"https:\/\/ostrowskatv.pl\/wp-content\/uploads\/2022\/09\/captur3.jpg 975w, https:\/\/ostrowskatv.pl\/wp-content\/uploads\/2022\/09\/captur3-300x133.jpg 300w, https:\/\/ostrowskatv.pl\/wp-content\/uploads\/2022\/09\/captur3-640x284.jpg 640w\" sizes=\"auto, (max-width: 975px) 100vw, 975px\" \/><span data-mce-type=\"bookmark\" style=\"display: inline-block; width: 0px; overflow: hidden; line-height: 0;\" class=\"mce_SELRES_start\">\ufeff<\/span><\/p>\n","protected":false},"excerpt":{"rendered":"W \u015brod\u0119 rano zg\u0142oszono na ostrowskiej komendzie kradzie\u017c charakterystycznego samochodu. Z niestrze\u017conego parkingu skradziono renault captur 2015 r. kolor be\u017cowy z czarnym dachem. \n<a class=\"moretag\" href=\"https:\/\/ostrowskatv.pl\/?p=21174\"> [...]<\/a>","protected":false},"author":1,"featured_media":1973,"comment_status":"open","ping_status":"closed","sticky":false,"template":"","format":"standard","meta":{"footnotes":""},"categories":[1],"tags":[72],"class_list":["post-21174","post","type-post","status-publish","format-standard","has-post-thumbnail","hentry","category-news","tag-samochod"],"_links":{"self":[{"href":"https:\/\/ostrowskatv.pl\/index.php?rest_route=\/wp\/v2\/posts\/21174","targetHints":{"allow":["GET"]}}],"collection":[{"href":"https:\/\/ostrowskatv.pl\/index.php?rest_route=\/wp\/v2\/posts"}],"about":[{"href":"https:\/\/ostrowskatv.pl\/index.php?rest_route=\/wp\/v2\/types\/post"}],"author":[{"embeddable":true,"href":"https:\/\/ostrowskatv.pl\/index.php?rest_route=\/wp\/v2\/users\/1"}],"replies":[{"embeddable":true,"href":"https:\/\/ostrowskatv.pl\/index.php?rest_route=%2Fwp%2Fv2%2Fcomments&post=21174"}],"version-history":[{"count":0,"href":"https:\/\/ostrowskatv.pl\/index.php?rest_route=\/wp\/v2\/posts\/21174\/revisions"}],"wp:featuredmedia":[{"embeddable":true,"href":"https:\/\/ostrowskatv.pl\/index.php?rest_route=\/wp\/v2\/media\/1973"}],"wp:attachment":[{"href":"https:\/\/ostrowskatv.pl\/index.php?rest_route=%2Fwp%2Fv2%2Fmedia&parent=21174"}],"wp:term":[{"taxonomy":"category","embeddable":true,"href":"https:\/\/ostrowskatv.pl\/index.php?rest_route=%2Fwp%2Fv2%2Fcategories&post=21174"},{"taxonomy":"post_tag","embeddable":true,"href":"https:\/\/ostrowskatv.pl\/index.php?rest_route=%2Fwp%2Fv2%2Ftags&post=21174"}],"curies":[{"name":"wp","href":"https:\/\/api.w.org\/{rel}","templated":true}]}}