{"id":21171,"date":"2022-09-08T10:17:38","date_gmt":"2022-09-08T09:17:38","guid":{"rendered":"https:\/\/ostrowskatv.pl\/?p=21171"},"modified":"2022-09-08T10:17:38","modified_gmt":"2022-09-08T09:17:38","slug":"przedszkole-padlo-ofiara-fejka","status":"publish","type":"post","link":"https:\/\/ostrowskatv.pl\/?p=21171","title":{"rendered":"Przedszkole pad\u0142o ofiar\u0105 fejka"},"content":{"rendered":"<p><strong>Na jednej z popularnych ostrowskich grup na facebooku opublikowano ca\u0142kowicie anonimow\u0105 wiadomo\u015b\u0107, kt\u00f3ra wstrz\u0105sn\u0119\u0142a rodzicami posy\u0142aj\u0105cymi dzieci do przedszkola. Wynika\u0142o z niej, \u017ce jakie\u015b dziecko &#8222;by\u0142o zamykane przez nauczycielki w kom\u00f3rce i by\u0142o bite po r\u0105czkach&#8221;. Co prawda w samej tre\u015bci nie by\u0142o nazwy przedszkola, ale nie trzeba by\u0142o czeka\u0107 na zasugerowanie jej w komentarzach.<\/strong><\/p>\n<p><strong>Z komentarzy mo\u017cna by\u0142o wywnioskowa\u0107, \u017ce chodzi o przedszkole &#8222;Calineczka&#8221; zlokalizowane przy alei S\u0142owackiego w Ostrowie Wielkopolskim. Dyrektor by\u0142a zszokowana oskar\u017ceniem. Powiedzia\u0142a, \u017ce owszem jeden z rodzic\u00f3w mia\u0142 pretensje, \u017ce jego dziecko obla\u0142o si\u0119 zupk\u0105 i ubranie nie zosta\u0142o przebrane, ale absolutnie nie zg\u0142aszano &#8222;metod wychowawczych&#8221; polegaj\u0105cych na biciu po r\u0105czkach i zamykaniu w kom\u00f3rce.<\/strong><\/p>\n<p>Po zweryfikowaniu w kuratorium, tam r\u00f3wnie\u017c nie otrzymano \u017cadnej skargi na kt\u00f3rekolwiek z przedszkoli w tym zakresie. Mo\u017ce warto na przysz\u0142o\u015b\u0107 przed publikacj\u0105 anonimu chocia\u017c go zweryfikowa\u0107.<\/p>\n<p>Nie umkn\u0119\u0142o to zreszt\u0105 internautom, kt\u00f3rzy wyrazili swoj\u0105 ocen\u0119:<\/p>\n<blockquote><p>Rafal Skibi\u0144ski<br \/>\nMasakra jak gebels si\u0119 zachowujesz autorko postu.. przypominam kim by\u0142 gebels .. minister propagandy&#8230;<\/p><\/blockquote>\n<blockquote><p>Krystyna Wojczy\u0144ska<br \/>\nPost nie jest podpisany czyli to anonim, na takie zakamuflowane informacje patrz\u0119 z dystansem, nie twierdz\u0119, \u017ce opisana sytuacja to &#8221; bajeczka&#8221; ale skoro ni\u0105 mo\u017ce nie by\u0107 to dlaczego osoba, kt\u00f3ra niby zna tak\u0105 nagann\u0105 sytuacj\u0119 nie poczyni\u0142a \u017cadnych, adekwatnych do sytuacji krok\u00f3w? pisanie o tym anonimowo na fb jest prawnie nieskuteczne, kto ma zareagowa\u0107 na to co opisano, gdzie szuka\u0107 winowajcy, kto ma si\u0119 ba\u0107, \u017ce co\u015b gdzie\u015b si\u0119 wydarzy w przedszkolu??? Nie przes\u0105dzam sprawy ale nie widz\u0119 tu dobrej woli ze strony autora, chce ostrzec potencjalnych rodzic\u00f3w a nie wskazuje przedszkola? Postraszy\u0107 chce czy pom\u00f3c ?Dziwne to dziwne i przez to oddala si\u0119 od wiarygodno\u015bci&#8230;<\/p><\/blockquote>\n<blockquote><p>Dorotka Dorotka<br \/>\npodobno sprawa zosta\u0142a zg\u0142oszona do kuratorium.. a\u017c jestem w szoku kilka os\u00f3b do mnie na priv napisa\u0142o<\/p><\/blockquote>\n<blockquote><p>\u0141ukasz Bednarczyk<br \/>\nWi\u0119kszo\u015b\u0107 komentarzy jest nastawiona negatywnie a kto z was wie jak by\u0142o naprawd\u0119? Ano nikt,bo z g\u00f3ry zalozyliscie \u017ce autorka posta napisa\u0142a prawd\u0119. A mo\u017ce MADKA kt\u00f3ra napisa\u0142a ten post nie mo\u017ce pogodzi\u0107 si\u0119 z my\u015bl\u0105 i nie dociera do niej \u017ce jej bombelek musi zna\u0107 zasady panuj\u0105ce w\u015br\u00f3d r\u00f3wie\u015bnik\u00f3w i postanowi\u0142a si\u0119 w ten spos\u00f3b zem\u015bci\u0107 ,opisuj\u0105c zafa\u0142szowan\u0105 histori\u0119 w spos\u00f3b oczerniaj\u0105cy zachowanie przedszkolanki. Mam nadziej\u0119 \u017ce sprawa si\u0119 wyjasni i osoba pisz\u0105ca ten szkaluj\u0105cy i nie poparty wypowiedzi\u0105 przedszkola tekst b\u0119dzie mia\u0142a na tyle odwagi \u017ceby opisa\u0107 jak naprawd\u0119 wygl\u0105da\u0142a sytuacja.<br \/>\nJe\u017celi przedszkolanka zachowa\u0142a si\u0119 jak si\u0119 zachowa\u0142a to oczywi\u015bcie mo\u017cna i nawet trzeba to zg\u0142osi\u0107 ale je\u017celi historia jest naci\u0105gana i prawda zafa\u0142szowana to prosz\u0119 autork\u0119 posta o zamieszczenie sprostowania.<br \/>\nSwoj\u0105 drog\u0105 ,redakcj\u0119 prosz\u0119,zanim zamie\u015bci taki tekst,o dog\u0142\u0119bne sprawdzenie faktycznego stanu sytuacji,bo je\u017celi oskar\u017cenia s\u0105 fa\u0142szywe,to skrzywdziliscie nie jedn\u0105 osob\u0119 tym opisem. To nie og\u0142oszenie \u017ce zagin\u0105\u0142 komu\u015b pies. Mo\u017cna \u0142atwo komu\u015b zniszczy\u0107 \u017cycie przez niesprawdzone dziennikarskie newsy!<\/p><\/blockquote>\n","protected":false},"excerpt":{"rendered":"Na jednej z popularnych ostrowskich grup na facebooku opublikowano ca\u0142kowicie anonimow\u0105 wiadomo\u015b\u0107, kt\u00f3ra wstrz\u0105sn\u0119\u0142a rodzicami posy\u0142aj\u0105cymi dzieci do przedszkola. Wynika\u0142o z niej, \u017ce \n<a class=\"moretag\" href=\"https:\/\/ostrowskatv.pl\/?p=21171\"> [...]<\/a>","protected":false},"author":1,"featured_media":21172,"comment_status":"open","ping_status":"closed","sticky":false,"template":"","format":"standard","meta":{"footnotes":""},"categories":[1],"tags":[58,2,28],"class_list":["post-21171","post","type-post","status-publish","format-standard","has-post-thumbnail","hentry","category-news","tag-afera","tag-ostrow-wielkopolski","tag-przedszkole"],"_links":{"self":[{"href":"https:\/\/ostrowskatv.pl\/index.php?rest_route=\/wp\/v2\/posts\/21171","targetHints":{"allow":["GET"]}}],"collection":[{"href":"https:\/\/ostrowskatv.pl\/index.php?rest_route=\/wp\/v2\/posts"}],"about":[{"href":"https:\/\/ostrowskatv.pl\/index.php?rest_route=\/wp\/v2\/types\/post"}],"author":[{"embeddable":true,"href":"https:\/\/ostrowskatv.pl\/index.php?rest_route=\/wp\/v2\/users\/1"}],"replies":[{"embeddable":true,"href":"https:\/\/ostrowskatv.pl\/index.php?rest_route=%2Fwp%2Fv2%2Fcomments&post=21171"}],"version-history":[{"count":0,"href":"https:\/\/ostrowskatv.pl\/index.php?rest_route=\/wp\/v2\/posts\/21171\/revisions"}],"wp:featuredmedia":[{"embeddable":true,"href":"https:\/\/ostrowskatv.pl\/index.php?rest_route=\/wp\/v2\/media\/21172"}],"wp:attachment":[{"href":"https:\/\/ostrowskatv.pl\/index.php?rest_route=%2Fwp%2Fv2%2Fmedia&parent=21171"}],"wp:term":[{"taxonomy":"category","embeddable":true,"href":"https:\/\/ostrowskatv.pl\/index.php?rest_route=%2Fwp%2Fv2%2Fcategories&post=21171"},{"taxonomy":"post_tag","embeddable":true,"href":"https:\/\/ostrowskatv.pl\/index.php?rest_route=%2Fwp%2Fv2%2Ftags&post=21171"}],"curies":[{"name":"wp","href":"https:\/\/api.w.org\/{rel}","templated":true}]}}