{"id":21157,"date":"2022-09-07T15:43:54","date_gmt":"2022-09-07T14:43:54","guid":{"rendered":"https:\/\/ostrowskatv.pl\/?p=21157"},"modified":"2022-09-07T15:43:54","modified_gmt":"2022-09-07T14:43:54","slug":"tlum-pozegnal-dyrektora-legende","status":"publish","type":"post","link":"https:\/\/ostrowskatv.pl\/?p=21157","title":{"rendered":"T\u0142um po\u017cegna\u0142 &#8222;dyrektora legend\u0119&#8221;"},"content":{"rendered":"<p><strong>Dzi\u015b odby\u0142o si\u0119 ostatnie po\u017cegnanie &#8222;dyrektora legendy&#8221; Waldemara Gostomczyka, kt\u00f3ry stworzy\u0142 Zesp\u00f3\u0142 Szk\u00f3\u0142 Technicznych w Ostrowie Wielkopolskim i przez kilkadziesi\u0105t lat sta\u0142 na jego czele. Uroczysto\u015b\u0107 pogrzebowa odby\u0142a si\u0119 w Sanktuarium Mi\u0142osierdzia Bo\u017cego przy ulicy Limanowskiego, a cia\u0142o zosta\u0142o pochowane na s\u0105siaduj\u0105cym z parafi\u0105 cmentarzu.<\/strong><\/p>\n<p>Podczas mszy \u015bwi\u0119tej mo\u017cna by\u0142o wys\u0142ucha\u0107 ch\u00f3ru nauczycielskiego czy opraw\u0119 muzyczn\u0105 ostrowskiej orkiestry. Na wprost trumny stali z bia\u0142ymi r\u00f3\u017cami uczniowie Zespo\u0142u Szk\u00f3\u0142 Technicznych. <\/p>\n<p>W\u015br\u00f3d obecnych go\u015bci by\u0142 asystent minister Marleny Mal\u0105g, starosta Pawe\u0142 Rajski, prezydent Beata Klimek, by\u0142y prezydent Miros\u0142aw Kruszy\u0144ski, by\u0142y pose\u0142 Grzegorz Wo\u017any, by\u0142y starosta W\u0142odzimierz J\u0119drzejak oraz innych os\u00f3b.<\/p>\n<p>Na ko\u0144cu cztery osoby zabra\u0142y g\u0142os:<br \/>\n<iframe loading=\"lazy\" title=\"Waldemar Gostomczyk - ostatnie po\u017cegnanie - przem\u00f3wienia\" width=\"747\" height=\"420\" src=\"https:\/\/www.youtube.com\/embed\/_UV5KPQ3i2U?feature=oembed\" frameborder=\"0\" allow=\"accelerometer; autoplay; clipboard-write; encrypted-media; gyroscope; picture-in-picture; web-share\" referrerpolicy=\"strict-origin-when-cross-origin\" allowfullscreen><\/iframe><\/p>\n<p><img loading=\"lazy\" decoding=\"async\" src=\"https:\/\/ostrowskatv.pl\/wp-content\/uploads\/2022\/09\/gostomczyk_pogrzeb_01.jpg\" alt=\"\" width=\"1920\" height=\"1080\" class=\"alignnone size-full wp-image-21158\" srcset=\"https:\/\/ostrowskatv.pl\/wp-content\/uploads\/2022\/09\/gostomczyk_pogrzeb_01.jpg 1920w, https:\/\/ostrowskatv.pl\/wp-content\/uploads\/2022\/09\/gostomczyk_pogrzeb_01-300x169.jpg 300w, https:\/\/ostrowskatv.pl\/wp-content\/uploads\/2022\/09\/gostomczyk_pogrzeb_01-640x360.jpg 640w, https:\/\/ostrowskatv.pl\/wp-content\/uploads\/2022\/09\/gostomczyk_pogrzeb_01-1536x864.jpg 1536w\" sizes=\"auto, (max-width: 1920px) 100vw, 1920px\" \/><\/p>\n<p><img loading=\"lazy\" decoding=\"async\" src=\"https:\/\/ostrowskatv.pl\/wp-content\/uploads\/2022\/09\/gostomczyk_pogrzeb_02.jpg\" alt=\"\" width=\"1920\" height=\"1080\" class=\"alignnone size-full wp-image-21159\" srcset=\"https:\/\/ostrowskatv.pl\/wp-content\/uploads\/2022\/09\/gostomczyk_pogrzeb_02.jpg 1920w, https:\/\/ostrowskatv.pl\/wp-content\/uploads\/2022\/09\/gostomczyk_pogrzeb_02-300x169.jpg 300w, https:\/\/ostrowskatv.pl\/wp-content\/uploads\/2022\/09\/gostomczyk_pogrzeb_02-640x360.jpg 640w, https:\/\/ostrowskatv.pl\/wp-content\/uploads\/2022\/09\/gostomczyk_pogrzeb_02-1536x864.jpg 1536w\" sizes=\"auto, (max-width: 1920px) 100vw, 1920px\" \/><\/p>\n<p><img loading=\"lazy\" decoding=\"async\" src=\"https:\/\/ostrowskatv.pl\/wp-content\/uploads\/2022\/09\/gostomczyk_pogrzeb_03.jpg\" alt=\"\" width=\"1920\" height=\"1080\" class=\"alignnone size-full wp-image-21160\" srcset=\"https:\/\/ostrowskatv.pl\/wp-content\/uploads\/2022\/09\/gostomczyk_pogrzeb_03.jpg 1920w, https:\/\/ostrowskatv.pl\/wp-content\/uploads\/2022\/09\/gostomczyk_pogrzeb_03-300x169.jpg 300w, https:\/\/ostrowskatv.pl\/wp-content\/uploads\/2022\/09\/gostomczyk_pogrzeb_03-640x360.jpg 640w, https:\/\/ostrowskatv.pl\/wp-content\/uploads\/2022\/09\/gostomczyk_pogrzeb_03-1536x864.jpg 1536w\" sizes=\"auto, (max-width: 1920px) 100vw, 1920px\" \/><\/p>\n<p><img loading=\"lazy\" decoding=\"async\" src=\"https:\/\/ostrowskatv.pl\/wp-content\/uploads\/2022\/09\/gostomczyk_pogrzeb_04.jpg\" alt=\"\" width=\"1920\" height=\"1080\" class=\"alignnone size-full wp-image-21161\" srcset=\"https:\/\/ostrowskatv.pl\/wp-content\/uploads\/2022\/09\/gostomczyk_pogrzeb_04.jpg 1920w, https:\/\/ostrowskatv.pl\/wp-content\/uploads\/2022\/09\/gostomczyk_pogrzeb_04-300x169.jpg 300w, https:\/\/ostrowskatv.pl\/wp-content\/uploads\/2022\/09\/gostomczyk_pogrzeb_04-640x360.jpg 640w, https:\/\/ostrowskatv.pl\/wp-content\/uploads\/2022\/09\/gostomczyk_pogrzeb_04-1536x864.jpg 1536w\" sizes=\"auto, (max-width: 1920px) 100vw, 1920px\" \/><\/p>\n<p><img loading=\"lazy\" decoding=\"async\" src=\"https:\/\/ostrowskatv.pl\/wp-content\/uploads\/2022\/09\/gostomczyk_pogrzeb_05.jpg\" alt=\"\" width=\"1920\" height=\"1080\" class=\"alignnone size-full wp-image-21162\" srcset=\"https:\/\/ostrowskatv.pl\/wp-content\/uploads\/2022\/09\/gostomczyk_pogrzeb_05.jpg 1920w, https:\/\/ostrowskatv.pl\/wp-content\/uploads\/2022\/09\/gostomczyk_pogrzeb_05-300x169.jpg 300w, https:\/\/ostrowskatv.pl\/wp-content\/uploads\/2022\/09\/gostomczyk_pogrzeb_05-640x360.jpg 640w, https:\/\/ostrowskatv.pl\/wp-content\/uploads\/2022\/09\/gostomczyk_pogrzeb_05-1536x864.jpg 1536w\" sizes=\"auto, (max-width: 1920px) 100vw, 1920px\" \/><\/p>\n<p><img loading=\"lazy\" decoding=\"async\" src=\"https:\/\/ostrowskatv.pl\/wp-content\/uploads\/2022\/09\/gostomczyk_pogrzeb_06.jpg\" alt=\"\" width=\"1920\" height=\"1080\" class=\"alignnone size-full wp-image-21163\" srcset=\"https:\/\/ostrowskatv.pl\/wp-content\/uploads\/2022\/09\/gostomczyk_pogrzeb_06.jpg 1920w, https:\/\/ostrowskatv.pl\/wp-content\/uploads\/2022\/09\/gostomczyk_pogrzeb_06-300x169.jpg 300w, https:\/\/ostrowskatv.pl\/wp-content\/uploads\/2022\/09\/gostomczyk_pogrzeb_06-640x360.jpg 640w, https:\/\/ostrowskatv.pl\/wp-content\/uploads\/2022\/09\/gostomczyk_pogrzeb_06-1536x864.jpg 1536w\" sizes=\"auto, (max-width: 1920px) 100vw, 1920px\" \/><\/p>\n<p><img loading=\"lazy\" decoding=\"async\" src=\"https:\/\/ostrowskatv.pl\/wp-content\/uploads\/2022\/09\/gostomczyk_pogrzeb_07.jpg\" alt=\"\" width=\"1920\" height=\"1080\" class=\"alignnone size-full wp-image-21164\" srcset=\"https:\/\/ostrowskatv.pl\/wp-content\/uploads\/2022\/09\/gostomczyk_pogrzeb_07.jpg 1920w, https:\/\/ostrowskatv.pl\/wp-content\/uploads\/2022\/09\/gostomczyk_pogrzeb_07-300x169.jpg 300w, https:\/\/ostrowskatv.pl\/wp-content\/uploads\/2022\/09\/gostomczyk_pogrzeb_07-640x360.jpg 640w, https:\/\/ostrowskatv.pl\/wp-content\/uploads\/2022\/09\/gostomczyk_pogrzeb_07-1536x864.jpg 1536w\" sizes=\"auto, (max-width: 1920px) 100vw, 1920px\" \/><\/p>\n<p><img loading=\"lazy\" decoding=\"async\" src=\"https:\/\/ostrowskatv.pl\/wp-content\/uploads\/2022\/09\/gostomczyk_pogrzeb_08.jpg\" alt=\"\" width=\"1920\" height=\"1080\" class=\"alignnone size-full wp-image-21165\" srcset=\"https:\/\/ostrowskatv.pl\/wp-content\/uploads\/2022\/09\/gostomczyk_pogrzeb_08.jpg 1920w, https:\/\/ostrowskatv.pl\/wp-content\/uploads\/2022\/09\/gostomczyk_pogrzeb_08-300x169.jpg 300w, https:\/\/ostrowskatv.pl\/wp-content\/uploads\/2022\/09\/gostomczyk_pogrzeb_08-640x360.jpg 640w, https:\/\/ostrowskatv.pl\/wp-content\/uploads\/2022\/09\/gostomczyk_pogrzeb_08-1536x864.jpg 1536w\" sizes=\"auto, (max-width: 1920px) 100vw, 1920px\" \/><\/p>\n<p><img loading=\"lazy\" decoding=\"async\" src=\"https:\/\/ostrowskatv.pl\/wp-content\/uploads\/2022\/09\/gostomczyk_pogrzeb_09.jpg\" alt=\"\" width=\"1920\" height=\"1080\" class=\"alignnone size-full wp-image-21166\" srcset=\"https:\/\/ostrowskatv.pl\/wp-content\/uploads\/2022\/09\/gostomczyk_pogrzeb_09.jpg 1920w, https:\/\/ostrowskatv.pl\/wp-content\/uploads\/2022\/09\/gostomczyk_pogrzeb_09-300x169.jpg 300w, https:\/\/ostrowskatv.pl\/wp-content\/uploads\/2022\/09\/gostomczyk_pogrzeb_09-640x360.jpg 640w, https:\/\/ostrowskatv.pl\/wp-content\/uploads\/2022\/09\/gostomczyk_pogrzeb_09-1536x864.jpg 1536w\" sizes=\"auto, (max-width: 1920px) 100vw, 1920px\" \/><\/p>\n<p><img loading=\"lazy\" decoding=\"async\" src=\"https:\/\/ostrowskatv.pl\/wp-content\/uploads\/2022\/09\/gostomczyk_pogrzeb_10.jpg\" alt=\"\" width=\"1920\" height=\"1080\" class=\"alignnone size-full wp-image-21167\" srcset=\"https:\/\/ostrowskatv.pl\/wp-content\/uploads\/2022\/09\/gostomczyk_pogrzeb_10.jpg 1920w, https:\/\/ostrowskatv.pl\/wp-content\/uploads\/2022\/09\/gostomczyk_pogrzeb_10-300x169.jpg 300w, https:\/\/ostrowskatv.pl\/wp-content\/uploads\/2022\/09\/gostomczyk_pogrzeb_10-640x360.jpg 640w, https:\/\/ostrowskatv.pl\/wp-content\/uploads\/2022\/09\/gostomczyk_pogrzeb_10-1536x864.jpg 1536w\" sizes=\"auto, (max-width: 1920px) 100vw, 1920px\" \/><\/p>\n<p><img loading=\"lazy\" decoding=\"async\" src=\"https:\/\/ostrowskatv.pl\/wp-content\/uploads\/2022\/09\/gostomczyk_pogrzeb_11.jpg\" alt=\"\" width=\"1920\" height=\"1080\" class=\"alignnone size-full wp-image-21168\" srcset=\"https:\/\/ostrowskatv.pl\/wp-content\/uploads\/2022\/09\/gostomczyk_pogrzeb_11.jpg 1920w, https:\/\/ostrowskatv.pl\/wp-content\/uploads\/2022\/09\/gostomczyk_pogrzeb_11-300x169.jpg 300w, https:\/\/ostrowskatv.pl\/wp-content\/uploads\/2022\/09\/gostomczyk_pogrzeb_11-640x360.jpg 640w, https:\/\/ostrowskatv.pl\/wp-content\/uploads\/2022\/09\/gostomczyk_pogrzeb_11-1536x864.jpg 1536w\" sizes=\"auto, (max-width: 1920px) 100vw, 1920px\" \/><\/p>\n<p><img loading=\"lazy\" decoding=\"async\" src=\"https:\/\/ostrowskatv.pl\/wp-content\/uploads\/2022\/09\/gostomczyk111.jpg\" alt=\"\" width=\"1920\" height=\"1080\" class=\"alignnone size-full wp-image-21169\" \/><\/p>\n","protected":false},"excerpt":{"rendered":"Dzi\u015b odby\u0142o si\u0119 ostatnie po\u017cegnanie &#8222;dyrektora legendy&#8221; Waldemara Gostomczyka, kt\u00f3ry stworzy\u0142 Zesp\u00f3\u0142 Szk\u00f3\u0142 Technicznych w Ostrowie Wielkopolskim i przez kilkadziesi\u0105t lat sta\u0142 na \n<a class=\"moretag\" href=\"https:\/\/ostrowskatv.pl\/?p=21157\"> [...]<\/a>","protected":false},"author":1,"featured_media":21163,"comment_status":"open","ping_status":"closed","sticky":false,"template":"","format":"standard","meta":{"footnotes":""},"categories":[1],"tags":[197],"class_list":["post-21157","post","type-post","status-publish","format-standard","has-post-thumbnail","hentry","category-news","tag-pogrzeb"],"_links":{"self":[{"href":"https:\/\/ostrowskatv.pl\/index.php?rest_route=\/wp\/v2\/posts\/21157","targetHints":{"allow":["GET"]}}],"collection":[{"href":"https:\/\/ostrowskatv.pl\/index.php?rest_route=\/wp\/v2\/posts"}],"about":[{"href":"https:\/\/ostrowskatv.pl\/index.php?rest_route=\/wp\/v2\/types\/post"}],"author":[{"embeddable":true,"href":"https:\/\/ostrowskatv.pl\/index.php?rest_route=\/wp\/v2\/users\/1"}],"replies":[{"embeddable":true,"href":"https:\/\/ostrowskatv.pl\/index.php?rest_route=%2Fwp%2Fv2%2Fcomments&post=21157"}],"version-history":[{"count":0,"href":"https:\/\/ostrowskatv.pl\/index.php?rest_route=\/wp\/v2\/posts\/21157\/revisions"}],"wp:featuredmedia":[{"embeddable":true,"href":"https:\/\/ostrowskatv.pl\/index.php?rest_route=\/wp\/v2\/media\/21163"}],"wp:attachment":[{"href":"https:\/\/ostrowskatv.pl\/index.php?rest_route=%2Fwp%2Fv2%2Fmedia&parent=21157"}],"wp:term":[{"taxonomy":"category","embeddable":true,"href":"https:\/\/ostrowskatv.pl\/index.php?rest_route=%2Fwp%2Fv2%2Fcategories&post=21157"},{"taxonomy":"post_tag","embeddable":true,"href":"https:\/\/ostrowskatv.pl\/index.php?rest_route=%2Fwp%2Fv2%2Ftags&post=21157"}],"curies":[{"name":"wp","href":"https:\/\/api.w.org\/{rel}","templated":true}]}}