{"id":21143,"date":"2022-09-06T11:29:52","date_gmt":"2022-09-06T10:29:52","guid":{"rendered":"https:\/\/ostrowskatv.pl\/?p=21143"},"modified":"2022-09-06T11:29:52","modified_gmt":"2022-09-06T10:29:52","slug":"nowa-atrakcja-w-ostrowie","status":"publish","type":"post","link":"https:\/\/ostrowskatv.pl\/?p=21143","title":{"rendered":"Nowa atrakcja w Ostrowie"},"content":{"rendered":"<p><strong>Ostr\u00f3w Wielkopolski ma ju\u017c za sob\u0105 lata \u015bwietno\u015bci kolei, ale grupa mi\u0142o\u015bnik\u00f3w wci\u0105\u017c piel\u0119gnuje tradycj\u0119. Co prawda nie uda\u0142o si\u0119 jeszcze doprowadzi\u0107 przez w\u0142adze miasta do powrotu kolejki w\u0105skotorowej na Piaski-Szczygliczka , ale w mie\u015bcie powsta\u0142a nowa atrakcja.<\/strong><\/p>\n<p>Parow\u00f3z Las47-15801 trafi\u0142 wreszcie na swoje nowe miejsce przy ul. Dworcowej (obok k\u0142adki).<\/p>\n<p>Tu\u017c po godzinie 8 rano pasjonaci kolei rozpocz\u0119li jego transport. Tym razem zgodnie z obietnic\u0105 d\u017awig i laweta pojawi\u0142y si\u0119 na zak\u0142adzie.<\/p>\n<p>Za transport oraz przygotowanie nowego miejsca odpowiedzialny by\u0142 Miejski Zarz\u0105d Dr\u00f3g w Ostrowie Wielkopolskim. Pracownicy miejscy przygotowali r\u00f3wnie\u017c teren wok\u00f3\u0142 parowozu, porz\u0105dkuj\u0105c go i wykaszaj\u0105c traw\u0119. Zgodnie z obietnicami i zapewnieniami, punkt ma zosta\u0107 r\u00f3wnie\u017c o\u015bwietlony i uzbrojony w monitoring.<\/p>\n<blockquote><p>Przed nami (KMK) jeszcze drobne uzupe\u0142nienia i poprawki kosmetyczne, jednak efekt naszych dotychczasowych wysi\u0142k\u00f3w mo\u017cna ju\u017c w pe\u0142ni podziwia\u0107. &#8211; pisz\u0105 cz\u0142onkowie Klubu Mi\u0142o\u015bnik\u00f3w Kolei w Ostrowie Wlkp.<\/p>\n<p>Na miejscu obecni byli r\u00f3wnie\u017c przedstawiciele SITK w osobie prezesa, pracownicy miejscy oraz dyrektor MZD, a tak\u017ce przedstawiciele naszego klubu KMK.<\/p>\n<p>Serdecznie dzi\u0119kujemy wszystkim zaanga\u017cowanym w ten niezwyk\u0142y projekt. W szczeg\u00f3lno\u015bci osobom, kt\u00f3re fizycznie przyczyni\u0142y si\u0119 do renowacji parowozu, cz\u0142onkom naszego klubu oraz fachowcom s\u0142u\u017c\u0105cym swoj\u0105 rad\u0105 i pomoc\u0105, pracownikom oraz dyrekcji zak\u0142adu PKP CARGO-TABOR za okazan\u0105 pomoc.<\/p>\n<p>Serdecznie podzi\u0119kowa\u0107 nale\u017cy r\u00f3wnie\u017c darczy\u0144com i sponsorom, kt\u00f3rzy przekazali nie tylko farby i inne materia\u0142y niezb\u0119dne do przeprowadzenia renowacji ale przede wszystkim ogromny zas\u00f3b wiedzy i wsparcie merytoryczne &#8211; Zak\u0142ad Napraw Taboru Zabytkowego (www.zntz.com.pl) oraz \u015aredzka Kolej Powiatowa. &#8211; pisz\u0105 pasjonaci.<\/p><\/blockquote>\n<p><img loading=\"lazy\" decoding=\"async\" src=\"https:\/\/ostrowskatv.pl\/wp-content\/uploads\/2022\/09\/20220906_115803-01.jpeg\" alt=\"\" width=\"1366\" height=\"839\" class=\"alignnone size-full wp-image-21146\" srcset=\"https:\/\/ostrowskatv.pl\/wp-content\/uploads\/2022\/09\/20220906_115803-01.jpeg 1366w, https:\/\/ostrowskatv.pl\/wp-content\/uploads\/2022\/09\/20220906_115803-01-300x184.jpeg 300w, https:\/\/ostrowskatv.pl\/wp-content\/uploads\/2022\/09\/20220906_115803-01-586x360.jpeg 586w\" sizes=\"auto, (max-width: 1366px) 100vw, 1366px\" \/><\/p>\n<p><img loading=\"lazy\" decoding=\"async\" src=\"https:\/\/ostrowskatv.pl\/wp-content\/uploads\/2022\/09\/20220906_115817-01.jpeg\" alt=\"\" width=\"1366\" height=\"966\" class=\"alignnone size-full wp-image-21147\" srcset=\"https:\/\/ostrowskatv.pl\/wp-content\/uploads\/2022\/09\/20220906_115817-01.jpeg 1366w, https:\/\/ostrowskatv.pl\/wp-content\/uploads\/2022\/09\/20220906_115817-01-300x212.jpeg 300w, https:\/\/ostrowskatv.pl\/wp-content\/uploads\/2022\/09\/20220906_115817-01-509x360.jpeg 509w, https:\/\/ostrowskatv.pl\/wp-content\/uploads\/2022\/09\/20220906_115817-01-120x85.jpeg 120w\" sizes=\"auto, (max-width: 1366px) 100vw, 1366px\" \/><\/p>\n<p><img loading=\"lazy\" decoding=\"async\" src=\"https:\/\/ostrowskatv.pl\/wp-content\/uploads\/2022\/09\/20220906_115824-01.jpeg\" alt=\"\" width=\"1025\" height=\"1366\" class=\"alignnone size-full wp-image-21148\" srcset=\"https:\/\/ostrowskatv.pl\/wp-content\/uploads\/2022\/09\/20220906_115824-01.jpeg 1025w, https:\/\/ostrowskatv.pl\/wp-content\/uploads\/2022\/09\/20220906_115824-01-225x300.jpeg 225w, https:\/\/ostrowskatv.pl\/wp-content\/uploads\/2022\/09\/20220906_115824-01-270x360.jpeg 270w\" sizes=\"auto, (max-width: 1025px) 100vw, 1025px\" \/><\/p>\n<p><img loading=\"lazy\" decoding=\"async\" src=\"https:\/\/ostrowskatv.pl\/wp-content\/uploads\/2022\/09\/20220906_115837-01.jpeg\" alt=\"\" width=\"1025\" height=\"1366\" class=\"alignnone size-full wp-image-21149\" srcset=\"https:\/\/ostrowskatv.pl\/wp-content\/uploads\/2022\/09\/20220906_115837-01.jpeg 1025w, https:\/\/ostrowskatv.pl\/wp-content\/uploads\/2022\/09\/20220906_115837-01-225x300.jpeg 225w, https:\/\/ostrowskatv.pl\/wp-content\/uploads\/2022\/09\/20220906_115837-01-270x360.jpeg 270w\" sizes=\"auto, (max-width: 1025px) 100vw, 1025px\" \/><\/p>\n<p><img loading=\"lazy\" decoding=\"async\" src=\"https:\/\/ostrowskatv.pl\/wp-content\/uploads\/2022\/09\/20220906_115859-01.jpeg\" alt=\"\" width=\"1366\" height=\"834\" class=\"alignnone size-full wp-image-21150\" srcset=\"https:\/\/ostrowskatv.pl\/wp-content\/uploads\/2022\/09\/20220906_115859-01.jpeg 1366w, https:\/\/ostrowskatv.pl\/wp-content\/uploads\/2022\/09\/20220906_115859-01-300x183.jpeg 300w, https:\/\/ostrowskatv.pl\/wp-content\/uploads\/2022\/09\/20220906_115859-01-590x360.jpeg 590w\" sizes=\"auto, (max-width: 1366px) 100vw, 1366px\" \/><\/p>\n<p><img loading=\"lazy\" decoding=\"async\" src=\"https:\/\/ostrowskatv.pl\/wp-content\/uploads\/2022\/09\/20220906_115914-01.jpeg\" alt=\"\" width=\"1366\" height=\"1025\" class=\"alignnone size-full wp-image-21151\" srcset=\"https:\/\/ostrowskatv.pl\/wp-content\/uploads\/2022\/09\/20220906_115914-01.jpeg 1366w, https:\/\/ostrowskatv.pl\/wp-content\/uploads\/2022\/09\/20220906_115914-01-300x225.jpeg 300w, https:\/\/ostrowskatv.pl\/wp-content\/uploads\/2022\/09\/20220906_115914-01-480x360.jpeg 480w\" sizes=\"auto, (max-width: 1366px) 100vw, 1366px\" \/><\/p>\n<p><img loading=\"lazy\" decoding=\"async\" src=\"https:\/\/ostrowskatv.pl\/wp-content\/uploads\/2022\/09\/20220906_115944-01.jpeg\" alt=\"\" width=\"1025\" height=\"1366\" class=\"alignnone size-full wp-image-21152\" srcset=\"https:\/\/ostrowskatv.pl\/wp-content\/uploads\/2022\/09\/20220906_115944-01.jpeg 1025w, https:\/\/ostrowskatv.pl\/wp-content\/uploads\/2022\/09\/20220906_115944-01-225x300.jpeg 225w, https:\/\/ostrowskatv.pl\/wp-content\/uploads\/2022\/09\/20220906_115944-01-270x360.jpeg 270w\" sizes=\"auto, (max-width: 1025px) 100vw, 1025px\" \/><\/p>\n<p><img loading=\"lazy\" decoding=\"async\" src=\"https:\/\/ostrowskatv.pl\/wp-content\/uploads\/2022\/09\/20220906_115953-01.jpeg\" alt=\"\" width=\"1366\" height=\"1025\" class=\"alignnone size-full wp-image-21153\" srcset=\"https:\/\/ostrowskatv.pl\/wp-content\/uploads\/2022\/09\/20220906_115953-01.jpeg 1366w, https:\/\/ostrowskatv.pl\/wp-content\/uploads\/2022\/09\/20220906_115953-01-300x225.jpeg 300w, https:\/\/ostrowskatv.pl\/wp-content\/uploads\/2022\/09\/20220906_115953-01-480x360.jpeg 480w\" sizes=\"auto, (max-width: 1366px) 100vw, 1366px\" \/><\/p>\n<p><img loading=\"lazy\" decoding=\"async\" src=\"https:\/\/ostrowskatv.pl\/wp-content\/uploads\/2022\/09\/20220906_120003-01.jpeg\" alt=\"\" width=\"1366\" height=\"1025\" class=\"alignnone size-full wp-image-21154\" srcset=\"https:\/\/ostrowskatv.pl\/wp-content\/uploads\/2022\/09\/20220906_120003-01.jpeg 1366w, https:\/\/ostrowskatv.pl\/wp-content\/uploads\/2022\/09\/20220906_120003-01-300x225.jpeg 300w, https:\/\/ostrowskatv.pl\/wp-content\/uploads\/2022\/09\/20220906_120003-01-480x360.jpeg 480w\" sizes=\"auto, (max-width: 1366px) 100vw, 1366px\" \/><\/p>\n<p><img loading=\"lazy\" decoding=\"async\" src=\"https:\/\/ostrowskatv.pl\/wp-content\/uploads\/2022\/09\/20220906_120009-01.jpeg\" alt=\"\" width=\"1366\" height=\"1025\" class=\"alignnone size-full wp-image-21155\" srcset=\"https:\/\/ostrowskatv.pl\/wp-content\/uploads\/2022\/09\/20220906_120009-01.jpeg 1366w, https:\/\/ostrowskatv.pl\/wp-content\/uploads\/2022\/09\/20220906_120009-01-300x225.jpeg 300w, https:\/\/ostrowskatv.pl\/wp-content\/uploads\/2022\/09\/20220906_120009-01-480x360.jpeg 480w\" sizes=\"auto, (max-width: 1366px) 100vw, 1366px\" \/><\/p>\n","protected":false},"excerpt":{"rendered":"Ostr\u00f3w Wielkopolski ma ju\u017c za sob\u0105 lata \u015bwietno\u015bci kolei, ale grupa mi\u0142o\u015bnik\u00f3w wci\u0105\u017c piel\u0119gnuje tradycj\u0119. Co prawda nie uda\u0142o si\u0119 jeszcze doprowadzi\u0107 przez \n<a class=\"moretag\" href=\"https:\/\/ostrowskatv.pl\/?p=21143\"> [...]<\/a>","protected":false},"author":1,"featured_media":21146,"comment_status":"open","ping_status":"closed","sticky":false,"template":"","format":"standard","meta":{"footnotes":""},"categories":[1],"tags":[199],"class_list":["post-21143","post","type-post","status-publish","format-standard","has-post-thumbnail","hentry","category-news","tag-pociag"],"_links":{"self":[{"href":"https:\/\/ostrowskatv.pl\/index.php?rest_route=\/wp\/v2\/posts\/21143","targetHints":{"allow":["GET"]}}],"collection":[{"href":"https:\/\/ostrowskatv.pl\/index.php?rest_route=\/wp\/v2\/posts"}],"about":[{"href":"https:\/\/ostrowskatv.pl\/index.php?rest_route=\/wp\/v2\/types\/post"}],"author":[{"embeddable":true,"href":"https:\/\/ostrowskatv.pl\/index.php?rest_route=\/wp\/v2\/users\/1"}],"replies":[{"embeddable":true,"href":"https:\/\/ostrowskatv.pl\/index.php?rest_route=%2Fwp%2Fv2%2Fcomments&post=21143"}],"version-history":[{"count":0,"href":"https:\/\/ostrowskatv.pl\/index.php?rest_route=\/wp\/v2\/posts\/21143\/revisions"}],"wp:featuredmedia":[{"embeddable":true,"href":"https:\/\/ostrowskatv.pl\/index.php?rest_route=\/wp\/v2\/media\/21146"}],"wp:attachment":[{"href":"https:\/\/ostrowskatv.pl\/index.php?rest_route=%2Fwp%2Fv2%2Fmedia&parent=21143"}],"wp:term":[{"taxonomy":"category","embeddable":true,"href":"https:\/\/ostrowskatv.pl\/index.php?rest_route=%2Fwp%2Fv2%2Fcategories&post=21143"},{"taxonomy":"post_tag","embeddable":true,"href":"https:\/\/ostrowskatv.pl\/index.php?rest_route=%2Fwp%2Fv2%2Ftags&post=21143"}],"curies":[{"name":"wp","href":"https:\/\/api.w.org\/{rel}","templated":true}]}}