{"id":21138,"date":"2022-09-06T09:21:44","date_gmt":"2022-09-06T08:21:44","guid":{"rendered":"https:\/\/ostrowskatv.pl\/?p=21138"},"modified":"2022-09-06T09:24:38","modified_gmt":"2022-09-06T08:24:38","slug":"ksiadz-podejrzewany-o-pedofilie-powrocil","status":"publish","type":"post","link":"https:\/\/ostrowskatv.pl\/?p=21138","title":{"rendered":"Ksi\u0105dz podejrzewany o pedofili\u0119 powr\u00f3ci\u0142"},"content":{"rendered":"<p><strong>W ostatnim czasie poinformowano o obj\u0119ciu kierowniczej funkcji przez ksi\u0119dza, kt\u00f3ry by\u0142 podejrzewany o pedofili\u0119. Sprawa nawet niedawno trafi\u0142a do prokuratur. W toku post\u0119powania oceniono, \u017ce zeznania pokrzywdzonego s\u0105 wiarygodne, ale z uwagi na up\u0142yw czasu od czyn\u00f3w pedofilskich, dosz\u0142o do przedawnienia.<\/strong><\/p>\n<p>W jednej z grup ko\u015bcielnych na terenie powiatu ostrowskiego poinformowano o obj\u0119ciu kierowniczej funkcji przez ksi\u0119dza Iksi\u0144skiego (nazwisko zmienione na potrzeby artyku\u0142u). Komentarz pod t\u0105 wiadomo\u015bci\u0105 napisa\u0142 Tomasz Statnik, kt\u00f3ry wyrazi\u0142 oburzenie z powodu tej decyzji i ujawni\u0142 \u017ce by\u0142 przez tego ksi\u0119dza wykorzystywany.<\/p>\n<p>I faktycznie Prokuratura Rejonowa w Ostrowie Wlkp. zosta\u0142a powiadomiona 26 sierpnia 2020 roku przez Przewodnicz\u0105cego Komisji ds. Ochrony Dzieci i M\u0142odzie\u017cy oraz Delegata Arcybiskupa Metropolity Pozna\u0144skiego ds. Ochrony Dzieci i M\u0142odzie\u017cy. Pokrzywdzonych mia\u0142o by\u0107 dw\u00f3ch, w\u00f3wczas ma\u0142oletnich ch\u0142opc\u00f3w. Podczas jednego z czyn\u00f3w ofiara mia\u0142a 11 lat.<\/p>\n<p>W czasie gdy ko\u015bci\u00f3\u0142 powzi\u0105\u0142 informacje nt. podejrze\u0144 wobec kap\u0142ana, odsuni\u0119to go od publicznego sprawowania funkcji duszpasterskich. By\u0142 to \u015brodek zaradczy.<\/p>\n<p>Prokuratura Rejonowa w Ostrowie Wielkopolskim 6 pa\u017adziernika 2021 roku podj\u0119\u0142a decyzj\u0119 o umorzeniu \u015bledztwa w sprawie wykorzystywania ma\u0142oletniego przez ostrowskiego ksi\u0119dza z powodu przedawnienia czynu. Ostrowianin Tomasz Statnik nie mia\u0142 w\u00f3wczas uko\u0144czonego 15. roku \u017cycia. Do czyn\u00f3w mia\u0142o dochodzi\u0107 pomi\u0119dzy 2001 rokiem, a 2004 rokiem.<\/p>\n<p>\u015aledczy przes\u0142uchali nie tylko pokrzywdzonego Tomasza, ale r\u00f3wnie\u017c szereg potencjalnych \u015bwiadk\u00f3w, kt\u00f3rzy mogli dysponowa\u0107 informacjami nt. zachowa\u0144 ksi\u0119dza. Drugi z prawdopodobnie pokrzywdzonych przez Iksi\u0144skiego skoczy\u0142 z elewatora znajduj\u0105cego si\u0119 przy ulicy Spichrzowej w Ostrowie Wlkp. Powodem samob\u00f3jstwa mog\u0142y by\u0107 czyny seksualne pope\u0142niane przez ksi\u0119dza na ch\u0142opcu.<\/p>\n<p>Tomasz Statnik mieszka\u0142 w Ostrowie Wlkp. do 2005 roku. Nast\u0119pnie wraz z matk\u0105 przeprowadzi\u0142 si\u0119 do Niemiec, gdzie przebywa do dzi\u015b.<br \/>\n\u015aledztwo ruszy\u0142o w pa\u017adzierniku 2020 roku. W tego typu sprawach najistotniejsze jest przes\u0142uchanie pokrzywdzonego. Dla oceny jego wiarygodno\u015bci odbywa si\u0119 ono w obecno\u015bci psychologa.<\/p>\n<p><strong>Bieg\u0142a w swojej ekspertyzie oceni\u0142a, \u017ce zeznania Tomasza Statnika s\u0105 szczere i odpowiadaj\u0105ce rzeczywisto\u015bci. Bieg\u0142a wskaza\u0142a, \u017ce rozw\u00f3j intelektualny opiniowanego wskazuje na adekwatny odbi\u00f3r rzeczywisto\u015bci. Zdolno\u015b\u0107 spostrzegania i odtwarzania spostrze\u017ce\u0144 nie wp\u0142ywa ujemnie na jako\u015b\u0107 zezna\u0144. W trakcie zezna\u0144 Tomasz Statnik zeznawa\u0142 logicznie, sp\u00f3jnie.<\/strong><\/p>\n<p>Ksi\u0105dz w tamtym czasie w ocenie Tomasza by\u0142 bardzo charyzmatyczny, u\u015bmiechni\u0119ty i otwarty dla m\u0142odzie\u017cy. Ksi\u0105dz bardzo dobrze zna\u0142 babci\u0119 pokrzywdzonego. Cz\u0119sto j\u0105 odwiedza\u0142. Tomasz Statnik udziela\u0142 si\u0119 w parafii p.w. \u015bw. Antoniego jako ministrant. Wed\u0142ug zezna\u0144 Statnika, zachowanie podejrzane zachowanie ksi\u0119dza rozpocz\u0119\u0142o si\u0119 od przytulenia i poca\u0142owania w czo\u0142o. Sta\u0142o si\u0119 to po tym jak Tomasz Statnik czyta\u0142 podczas Mszy pismo \u015bwi\u0119te i po nabo\u017ce\u0144stwie zapyta\u0142 kap\u0142ana jak mu posz\u0142o. P\u00f3\u0142 roku p\u00f3\u017aniej w analogicznej sytuacji ksi\u0105dz poca\u0142owa\u0142 go ju\u017c nie w czo\u0142o a w k\u0105cik ust.<\/p>\n<p><strong>Kiedy Tomasz powiedzia\u0142 o tym swojej mamie i babci, te nie da\u0142y mu wiary. Zarzuci\u0142y mu k\u0142amstwo i zabroni\u0142y m\u00f3wienia o mo\u017cliwym zachowaniu ksi\u0119dza, kt\u00f3ry przyja\u017ani\u0142 si\u0119 z babci\u0105. Kobiety po tej sytuacji pobi\u0142y go m.in. kablem. Od tego czasu Tomasz jako m\u0142odzieniec milcza\u0142 i w najbli\u017cszym czasie nikomu si\u0119 nie zwierza\u0142 o zachowaniach ksi\u0119dza.<\/strong><\/p>\n<p>Ta sytuacja spowodowa\u0142a, \u017ce straci\u0142 ch\u0119\u0107 do bycia ministrantem. Kiedy chodzi\u0142 do ko\u015bcio\u0142a odczuwa\u0142 ulg\u0119 gdy mszy nie sprawowa\u0142 jego oprawca. Po p\u00f3\u0142 roku jednak powr\u00f3ci\u0142 do pos\u0142ugi ministranckiej. By\u0142o to oko\u0142o wrze\u015bnia 2002 roku. Ksi\u0105dz ponownie mia\u0142 go przytuli\u0107 i poca\u0142owa\u0107 w k\u0105cik ust, a innym razem w czo\u0142o.<\/p>\n<p>Rok p\u00f3\u017aniej, zim\u0105 2003 roku w czasie rekolekcji ksi\u0105dz Iksi\u0144ski mia\u0142 z\u0142apa\u0107 Tomasza Statnika za krocze. Apogeum nast\u0105pi\u0142o podczas nocnego czuwania z Wielkiego Czwartku na Wielki Pi\u0105tek. W Domu Katechetycznym przy parafii \u015bw. Antoniego w Ostrowie Wielkopolskim przygotowano salk\u0119 w kt\u00f3rej osoby mog\u0142y po\u0142o\u017cy\u0107 si\u0119 na materacach. W pomieszczeniu by\u0142o ciemno.<\/p>\n<p>Tomasz Statnik le\u017c\u0105c zorientowa\u0142 si\u0119, \u017ce obok po\u0142o\u017cy\u0142 si\u0119 opisywany wcze\u015bniej ksi\u0105dz. Duchowny obj\u0105\u0142 go i r\u0119k\u0105 zacz\u0105\u0142 dotyka\u0107 krocza pokrzywdzonego. Pokrzywdzony poczu\u0142, \u017ce zosta\u0142 z\u0142apany za narz\u0105dy p\u0142ciowe. Tomasz by\u0142 ubrany, mia\u0142 na sobie d\u0142ugie spodnie i koszul\u0119. Duchowny r\u00f3wnie\u017c by\u0142 ubrany. Ministrant by\u0142 w szoku i le\u017ca\u0142 nieruchomo. Po kilku minutach ksi\u0105dz wsta\u0142 i wyszed\u0142 z pomieszczenia.<br \/>\nW 2005 roku Tomasz wyprowadzi\u0142 si\u0119 z mam\u0105 do Niemiec, ale trzy lata p\u00f3\u017aniej skontaktowa\u0142 si\u0119 z koleg\u0105 z by\u0142ej klasy. Kiedy zwierzy\u0142 mu si\u0119 z bycia molestowanym przez ksi\u0119dza, kolega powiedzia\u0142, \u017ce r\u00f3wnie\u017c mia\u0142 z tym ksi\u0119dzem &#8222;przykre do\u015bwiadczenia&#8221;. Kilka lat p\u00f3\u017aniej kolega pope\u0142ni\u0142 niespodziewane samob\u00f3jstwo.<\/p>\n<p>Rodzice drugiego pokrzywdzonego potwierdzili, \u017ce ich syn r\u00f3wnie\u017c by\u0142 ministrantem w parafii \u015bw. Antoniego. Nagle w 2004 roku kategorycznie odm\u00f3wi\u0142 chodzenia do ko\u015bcio\u0142a jako ministrant. Mog\u0142o mie\u0107 to zwi\u0105zek z &#8222;przykrymi do\u015bwiadczeniami&#8221;, o kt\u00f3rych m\u00f3wi\u0142 Tomasz Statnik.<br \/>\nSamob\u00f3jcza \u015bmier\u0107 drugiego ministranta by\u0142a dla rodzic\u00f3w zaskoczeniem i nie znali powod\u00f3w jego decyzji.<\/p>\n<p>Ksi\u0119dzu grozi\u0142oby 12 lat pozbawienia wolno\u015bci. Przedawnienie nast\u0105pi\u0142o po 10 latach czyli 9 kwietnia 2014 roku. P\u00f3\u017aniej w kodeksie wyd\u0142u\u017cono termin przedawnienia do 15 lat, ale wed\u0142ug przepis\u00f3w nie mia\u0142y one ju\u017c zastosowania do sprawy Tomasza Statnika.<\/p>\n<p>Tomasz w 2018 roku obejrza\u0142 wraz z partnerk\u0105 film &#8222;Kler&#8221;. W\u00f3wczas wyjawi\u0142 jej co go spotka\u0142o w m\u0142odo\u015bci. Poniewa\u017c partnerka mia\u0142a w rodzinie innego ksi\u0119dza, opowiedziano mu t\u0119 histori\u0119. On postanowi\u0142 poinformowa\u0107 swojego prze\u0142o\u017conego i tak sprawa nabra\u0142a oficjalnego biegu.<\/p>\n<p>Rzecznik prasowy kurii diecezji kaliskiej poinformowa\u0142, \u017ce prowadzono by\u0142o kanoniczne dochodzenie wst\u0119pne wobec tego ksi\u0119dza. To diecezja poinformowa\u0142a prokuratur\u0119 o mo\u017cliwo\u015bci pope\u0142nienia przest\u0119pstwa. Rzecznik diecezji przyzna\u0142, \u017ce prokuratura umorzy\u0142a dochodzenie z powodu przedawnienia. Nie wspomnia\u0142 jednak, \u017ce prokurator wraz z bieg\u0142\u0105 s\u0105dow\u0105 ocenili zeznania pokrzywdzonego jako wiarygodne.<\/p>\n<p>&#8222;Proces kanoniczny wszcz\u0119ty na polecenie Kongregacji Nauki Wiary zako\u0144czy\u0142 si\u0119 wydaniem dekretu karnego, orzekaj\u0105cego, \u017ce zarzuty wobec<br \/>\nks. XXX nale\u017cy uzna\u0107 za nieudowodnione (&#8222;non constat&#8221; &#8211; tzn. niemo\u017cliwe jest uzyskanie pewno\u015bci moralnej co do winy oskar\u017conego z uwagi na brak dowod\u00f3w, ich niewystarczalno\u015b\u0107 lub sprzeczno\u015b\u0107, odno\u015bnie do zaistnienia czynu lub pope\u0142nienia go przez oskar\u017conego &#8211; por. art. 84<br \/>\n&#8222;Vademecum dotycz\u0105cego wybranych kwestii proceduralnych w zakresie post\u0119powania w przypadkach nadu\u017cy\u0107 seksualnych pope\u0142nianych przez<br \/>\nduchownych wobec ma\u0142oletnich&#8221;).&#8221;<\/p>\n<p>Funkcj\u0119 kierownicz\u0105 w grupie na terenie Ostrowa Wielkopolskiego otrzyma\u0142 nie z nadania diecezji a cz\u0142onk\u00f3w ruchu. &#8211; podkre\u015bla rzecznik diecezji.<\/p>\n","protected":false},"excerpt":{"rendered":"W ostatnim czasie poinformowano o obj\u0119ciu kierowniczej funkcji przez ksi\u0119dza, kt\u00f3ry by\u0142 podejrzewany o pedofili\u0119. Sprawa nawet niedawno trafi\u0142a do prokuratur. W toku \n<a class=\"moretag\" href=\"https:\/\/ostrowskatv.pl\/?p=21138\"> [...]<\/a>","protected":false},"author":1,"featured_media":14129,"comment_status":"open","ping_status":"closed","sticky":false,"template":"","format":"standard","meta":{"footnotes":""},"categories":[1],"tags":[211,2],"class_list":["post-21138","post","type-post","status-publish","format-standard","has-post-thumbnail","hentry","category-news","tag-ksiadz","tag-ostrow-wielkopolski"],"_links":{"self":[{"href":"https:\/\/ostrowskatv.pl\/index.php?rest_route=\/wp\/v2\/posts\/21138","targetHints":{"allow":["GET"]}}],"collection":[{"href":"https:\/\/ostrowskatv.pl\/index.php?rest_route=\/wp\/v2\/posts"}],"about":[{"href":"https:\/\/ostrowskatv.pl\/index.php?rest_route=\/wp\/v2\/types\/post"}],"author":[{"embeddable":true,"href":"https:\/\/ostrowskatv.pl\/index.php?rest_route=\/wp\/v2\/users\/1"}],"replies":[{"embeddable":true,"href":"https:\/\/ostrowskatv.pl\/index.php?rest_route=%2Fwp%2Fv2%2Fcomments&post=21138"}],"version-history":[{"count":0,"href":"https:\/\/ostrowskatv.pl\/index.php?rest_route=\/wp\/v2\/posts\/21138\/revisions"}],"wp:featuredmedia":[{"embeddable":true,"href":"https:\/\/ostrowskatv.pl\/index.php?rest_route=\/wp\/v2\/media\/14129"}],"wp:attachment":[{"href":"https:\/\/ostrowskatv.pl\/index.php?rest_route=%2Fwp%2Fv2%2Fmedia&parent=21138"}],"wp:term":[{"taxonomy":"category","embeddable":true,"href":"https:\/\/ostrowskatv.pl\/index.php?rest_route=%2Fwp%2Fv2%2Fcategories&post=21138"},{"taxonomy":"post_tag","embeddable":true,"href":"https:\/\/ostrowskatv.pl\/index.php?rest_route=%2Fwp%2Fv2%2Ftags&post=21138"}],"curies":[{"name":"wp","href":"https:\/\/api.w.org\/{rel}","templated":true}]}}