{"id":21126,"date":"2022-09-05T13:48:04","date_gmt":"2022-09-05T12:48:04","guid":{"rendered":"https:\/\/ostrowskatv.pl\/?p=21126"},"modified":"2022-09-05T13:48:04","modified_gmt":"2022-09-05T12:48:04","slug":"biegal-z-karabinem-po-alei-slowackiego","status":"publish","type":"post","link":"https:\/\/ostrowskatv.pl\/?p=21126","title":{"rendered":"Biega\u0142 z karabinem po alei S\u0142owackiego"},"content":{"rendered":"<p><strong>Chwil\u0119 przed po\u0142udniem ostrowscy policjanci otrzymali zg\u0142oszenie o m\u0119\u017cczy\u017anie z broni\u0105. Patrol uda\u0142 si\u0119 na alej\u0119 S\u0142owackiego w rejonie skrzy\u017cowania z ulic\u0105 Limanowskiego. Tam funkcjonariusze dostrzegli m\u0119\u017cczyzn\u0119 z przedmiotem przypominaj\u0105cym karabin.<\/strong><\/p>\n<p>Policjant wybieg\u0142 z radiowozu i zacz\u0105\u0142 goni\u0107 m\u0119\u017cczyzn\u0119 pomi\u0119dzy autami. W pewnym momencie przedmiot upad\u0142, a uciekinier zosta\u0142 zatrzymany.<\/p>\n<p>Okaza\u0142 si\u0119 nim 29-letni m\u0119\u017cczyzna z powiatu ostrowskiego. Policjanci wyczuwali od niego wo\u0144 alkoholu. Pobrano od niego krew do bada\u0144 na zawarto\u015b\u0107 substancji odurzaj\u0105cych.<\/p>\n<p>Karabin okaza\u0142 si\u0119 by\u0107 plastikow\u0105 zabawk\u0105. Chwil\u0119 wcze\u015bniej agresor grozi\u0142 pracownikowi ochrony z pobliskiego sklepu.<\/p>\n<p><img loading=\"lazy\" decoding=\"async\" src=\"https:\/\/ostrowskatv.pl\/wp-content\/uploads\/2022\/09\/Slowackiegorambo.jpeg\" alt=\"\" width=\"276\" height=\"384\" class=\"alignnone size-full wp-image-21127\" srcset=\"https:\/\/ostrowskatv.pl\/wp-content\/uploads\/2022\/09\/Slowackiegorambo.jpeg 276w, https:\/\/ostrowskatv.pl\/wp-content\/uploads\/2022\/09\/Slowackiegorambo-216x300.jpeg 216w, https:\/\/ostrowskatv.pl\/wp-content\/uploads\/2022\/09\/Slowackiegorambo-259x360.jpeg 259w\" sizes=\"auto, (max-width: 276px) 100vw, 276px\" \/><\/p>\n","protected":false},"excerpt":{"rendered":"Chwil\u0119 przed po\u0142udniem ostrowscy policjanci otrzymali zg\u0142oszenie o m\u0119\u017cczy\u017anie z broni\u0105. Patrol uda\u0142 si\u0119 na alej\u0119 S\u0142owackiego w rejonie skrzy\u017cowania z ulic\u0105 Limanowskiego. \n<a class=\"moretag\" href=\"https:\/\/ostrowskatv.pl\/?p=21126\"> [...]<\/a>","protected":false},"author":1,"featured_media":21128,"comment_status":"open","ping_status":"closed","sticky":false,"template":"","format":"standard","meta":{"footnotes":""},"categories":[1],"tags":[34],"class_list":["post-21126","post","type-post","status-publish","format-standard","has-post-thumbnail","hentry","category-news","tag-policja"],"_links":{"self":[{"href":"https:\/\/ostrowskatv.pl\/index.php?rest_route=\/wp\/v2\/posts\/21126","targetHints":{"allow":["GET"]}}],"collection":[{"href":"https:\/\/ostrowskatv.pl\/index.php?rest_route=\/wp\/v2\/posts"}],"about":[{"href":"https:\/\/ostrowskatv.pl\/index.php?rest_route=\/wp\/v2\/types\/post"}],"author":[{"embeddable":true,"href":"https:\/\/ostrowskatv.pl\/index.php?rest_route=\/wp\/v2\/users\/1"}],"replies":[{"embeddable":true,"href":"https:\/\/ostrowskatv.pl\/index.php?rest_route=%2Fwp%2Fv2%2Fcomments&post=21126"}],"version-history":[{"count":0,"href":"https:\/\/ostrowskatv.pl\/index.php?rest_route=\/wp\/v2\/posts\/21126\/revisions"}],"wp:featuredmedia":[{"embeddable":true,"href":"https:\/\/ostrowskatv.pl\/index.php?rest_route=\/wp\/v2\/media\/21128"}],"wp:attachment":[{"href":"https:\/\/ostrowskatv.pl\/index.php?rest_route=%2Fwp%2Fv2%2Fmedia&parent=21126"}],"wp:term":[{"taxonomy":"category","embeddable":true,"href":"https:\/\/ostrowskatv.pl\/index.php?rest_route=%2Fwp%2Fv2%2Fcategories&post=21126"},{"taxonomy":"post_tag","embeddable":true,"href":"https:\/\/ostrowskatv.pl\/index.php?rest_route=%2Fwp%2Fv2%2Ftags&post=21126"}],"curies":[{"name":"wp","href":"https:\/\/api.w.org\/{rel}","templated":true}]}}