{"id":21081,"date":"2022-09-01T14:03:37","date_gmt":"2022-09-01T13:03:37","guid":{"rendered":"https:\/\/ostrowskatv.pl\/?p=21081"},"modified":"2022-09-01T14:03:37","modified_gmt":"2022-09-01T13:03:37","slug":"35-letni-chlopiec-wbiegl-pod-ciezarowke","status":"publish","type":"post","link":"https:\/\/ostrowskatv.pl\/?p=21081","title":{"rendered":"3,5-letni ch\u0142opiec wbieg\u0142 pod ci\u0119\u017car\u00f3wk\u0119"},"content":{"rendered":"<p><strong>Chwil\u0119 grozy prze\u017cy\u0142a matka 3,5-letniego dziecka, kt\u00f3re nagle postanowi\u0142o wbiec z chodnika na drog\u0119. Ch\u0142opiec uderzy\u0142 w bok samochodu ci\u0119\u017carowego.<\/strong><\/p>\n<p>Na miejsce, do Chojnika, wys\u0142ano karetk\u0119 z lekarzem na pok\u0142adzie oraz policj\u0119. Na drodze krajowej nr 25 w miejscu zdarzenia nie wyst\u0119powa\u0142y wi\u0119ksze utrudnienia w ruchu.<\/p>\n<p>Ch\u0142opca zabrano do szpitala, ale wst\u0119pnie nie wykazywa\u0142 on oznak \u015bwiadcz\u0105cych o odniesieniu powa\u017cniejszych obra\u017ce\u0144. Karetka jecha\u0142a do szpitala bez w\u0142\u0105czonych sygna\u0142\u00f3w \u015bwietlno-d\u017awi\u0119kowych i bez po\u015bpiechu.<\/p>\n<p>Ci\u0119\u017car\u00f3wk\u0119 prowadzi\u0142 mieszkaniec powiatu starogardzkiego. By\u0142 trze\u017awy. <\/p>\n","protected":false},"excerpt":{"rendered":"Chwil\u0119 grozy prze\u017cy\u0142a matka 3,5-letniego dziecka, kt\u00f3re nagle postanowi\u0142o wbiec z chodnika na drog\u0119. Ch\u0142opiec uderzy\u0142 w bok samochodu ci\u0119\u017carowego. Na miejsce, do \n<a class=\"moretag\" href=\"https:\/\/ostrowskatv.pl\/?p=21081\"> [...]<\/a>","protected":false},"author":1,"featured_media":21082,"comment_status":"open","ping_status":"closed","sticky":false,"template":"","format":"standard","meta":{"footnotes":""},"categories":[1],"tags":[41],"class_list":["post-21081","post","type-post","status-publish","format-standard","has-post-thumbnail","hentry","category-news","tag-potracenie"],"_links":{"self":[{"href":"https:\/\/ostrowskatv.pl\/index.php?rest_route=\/wp\/v2\/posts\/21081","targetHints":{"allow":["GET"]}}],"collection":[{"href":"https:\/\/ostrowskatv.pl\/index.php?rest_route=\/wp\/v2\/posts"}],"about":[{"href":"https:\/\/ostrowskatv.pl\/index.php?rest_route=\/wp\/v2\/types\/post"}],"author":[{"embeddable":true,"href":"https:\/\/ostrowskatv.pl\/index.php?rest_route=\/wp\/v2\/users\/1"}],"replies":[{"embeddable":true,"href":"https:\/\/ostrowskatv.pl\/index.php?rest_route=%2Fwp%2Fv2%2Fcomments&post=21081"}],"version-history":[{"count":0,"href":"https:\/\/ostrowskatv.pl\/index.php?rest_route=\/wp\/v2\/posts\/21081\/revisions"}],"wp:featuredmedia":[{"embeddable":true,"href":"https:\/\/ostrowskatv.pl\/index.php?rest_route=\/wp\/v2\/media\/21082"}],"wp:attachment":[{"href":"https:\/\/ostrowskatv.pl\/index.php?rest_route=%2Fwp%2Fv2%2Fmedia&parent=21081"}],"wp:term":[{"taxonomy":"category","embeddable":true,"href":"https:\/\/ostrowskatv.pl\/index.php?rest_route=%2Fwp%2Fv2%2Fcategories&post=21081"},{"taxonomy":"post_tag","embeddable":true,"href":"https:\/\/ostrowskatv.pl\/index.php?rest_route=%2Fwp%2Fv2%2Ftags&post=21081"}],"curies":[{"name":"wp","href":"https:\/\/api.w.org\/{rel}","templated":true}]}}