{"id":21068,"date":"2022-08-31T14:31:54","date_gmt":"2022-08-31T13:31:54","guid":{"rendered":"https:\/\/ostrowskatv.pl\/?p=21068"},"modified":"2022-08-31T14:32:17","modified_gmt":"2022-08-31T13:32:17","slug":"policjant-przewrocil-sie-na-motocyklu","status":"publish","type":"post","link":"https:\/\/ostrowskatv.pl\/?p=21068","title":{"rendered":"Policjant przewr\u00f3ci\u0142 si\u0119 na motocyklu. Zachowa\u0142 si\u0119 jak prawdziwy facet"},"content":{"rendered":"<p><strong>Oko\u0142o godziny 12 funkcjonariusz b\u0119d\u0105cy poza s\u0142u\u017cb\u0105 nie dostosowa\u0142 pr\u0119dko\u015bci do warunk\u00f3w panuj\u0105cych na drodze. Na \u0142uku drogi nie wzi\u0105\u0142 pod dostateczn\u0105 uwag\u0119 rozsypanego piasku i zaliczy\u0142 u\u015blizg na motocyklu marki barton. Motocyklista powiadomi\u0142 prze\u0142o\u017conych i poczeka\u0142 na rozliczenie.<\/strong><\/p>\n<p>26-latek z ostrowskiej komendy jak prawdziwy facet przyj\u0105\u0142 sytuacj\u0119 na klat\u0119. Niemal\u017ce tylko si\u0119 otrzepa\u0142 i podj\u0105\u0142 m\u0119sk\u0105 decyzj\u0119 o niewzywaniu karetki, w odr\u00f3\u017cnieniu od niekt\u00f3rych funkcjonariuszy, kt\u00f3rzy przy ma\u0142ych kolizjach korzystali z prawa do pe\u0142nop\u0142atnego (dla policjant\u00f3w) zwolnienia lekarskiego.<\/p>\n<p>Funkcjonariusze z ostrowskiej drog\u00f3wki pouczyli funkcjonariusza za spowodowane zdarzenie. 26-latek by\u0142 trze\u017awy. Do zdarzenia dosz\u0142o na ulicy Okopowej w Ostrowie Wlkp.<\/p>\n<p><img loading=\"lazy\" decoding=\"async\" class=\"alignnone size-full wp-image-21077\" src=\"https:\/\/ostrowskatv.pl\/wp-content\/uploads\/2022\/08\/20220831_121728-02.jpeg\" alt=\"\" width=\"1366\" height=\"714\" srcset=\"https:\/\/ostrowskatv.pl\/wp-content\/uploads\/2022\/08\/20220831_121728-02.jpeg 1366w, https:\/\/ostrowskatv.pl\/wp-content\/uploads\/2022\/08\/20220831_121728-02-300x157.jpeg 300w, https:\/\/ostrowskatv.pl\/wp-content\/uploads\/2022\/08\/20220831_121728-02-640x335.jpeg 640w\" sizes=\"auto, (max-width: 1366px) 100vw, 1366px\" \/><\/p>\n<p>&nbsp;<\/p>\n<p><img loading=\"lazy\" decoding=\"async\" class=\"alignnone size-full wp-image-21070\" src=\"https:\/\/ostrowskatv.pl\/wp-content\/uploads\/2022\/08\/20220831_121753-02.jpeg\" alt=\"\" width=\"1366\" height=\"621\" srcset=\"https:\/\/ostrowskatv.pl\/wp-content\/uploads\/2022\/08\/20220831_121753-02.jpeg 1366w, https:\/\/ostrowskatv.pl\/wp-content\/uploads\/2022\/08\/20220831_121753-02-300x136.jpeg 300w, https:\/\/ostrowskatv.pl\/wp-content\/uploads\/2022\/08\/20220831_121753-02-640x291.jpeg 640w\" sizes=\"auto, (max-width: 1366px) 100vw, 1366px\" \/><\/p>\n<p><img loading=\"lazy\" decoding=\"async\" class=\"alignnone size-full wp-image-21071\" src=\"https:\/\/ostrowskatv.pl\/wp-content\/uploads\/2022\/08\/20220831_121804-01.jpeg\" alt=\"\" width=\"1366\" height=\"899\" srcset=\"https:\/\/ostrowskatv.pl\/wp-content\/uploads\/2022\/08\/20220831_121804-01.jpeg 1366w, https:\/\/ostrowskatv.pl\/wp-content\/uploads\/2022\/08\/20220831_121804-01-300x197.jpeg 300w, https:\/\/ostrowskatv.pl\/wp-content\/uploads\/2022\/08\/20220831_121804-01-547x360.jpeg 547w\" sizes=\"auto, (max-width: 1366px) 100vw, 1366px\" \/><\/p>\n<p><img loading=\"lazy\" decoding=\"async\" class=\"alignnone size-full wp-image-21072\" src=\"https:\/\/ostrowskatv.pl\/wp-content\/uploads\/2022\/08\/20220831_121832-01.jpeg\" alt=\"\" width=\"1365\" height=\"742\" srcset=\"https:\/\/ostrowskatv.pl\/wp-content\/uploads\/2022\/08\/20220831_121832-01.jpeg 1365w, https:\/\/ostrowskatv.pl\/wp-content\/uploads\/2022\/08\/20220831_121832-01-300x163.jpeg 300w, https:\/\/ostrowskatv.pl\/wp-content\/uploads\/2022\/08\/20220831_121832-01-640x348.jpeg 640w\" sizes=\"auto, (max-width: 1365px) 100vw, 1365px\" \/><\/p>\n<p><img loading=\"lazy\" decoding=\"async\" class=\"alignnone size-full wp-image-21073\" src=\"https:\/\/ostrowskatv.pl\/wp-content\/uploads\/2022\/08\/20220831_121839-01.jpeg\" alt=\"\" width=\"1366\" height=\"708\" srcset=\"https:\/\/ostrowskatv.pl\/wp-content\/uploads\/2022\/08\/20220831_121839-01.jpeg 1366w, https:\/\/ostrowskatv.pl\/wp-content\/uploads\/2022\/08\/20220831_121839-01-300x155.jpeg 300w, https:\/\/ostrowskatv.pl\/wp-content\/uploads\/2022\/08\/20220831_121839-01-640x332.jpeg 640w\" sizes=\"auto, (max-width: 1366px) 100vw, 1366px\" \/><\/p>\n<p><img loading=\"lazy\" decoding=\"async\" class=\"alignnone size-full wp-image-21074\" src=\"https:\/\/ostrowskatv.pl\/wp-content\/uploads\/2022\/08\/20220831_121842-01.jpeg\" alt=\"\" width=\"1366\" height=\"1025\" srcset=\"https:\/\/ostrowskatv.pl\/wp-content\/uploads\/2022\/08\/20220831_121842-01.jpeg 1366w, https:\/\/ostrowskatv.pl\/wp-content\/uploads\/2022\/08\/20220831_121842-01-300x225.jpeg 300w, https:\/\/ostrowskatv.pl\/wp-content\/uploads\/2022\/08\/20220831_121842-01-480x360.jpeg 480w\" sizes=\"auto, (max-width: 1366px) 100vw, 1366px\" \/><\/p>\n<p><img loading=\"lazy\" decoding=\"async\" class=\"alignnone size-full wp-image-21075\" src=\"https:\/\/ostrowskatv.pl\/wp-content\/uploads\/2022\/08\/20220831_121942-01.jpeg\" alt=\"\" width=\"1366\" height=\"1025\" srcset=\"https:\/\/ostrowskatv.pl\/wp-content\/uploads\/2022\/08\/20220831_121942-01.jpeg 1366w, https:\/\/ostrowskatv.pl\/wp-content\/uploads\/2022\/08\/20220831_121942-01-300x225.jpeg 300w, https:\/\/ostrowskatv.pl\/wp-content\/uploads\/2022\/08\/20220831_121942-01-480x360.jpeg 480w\" sizes=\"auto, (max-width: 1366px) 100vw, 1366px\" \/><\/p>\n","protected":false},"excerpt":{"rendered":"Oko\u0142o godziny 12 funkcjonariusz b\u0119d\u0105cy poza s\u0142u\u017cb\u0105 nie dostosowa\u0142 pr\u0119dko\u015bci do warunk\u00f3w panuj\u0105cych na drodze. Na \u0142uku drogi nie wzi\u0105\u0142 pod dostateczn\u0105 uwag\u0119 \n<a class=\"moretag\" href=\"https:\/\/ostrowskatv.pl\/?p=21068\"> [...]<\/a>","protected":false},"author":1,"featured_media":21072,"comment_status":"open","ping_status":"closed","sticky":false,"template":"","format":"standard","meta":{"footnotes":""},"categories":[1],"tags":[48],"class_list":["post-21068","post","type-post","status-publish","format-standard","has-post-thumbnail","hentry","category-news","tag-kolizja"],"_links":{"self":[{"href":"https:\/\/ostrowskatv.pl\/index.php?rest_route=\/wp\/v2\/posts\/21068","targetHints":{"allow":["GET"]}}],"collection":[{"href":"https:\/\/ostrowskatv.pl\/index.php?rest_route=\/wp\/v2\/posts"}],"about":[{"href":"https:\/\/ostrowskatv.pl\/index.php?rest_route=\/wp\/v2\/types\/post"}],"author":[{"embeddable":true,"href":"https:\/\/ostrowskatv.pl\/index.php?rest_route=\/wp\/v2\/users\/1"}],"replies":[{"embeddable":true,"href":"https:\/\/ostrowskatv.pl\/index.php?rest_route=%2Fwp%2Fv2%2Fcomments&post=21068"}],"version-history":[{"count":0,"href":"https:\/\/ostrowskatv.pl\/index.php?rest_route=\/wp\/v2\/posts\/21068\/revisions"}],"wp:featuredmedia":[{"embeddable":true,"href":"https:\/\/ostrowskatv.pl\/index.php?rest_route=\/wp\/v2\/media\/21072"}],"wp:attachment":[{"href":"https:\/\/ostrowskatv.pl\/index.php?rest_route=%2Fwp%2Fv2%2Fmedia&parent=21068"}],"wp:term":[{"taxonomy":"category","embeddable":true,"href":"https:\/\/ostrowskatv.pl\/index.php?rest_route=%2Fwp%2Fv2%2Fcategories&post=21068"},{"taxonomy":"post_tag","embeddable":true,"href":"https:\/\/ostrowskatv.pl\/index.php?rest_route=%2Fwp%2Fv2%2Ftags&post=21068"}],"curies":[{"name":"wp","href":"https:\/\/api.w.org\/{rel}","templated":true}]}}