{"id":21065,"date":"2022-08-31T10:38:36","date_gmt":"2022-08-31T09:38:36","guid":{"rendered":"https:\/\/ostrowskatv.pl\/?p=21065"},"modified":"2022-08-31T10:47:49","modified_gmt":"2022-08-31T09:47:49","slug":"wyciagnal-noz-bo-byl-obywatelsko-zatrzymywany","status":"publish","type":"post","link":"https:\/\/ostrowskatv.pl\/?p=21065","title":{"rendered":"Wyci\u0105gn\u0105\u0142 n\u00f3\u017c, bo by\u0142 obywatelsko zatrzymywany?"},"content":{"rendered":"<p><strong>We wtorkowy wiecz\u00f3r w Przygodzicach dosz\u0142o do sytuacji, kt\u00f3ra spowodowa\u0142a interwencj\u0119 trzech patroli policji. Ze zg\u0142oszenia wynika\u0142o, \u017ce nietrze\u017awy m\u0119\u017cczyzna chce odjecha\u0107 samochodem. W trakcie obywatelskiego zatrzymywania mia\u0142 wyci\u0105gn\u0105\u0107 n\u00f3\u017c.<\/strong><\/p>\n<p>O godzinie 18 \u015bwiadek zauwa\u017cy\u0142 \u017ce pod jednym ze sklep\u00f3w w Przygodzicach, kolejny raz podjecha\u0142 m\u0119\u017cczyzna, kt\u00f3ry sprawia\u0142 wra\u017cenie \u017ce jest pod wp\u0142ywem alkoholu. Po zakupie kolejnej butelki w\u00f3dki podj\u0119to pr\u00f3b\u0119 obywatelskiego zatrzymania. W tym momencie m\u0119\u017cczyzna mia\u0142 wyci\u0105gn\u0105\u0107 n\u00f3\u017c. Ponownie zg\u0142oszono pod numer alarmowy o zmianie sytuacji.<\/p>\n<p>Dy\u017curny podj\u0105\u0142 decyzj\u0119 o wys\u0142aniu trzech patroli policji. Na miejsce policjanci nie potwierdzili obecno\u015bci no\u017ca. Zdaniem funkcjonariuszy nie by\u0142o r\u00f3wnie\u017c dowod\u00f3w, \u017ce m\u0119\u017cczyzna porusza\u0142 si\u0119 samochodem. Zosta\u0142 ukarany mandatem karnym za wszczynanie awantury. Nie zosta\u0142 zbadany na zawarto\u015b\u0107 alkoholu, ale zachowanie potwierdza\u0142o mo\u017cliwo\u015b\u0107 bycia pod wp\u0142ywem.<\/p>\n","protected":false},"excerpt":{"rendered":"We wtorkowy wiecz\u00f3r w Przygodzicach dosz\u0142o do sytuacji, kt\u00f3ra spowodowa\u0142a interwencj\u0119 trzech patroli policji. Ze zg\u0142oszenia wynika\u0142o, \u017ce nietrze\u017awy m\u0119\u017cczyzna chce odjecha\u0107 samochodem. \n<a class=\"moretag\" href=\"https:\/\/ostrowskatv.pl\/?p=21065\"> [...]<\/a>","protected":false},"author":1,"featured_media":1973,"comment_status":"open","ping_status":"closed","sticky":false,"template":"","format":"standard","meta":{"footnotes":""},"categories":[1],"tags":[27],"class_list":["post-21065","post","type-post","status-publish","format-standard","has-post-thumbnail","hentry","category-news","tag-przygodzice"],"_links":{"self":[{"href":"https:\/\/ostrowskatv.pl\/index.php?rest_route=\/wp\/v2\/posts\/21065","targetHints":{"allow":["GET"]}}],"collection":[{"href":"https:\/\/ostrowskatv.pl\/index.php?rest_route=\/wp\/v2\/posts"}],"about":[{"href":"https:\/\/ostrowskatv.pl\/index.php?rest_route=\/wp\/v2\/types\/post"}],"author":[{"embeddable":true,"href":"https:\/\/ostrowskatv.pl\/index.php?rest_route=\/wp\/v2\/users\/1"}],"replies":[{"embeddable":true,"href":"https:\/\/ostrowskatv.pl\/index.php?rest_route=%2Fwp%2Fv2%2Fcomments&post=21065"}],"version-history":[{"count":0,"href":"https:\/\/ostrowskatv.pl\/index.php?rest_route=\/wp\/v2\/posts\/21065\/revisions"}],"wp:featuredmedia":[{"embeddable":true,"href":"https:\/\/ostrowskatv.pl\/index.php?rest_route=\/wp\/v2\/media\/1973"}],"wp:attachment":[{"href":"https:\/\/ostrowskatv.pl\/index.php?rest_route=%2Fwp%2Fv2%2Fmedia&parent=21065"}],"wp:term":[{"taxonomy":"category","embeddable":true,"href":"https:\/\/ostrowskatv.pl\/index.php?rest_route=%2Fwp%2Fv2%2Fcategories&post=21065"},{"taxonomy":"post_tag","embeddable":true,"href":"https:\/\/ostrowskatv.pl\/index.php?rest_route=%2Fwp%2Fv2%2Ftags&post=21065"}],"curies":[{"name":"wp","href":"https:\/\/api.w.org\/{rel}","templated":true}]}}