{"id":21037,"date":"2022-08-30T19:20:01","date_gmt":"2022-08-30T18:20:01","guid":{"rendered":"https:\/\/ostrowskatv.pl\/?p=21037"},"modified":"2022-08-30T19:20:01","modified_gmt":"2022-08-30T18:20:01","slug":"dwie-mlode-rowerzystki-zderzyly-sie-na-sciezce","status":"publish","type":"post","link":"https:\/\/ostrowskatv.pl\/?p=21037","title":{"rendered":"Dwie m\u0142ode rowerzystki zderzy\u0142y si\u0119 na \u015bcie\u017cce"},"content":{"rendered":"<p><strong>Na \u015bcie\u017cce rowerowej przy ulicy Strzeleckiej w Ostrowie Wielkopolskim zderzy\u0142y si\u0119 dwie m\u0142ode rowerzystki. Obie wymaga\u0142y pomocy medycznej. <\/strong><\/p>\n<p>Jedna z poszkodowanych mia\u0142a mocno rozci\u0119t\u0105 warg\u0119 i le\u017ca\u0142a do czasu przyjazdu karetki pogotowia ratunkowego. Druga, kt\u00f3ra poczuwa\u0142a si\u0119 do winy za spowodowanie wypadku, siedzia\u0142a i r\u00f3wnie\u017c dozna\u0142a urazu na twarzy. <\/p>\n<p>Obie rowerzystki jecha\u0142y z przeciwnych kierunk\u00f3w. \u017badna z nich nie mia\u0142a kasku ochronnego. Pierwszej pomocy medycznej udzieli\u0142 m\u0119\u017cczyzna, kt\u00f3ry mia\u0142 przy sobie apteczk\u0119. Te, w odr\u00f3\u017cnieniu od ma\u0142ych i s\u0142abo skutecznych ga\u015bnic, nie s\u0105 obowi\u0105zkowym wyposa\u017ceniem auta.<\/p>\n<p><img loading=\"lazy\" decoding=\"async\" src=\"https:\/\/ostrowskatv.pl\/wp-content\/uploads\/2022\/08\/20220830_180738-01.jpeg\" alt=\"\" width=\"1366\" height=\"751\" class=\"alignnone size-full wp-image-21040\" srcset=\"https:\/\/ostrowskatv.pl\/wp-content\/uploads\/2022\/08\/20220830_180738-01.jpeg 1366w, https:\/\/ostrowskatv.pl\/wp-content\/uploads\/2022\/08\/20220830_180738-01-300x165.jpeg 300w, https:\/\/ostrowskatv.pl\/wp-content\/uploads\/2022\/08\/20220830_180738-01-640x352.jpeg 640w\" sizes=\"auto, (max-width: 1366px) 100vw, 1366px\" \/><\/p>\n<p><img loading=\"lazy\" decoding=\"async\" src=\"https:\/\/ostrowskatv.pl\/wp-content\/uploads\/2022\/08\/20220830_181036-01.jpeg\" alt=\"\" width=\"1366\" height=\"1057\" class=\"alignnone size-full wp-image-21041\" srcset=\"https:\/\/ostrowskatv.pl\/wp-content\/uploads\/2022\/08\/20220830_181036-01.jpeg 1366w, https:\/\/ostrowskatv.pl\/wp-content\/uploads\/2022\/08\/20220830_181036-01-300x232.jpeg 300w, https:\/\/ostrowskatv.pl\/wp-content\/uploads\/2022\/08\/20220830_181036-01-465x360.jpeg 465w\" sizes=\"auto, (max-width: 1366px) 100vw, 1366px\" \/><\/p>\n<p><img loading=\"lazy\" decoding=\"async\" src=\"https:\/\/ostrowskatv.pl\/wp-content\/uploads\/2022\/08\/20220830_181117-01.jpeg\" alt=\"\" width=\"1366\" height=\"737\" class=\"alignnone size-full wp-image-21042\" srcset=\"https:\/\/ostrowskatv.pl\/wp-content\/uploads\/2022\/08\/20220830_181117-01.jpeg 1366w, https:\/\/ostrowskatv.pl\/wp-content\/uploads\/2022\/08\/20220830_181117-01-300x162.jpeg 300w, https:\/\/ostrowskatv.pl\/wp-content\/uploads\/2022\/08\/20220830_181117-01-640x345.jpeg 640w\" sizes=\"auto, (max-width: 1366px) 100vw, 1366px\" \/><\/p>\n<p><img loading=\"lazy\" decoding=\"async\" src=\"https:\/\/ostrowskatv.pl\/wp-content\/uploads\/2022\/08\/20220830_181123-01.jpeg\" alt=\"\" width=\"1366\" height=\"817\" class=\"alignnone size-full wp-image-21043\" srcset=\"https:\/\/ostrowskatv.pl\/wp-content\/uploads\/2022\/08\/20220830_181123-01.jpeg 1366w, https:\/\/ostrowskatv.pl\/wp-content\/uploads\/2022\/08\/20220830_181123-01-300x179.jpeg 300w, https:\/\/ostrowskatv.pl\/wp-content\/uploads\/2022\/08\/20220830_181123-01-602x360.jpeg 602w\" sizes=\"auto, (max-width: 1366px) 100vw, 1366px\" \/><\/p>\n<p><img loading=\"lazy\" decoding=\"async\" src=\"https:\/\/ostrowskatv.pl\/wp-content\/uploads\/2022\/08\/20220830_181130-01.jpeg\" alt=\"\" width=\"1366\" height=\"1025\" class=\"alignnone size-full wp-image-21044\" srcset=\"https:\/\/ostrowskatv.pl\/wp-content\/uploads\/2022\/08\/20220830_181130-01.jpeg 1366w, https:\/\/ostrowskatv.pl\/wp-content\/uploads\/2022\/08\/20220830_181130-01-300x225.jpeg 300w, https:\/\/ostrowskatv.pl\/wp-content\/uploads\/2022\/08\/20220830_181130-01-480x360.jpeg 480w\" sizes=\"auto, (max-width: 1366px) 100vw, 1366px\" \/><\/p>\n","protected":false},"excerpt":{"rendered":"Na \u015bcie\u017cce rowerowej przy ulicy Strzeleckiej w Ostrowie Wielkopolskim zderzy\u0142y si\u0119 dwie m\u0142ode rowerzystki. Obie wymaga\u0142y pomocy medycznej. Jedna z poszkodowanych mia\u0142a mocno \n<a class=\"moretag\" href=\"https:\/\/ostrowskatv.pl\/?p=21037\"> [...]<\/a>","protected":false},"author":1,"featured_media":21041,"comment_status":"open","ping_status":"closed","sticky":false,"template":"","format":"standard","meta":{"footnotes":""},"categories":[1],"tags":[220],"class_list":["post-21037","post","type-post","status-publish","format-standard","has-post-thumbnail","hentry","category-news","tag-rower"],"_links":{"self":[{"href":"https:\/\/ostrowskatv.pl\/index.php?rest_route=\/wp\/v2\/posts\/21037","targetHints":{"allow":["GET"]}}],"collection":[{"href":"https:\/\/ostrowskatv.pl\/index.php?rest_route=\/wp\/v2\/posts"}],"about":[{"href":"https:\/\/ostrowskatv.pl\/index.php?rest_route=\/wp\/v2\/types\/post"}],"author":[{"embeddable":true,"href":"https:\/\/ostrowskatv.pl\/index.php?rest_route=\/wp\/v2\/users\/1"}],"replies":[{"embeddable":true,"href":"https:\/\/ostrowskatv.pl\/index.php?rest_route=%2Fwp%2Fv2%2Fcomments&post=21037"}],"version-history":[{"count":0,"href":"https:\/\/ostrowskatv.pl\/index.php?rest_route=\/wp\/v2\/posts\/21037\/revisions"}],"wp:featuredmedia":[{"embeddable":true,"href":"https:\/\/ostrowskatv.pl\/index.php?rest_route=\/wp\/v2\/media\/21041"}],"wp:attachment":[{"href":"https:\/\/ostrowskatv.pl\/index.php?rest_route=%2Fwp%2Fv2%2Fmedia&parent=21037"}],"wp:term":[{"taxonomy":"category","embeddable":true,"href":"https:\/\/ostrowskatv.pl\/index.php?rest_route=%2Fwp%2Fv2%2Fcategories&post=21037"},{"taxonomy":"post_tag","embeddable":true,"href":"https:\/\/ostrowskatv.pl\/index.php?rest_route=%2Fwp%2Fv2%2Ftags&post=21037"}],"curies":[{"name":"wp","href":"https:\/\/api.w.org\/{rel}","templated":true}]}}